{"id":6198,"date":"2023-01-11T22:09:25","date_gmt":"2023-01-12T01:09:25","guid":{"rendered":"http:\/\/metropoleemfoco.com.br\/?p=6198"},"modified":"2023-01-11T22:09:26","modified_gmt":"2023-01-12T01:09:26","slug":"secretario-da-educacao-de-sp-diz-que-nao-vai-mudar-o-processo-de-distribuicao-de-aulas-professores-estaduais-fazem-ato","status":"publish","type":"post","link":"http:\/\/metropoleemfoco.com.br\/?p=6198","title":{"rendered":"Secret\u00e1rio da Educa\u00e7\u00e3o de SP diz que n\u00e3o vai mudar o processo de distribui\u00e7\u00e3o de aulas; professores estaduais fazem ato"},"content":{"rendered":"\n<h2 class=\"wp-block-heading\" style=\"font-size:16px\">Secret\u00e1rio afirmou em entrevista ao Bom Dia SP que o estado quer priorizar professores &#8216;que querem se dedicar mais a n\u00f3s [governo]&#8217;.<\/h2>\n\n\n\n<hr class=\"wp-block-separator has-alpha-channel-opacity\"\/>\n\n\n\n<figure class=\"wp-block-image\"><img decoding=\"async\" src=\"https:\/\/s2.glbimg.com\/ebzQzkt2AvnGxbP9okIZYhYDcP8=\/0x0:1911x846\/984x0\/smart\/filters:strip_icc()\/i.s3.glbimg.com\/v1\/AUTH_59edd422c0c84a879bd37670ae4f538a\/internal_photos\/bs\/2023\/S\/G\/PlpEpDQWyPmrJQPs67Cg\/globo-canal-5-15-frame-97121.jpeg\" alt=\"Professores realizam mais um protestos contra atribui\u00e7\u00e3o de aulas do estado.  \u2014 Foto: Reprodu\u00e7\u00e3o\/ TV Globo\"\/><\/figure>\n\n\n\n<p class=\"has-small-font-size\">Professores realizam mais um protestos contra atribui\u00e7\u00e3o de aulas do estado. \u2014 Foto: Reprodu\u00e7\u00e3o\/ TV Globo<\/p>\n\n\n\n<p class=\"has-small-font-size\">O secret\u00e1rio da Educa\u00e7\u00e3o Estadual de&nbsp;<a href=\"https:\/\/g1.globo.com\/sp\/sao-paulo\/cidade\/sao-paulo\/\">S\u00e3o Paulo<\/a>, Renato Feder, afirmou nesta quarta-feira (11) em entrevista ao<strong>&nbsp;Bom Dia SP&nbsp;<\/strong>que o estado n\u00e3o ir\u00e1 mudar o processo de atribui\u00e7\u00e3o de aulas para o ano letivo de 2023.<\/p>\n\n\n\n<p class=\"has-small-font-size\">Professores da rede estadual realizaram um novo protesto na Pra\u00e7a da Rep\u00fablica, em frente ao pr\u00e9dio da Secretaria Estadual da Educa\u00e7\u00e3o. Mais uma vez os professores pediram que a atribui\u00e7\u00e3o de aulas seja presencial, justa e transparente, e, tamb\u00e9m, o cancelamento do processo que j\u00e1 foi realizado.<\/p>\n\n\n\n<p class=\"has-small-font-size\">Feder afirmou que&nbsp;&#8220;quer priorizar n\u00e3o o professor que est\u00e1 h\u00e1 mais tempo com a gente, n\u00e9, mas sim aquele professor que quer se dedicar mais a n\u00f3s&#8221;.<\/p>\n\n\n\n<blockquote class=\"wp-block-quote is-layout-flow wp-block-quote-is-layout-flow\">\n<p>&#8220;Ent\u00e3o se tem dois professores e um fala assim: olha, eu quero s\u00f3 dar quatro aulas por semana e o outro fala: eu quero dar 40 aulas por semana, quem vai escolher aula primeiro? Ent\u00e3o aquele que fala, n\u00e3o, eu vou me dedicar integralmente ao estado, ele pode escolher primeiro&#8221;, afirmou.<\/p>\n<\/blockquote>\n\n\n\n<p class=\"has-small-font-size\">Os professores se sentem prejudicados pela forma como o sistema do governo classifica a distribui\u00e7\u00e3o de aulas em que eles podem se candidatar. At\u00e9 novembro de 2022,&nbsp;a atribui\u00e7\u00e3o era feita conforme o tempo que cada professor tem de atua\u00e7\u00e3o na rede estadual, ou seja quem d\u00e1 aulas h\u00e1 mais tempo tem uma classifica\u00e7\u00e3o melhor no sistema para escolha das turmas.<\/p>\n\n\n\n<p class=\"has-small-font-size\">Com a nova resolu\u00e7\u00e3o, o governo deixou de distribuir a atribui\u00e7\u00e3o por tempo de profiss\u00e3o e passou a classificar os professores dando prioridade a quem escolhe uma carga hor\u00e1ria maior. Ou seja, os professores t\u00eam a op\u00e7\u00e3o de escolher entre as cargas hor\u00e1rias de 40 aulas, 32 aulas, 24 aulas ou 19 aulas e a prioridade para a escolha na disciplina passa a ser daqueles com mais carga hor\u00e1ria.<\/p>\n\n\n\n<p class=\"has-small-font-size\">Os manifestantes pedem:<\/p>\n\n\n\n<ul class=\"wp-block-list\">\n<li>Anula\u00e7\u00e3o do processo de atribui\u00e7\u00e3o de aulas j\u00e1 realizado;<\/li>\n\n\n\n<li>Retirada da jornada de trabalho como fator de prioridade para a atribui\u00e7\u00e3o de aulas;<\/li>\n\n\n\n<li>Corre\u00e7\u00e3o de todos os erros e problemas;<\/li>\n\n\n\n<li>Realiza\u00e7\u00e3o de novo processo, presencial, em datas a serem fixadas no final do m\u00eas de janeiro.<\/li>\n<\/ul>\n\n\n\n<p class=\"has-small-font-size\">O secret\u00e1rio disse ainda que os b\u00f4nus pagos para os professores n\u00e3o devem mudar e, que, o governo do estado pretende valorizar os profissionais, oferecendo apoio em sala de aula, apoio psicol\u00f3gico e maiores sal\u00e1rios.<\/p>\n\n\n\n<h2 class=\"wp-block-heading\" style=\"font-size:16px\">Ato na semana passada<\/h2>\n\n\n\n<p><video muted=\"\" preload=\"none\" poster=\"https:\/\/s03.video.glbimg.com\/x720\/11253430.jpg\">Reproduzir<\/p>\n\n\n\n<p class=\"has-small-font-size\">Professores da rede estadual protestam contra mudan\u00e7a em crit\u00e9rio de distribui\u00e7\u00e3o de aulas<\/p>\n\n\n\n<p class=\"has-small-font-size\">Esse \u00e9 a<a href=\"https:\/\/g1.globo.com\/sp\/sao-paulo\/noticia\/2023\/01\/04\/professores-estaduais-fazem-ato-no-centro-de-sp-para-pedir-ao-governo-anulacao-do-processo-de-distribuicao-de-aulas.ghtml\">&nbsp;segunda manifesta\u00e7\u00e3o de professores, pelo mesmo motivo, que acontece neste m\u00eas<\/a>. No dia 4 de janeiro, um grupo se reuniu em frente \u00e0 sede da Secretaria Estadual.<\/p>\n\n\n\n<p class=\"has-small-font-size\">Os professores tamb\u00e9m reivindicam uma reuni\u00e3o&nbsp;<a href=\"https:\/\/g1.globo.com\/sp\/sao-paulo\/noticia\/2022\/11\/29\/feder-indicado-para-educacao-em-sp-foi-alvo-de-protestos-por-sala-de-aula-sem-professor-e-implementou-207-escolas-civico-militares-no-pr.ghtml\">com urg\u00eancia com Renato Feder, novo secret\u00e1rio da Educa\u00e7\u00e3o do estado.<\/a><\/p>\n\n\n\n<p class=\"has-small-font-size\">&#8220;Esse tipo de pol\u00edtica vai na contram\u00e3o daquela que estimularia os professores a se fixarem nas escolas. Pelo contr\u00e1rio, os professores que s\u00e3o fixos nas escolas est\u00e3o sendo deslocados. Ou seja, ela pune as pessoas que trabalham h\u00e1 muito tempo. \u00c9 uma pol\u00edtica que faz o contr\u00e1rio do que deveria fazer, que \u00e9 ter equipes escolares bem consolidadas para que a gente possa ter uma escola melhor, um ensino de qualidade melhor&#8221;, afirma Fernando C\u00e1ssio, professor de pol\u00edticas educacionais da UFABC.<\/p>\n\n\n\n<p class=\"has-small-font-size\">A Secretaria Estadual de Educa\u00e7\u00e3o disse que, &#8220;t\u00e3o logo seja formalizada a solicita\u00e7\u00e3o, a Pasta est\u00e1 \u00e0 disposi\u00e7\u00e3o para discutir a pauta apresentada&#8221;.<\/p>\n\n\n\n<p class=\"has-small-font-size\">Sobre a atribui\u00e7\u00e3o de aulas, informou que o &#8220;processo acontece de forma transparente, via Secretaria Escolar Digital. A quest\u00e3o das 32 aulas n\u00e3o \u00e9 obrigat\u00f3ria, \u00e9 apenas um dos itens para a atribui\u00e7\u00e3o, cujos crit\u00e9rios foram publicados em Di\u00e1rio Oficial e na Lei Complementar 1.374 de mar\u00e7o\/2022. Os docentes podem atribuir em diferentes faixas, que v\u00e3o de 25 horas semanais a 40 horas&#8221;.<\/p>\n\n\n\n<p class=\"has-small-font-size\">As inscri\u00e7\u00f5es de professores na atribui\u00e7\u00e3o encerraram no \u00faltimo dia 30, sendo que o processo de aloca\u00e7\u00e3o das aulas deve ser finalizado na segunda quinzena de janeiro.<\/p>\n\n\n\n<p class=\"has-small-font-size\">Fonte: G1<\/p>\n","protected":false},"excerpt":{"rendered":"<p>Secret\u00e1rio afirmou em entrevista ao Bom Dia SP que o estado quer priorizar professores &#8216;que querem se dedicar mais a<\/p>\n","protected":false},"author":1,"featured_media":6206,"comment_status":"open","ping_status":"open","sticky":false,"template":"","format":"standard","meta":{"colormag_page_container_layout":"default_layout","colormag_page_sidebar_layout":"default_layout","footnotes":""},"categories":[1],"tags":[],"class_list":["post-6198","post","type-post","status-publish","format-standard","has-post-thumbnail","hentry","category-geral"],"_links":{"self":[{"href":"http:\/\/metropoleemfoco.com.br\/index.php?rest_route=\/wp\/v2\/posts\/6198","targetHints":{"allow":["GET"]}}],"collection":[{"href":"http:\/\/metropoleemfoco.com.br\/index.php?rest_route=\/wp\/v2\/posts"}],"about":[{"href":"http:\/\/metropoleemfoco.com.br\/index.php?rest_route=\/wp\/v2\/types\/post"}],"author":[{"embeddable":true,"href":"http:\/\/metropoleemfoco.com.br\/index.php?rest_route=\/wp\/v2\/users\/1"}],"replies":[{"embeddable":true,"href":"http:\/\/metropoleemfoco.com.br\/index.php?rest_route=%2Fwp%2Fv2%2Fcomments&post=6198"}],"version-history":[{"count":1,"href":"http:\/\/metropoleemfoco.com.br\/index.php?rest_route=\/wp\/v2\/posts\/6198\/revisions"}],"predecessor-version":[{"id":6207,"href":"http:\/\/metropoleemfoco.com.br\/index.php?rest_route=\/wp\/v2\/posts\/6198\/revisions\/6207"}],"wp:featuredmedia":[{"embeddable":true,"href":"http:\/\/metropoleemfoco.com.br\/index.php?rest_route=\/wp\/v2\/media\/6206"}],"wp:attachment":[{"href":"http:\/\/metropoleemfoco.com.br\/index.php?rest_route=%2Fwp%2Fv2%2Fmedia&parent=6198"}],"wp:term":[{"taxonomy":"category","embeddable":true,"href":"http:\/\/metropoleemfoco.com.br\/index.php?rest_route=%2Fwp%2Fv2%2Fcategories&post=6198"},{"taxonomy":"post_tag","embeddable":true,"href":"http:\/\/metropoleemfoco.com.br\/index.php?rest_route=%2Fwp%2Fv2%2Ftags&post=6198"}],"curies":[{"name":"wp","href":"https:\/\/api.w.org\/{rel}","templated":true}]}}