{"id":4881,"date":"2022-08-17T13:22:47","date_gmt":"2022-08-17T16:22:47","guid":{"rendered":"http:\/\/metropoleemfoco.com.br\/?p=4881"},"modified":"2022-08-17T13:22:50","modified_gmt":"2022-08-17T16:22:50","slug":"jornalista-e-baleado-no-rosto-durante-assalto-na-zona-oeste-de-sp-video-mostra-acao-dos-bandidos","status":"publish","type":"post","link":"http:\/\/metropoleemfoco.com.br\/?p=4881","title":{"rendered":"Jornalista \u00e9 baleado no rosto durante assalto na Zona Oeste de SP; v\u00eddeo mostra a\u00e7\u00e3o dos bandidos"},"content":{"rendered":"\n<h2 class=\"wp-block-heading\" style=\"font-size:16px\">Egberto Caliani foi socorrido e est\u00e1 internado em estado grave na Unidade de Terapia Intensiva (UTI). Familiares da v\u00edtima informaram que bala est\u00e1 alojada na cabe\u00e7a.<\/h2>\n\n\n\n<hr class=\"wp-block-separator has-alpha-channel-opacity\"\/>\n\n\n\n<p><video muted=\"\" preload=\"none\" poster=\"https:\/\/s04.video.glbimg.com\/x720\/10852087.jpg\"><\/p>\n\n\n\n<p class=\"has-small-font-size\">C\u00e2mera de seguran\u00e7a flagra momento que homem \u00e9 baleado na zona oeste de S\u00e3o Paulo<\/p>\n\n\n\n<p class=\"has-small-font-size\">Um jornalista foi baleado no rosto durante assalto na regi\u00e3o do Rio Pequeno, Zona Oeste de&nbsp;<a href=\"https:\/\/g1.globo.com\/sp\/sao-paulo\/cidade\/sao-paulo\/\">S\u00e3o Paulo<\/a>, no \u00faltimo domingo (14). Egberto Caliani foi socorrido e est\u00e1 internado na Unidade de Terapia Intensiva do Hospital Universit\u00e1rio da&nbsp;<a href=\"https:\/\/g1.globo.com\/educacao\/universidade\/usp\/\">USP<\/a>.<\/p>\n\n\n\n<p class=\"has-small-font-size\">C\u00e2meras de seguran\u00e7a registraram o momento em que a v\u00edtima estava estacionando o carro na rua Padre Paulo Canelles, por volta das 19h, quando dois homens em uma moto se aproximaram\u00a0<strong><em>(veja acima)<\/em><\/strong>.<\/p>\n\n\n\n<p class=\"has-small-font-size\">O bandido que estava na garupa desce, coloca parte do corpo dentro do ve\u00edculo e atira. Em seguida, a dupla foge. O ve\u00edculo da v\u00edtima acelera e bate de frente com um poste.<\/p>\n\n\n\n<figure class=\"wp-block-image\"><img decoding=\"async\" src=\"https:\/\/s2.glbimg.com\/DCk0DXGw-PYW3HC-7052yIfVjrI=\/12x4:1021x584\/984x0\/smart\/filters:strip_icc()\/i.s3.glbimg.com\/v1\/AUTH_59edd422c0c84a879bd37670ae4f538a\/internal_photos\/bs\/2022\/8\/B\/LnI0XZSJqgGnuBL2npEQ\/1660655567829974.jpg\" alt=\"Jornalista \u00e9 baleado durante assalto na Zona Oeste de S\u00e3o Paulo \u2014 Foto: Reprodu\u00e7\u00e3o\/TV Globo\"\/><\/figure>\n\n\n\n<p class=\"has-small-font-size\">Jornalista \u00e9 baleado durante assalto na Zona Oeste de S\u00e3o Paulo \u2014 Foto: Reprodu\u00e7\u00e3o\/TV Globo<\/p>\n\n\n\n<p class=\"has-small-font-size\">Testemunhas informaram que os criminosos roubaram o celular do jornalista, Havia outra pessoa no ve\u00edculo, mas ela n\u00e3o se feriu.<\/p>\n\n\n\n<p class=\"has-small-font-size\">Egberto trabalhou oito anos como rep\u00f3rter em S\u00e3o Jos\u00e9 do Rio Preto, interior paulista, e h\u00e1 um ano trabalha como professor na capital.&nbsp;A fam\u00edlia informou que a bala atingiu o rosto dele e est\u00e1 alojada na cabe\u00e7a.<\/p>\n\n\n\n<p class=\"has-small-font-size\">O caso foi registrado como tentativa de latroc\u00ednio. Nenhum suspeito foi preso.<\/p>\n\n\n\n<p class=\"has-small-font-size\">Fonte: G1<\/p>\n","protected":false},"excerpt":{"rendered":"<p>Egberto Caliani foi socorrido e est\u00e1 internado em estado grave na Unidade de Terapia Intensiva (UTI). Familiares da v\u00edtima informaram<\/p>\n","protected":false},"author":1,"featured_media":4893,"comment_status":"open","ping_status":"open","sticky":false,"template":"","format":"standard","meta":{"colormag_page_container_layout":"default_layout","colormag_page_sidebar_layout":"default_layout","footnotes":""},"categories":[3],"tags":[],"class_list":["post-4881","post","type-post","status-publish","format-standard","has-post-thumbnail","hentry","category-seu-bairro"],"_links":{"self":[{"href":"http:\/\/metropoleemfoco.com.br\/index.php?rest_route=\/wp\/v2\/posts\/4881","targetHints":{"allow":["GET"]}}],"collection":[{"href":"http:\/\/metropoleemfoco.com.br\/index.php?rest_route=\/wp\/v2\/posts"}],"about":[{"href":"http:\/\/metropoleemfoco.com.br\/index.php?rest_route=\/wp\/v2\/types\/post"}],"author":[{"embeddable":true,"href":"http:\/\/metropoleemfoco.com.br\/index.php?rest_route=\/wp\/v2\/users\/1"}],"replies":[{"embeddable":true,"href":"http:\/\/metropoleemfoco.com.br\/index.php?rest_route=%2Fwp%2Fv2%2Fcomments&post=4881"}],"version-history":[{"count":1,"href":"http:\/\/metropoleemfoco.com.br\/index.php?rest_route=\/wp\/v2\/posts\/4881\/revisions"}],"predecessor-version":[{"id":4894,"href":"http:\/\/metropoleemfoco.com.br\/index.php?rest_route=\/wp\/v2\/posts\/4881\/revisions\/4894"}],"wp:featuredmedia":[{"embeddable":true,"href":"http:\/\/metropoleemfoco.com.br\/index.php?rest_route=\/wp\/v2\/media\/4893"}],"wp:attachment":[{"href":"http:\/\/metropoleemfoco.com.br\/index.php?rest_route=%2Fwp%2Fv2%2Fmedia&parent=4881"}],"wp:term":[{"taxonomy":"category","embeddable":true,"href":"http:\/\/metropoleemfoco.com.br\/index.php?rest_route=%2Fwp%2Fv2%2Fcategories&post=4881"},{"taxonomy":"post_tag","embeddable":true,"href":"http:\/\/metropoleemfoco.com.br\/index.php?rest_route=%2Fwp%2Fv2%2Ftags&post=4881"}],"curies":[{"name":"wp","href":"https:\/\/api.w.org\/{rel}","templated":true}]}}