{"id":4854,"date":"2022-08-16T11:42:22","date_gmt":"2022-08-16T14:42:22","guid":{"rendered":"http:\/\/metropoleemfoco.com.br\/?p=4854"},"modified":"2022-08-16T11:42:24","modified_gmt":"2022-08-16T14:42:24","slug":"hospital-a-c-camargo-referencia-no-tratamento-de-cancer-em-sp-deixara-de-atender-pacientes-do-sus-a-partir-de-dezembro","status":"publish","type":"post","link":"http:\/\/metropoleemfoco.com.br\/?p=4854","title":{"rendered":"Hospital A.C Camargo, refer\u00eancia no tratamento de c\u00e2ncer em SP, deixar\u00e1 de atender pacientes do SUS a partir de dezembro"},"content":{"rendered":"\n<h2 class=\"wp-block-heading\" style=\"font-size:16px\">Hospital disse que medida faz parte de um plano de readequa\u00e7\u00e3o em raz\u00e3o da defasagem da tabela SUS, &#8220;que amea\u00e7a diretamente a exist\u00eancia da Institui\u00e7\u00e3o.&#8221; Prefeitura afirma que pacientes ser\u00e3o atendidos pelos demais centros municipais.<\/h2>\n\n\n\n<hr class=\"wp-block-separator has-alpha-channel-opacity\"\/>\n\n\n\n<figure class=\"wp-block-image\"><img decoding=\"async\" src=\"https:\/\/s2.glbimg.com\/EXVLt5IvbEh4qOjW-T1j9erTbU4=\/0x0:1280x853\/984x0\/smart\/filters:strip_icc()\/i.s3.glbimg.com\/v1\/AUTH_59edd422c0c84a879bd37670ae4f538a\/internal_photos\/bs\/2020\/k\/O\/We6WcKQBmwmMPGcaBKpA\/fachada-ac-camargo-cancer-center.jpeg\" alt=\"O Hospital A.C. Camargo, especializado no tratamento do c\u00e2ncer em S\u00e3o Paulo. \u2014 Foto: Divulga\u00e7\u00e3o\"\/><\/figure>\n\n\n\n<p class=\"has-small-font-size\">O Hospital A.C. Camargo, especializado no tratamento do c\u00e2ncer em S\u00e3o Paulo. \u2014 Foto: Divulga\u00e7\u00e3o<\/p>\n\n\n\n<p class=\"has-small-font-size\">O Hospital AC Camargo, refer\u00eancia no tratamento do c\u00e2ncer em S\u00e3o Paulo, deixar\u00e1 de atender pacientes do SUS a partir de dezembro deste ano.<\/p>\n\n\n\n<p class=\"has-small-font-size\">A Institui\u00e7\u00e3o decidiu n\u00e3o renovar o contrato com a prefeitura. Fundado em 1953, o hospital \u00e9 mantido pela Funda\u00e7\u00e3o Ant\u00f4nio Prudente e recebe pacientes da rede particular e p\u00fablica.<\/p>\n\n\n\n<p class=\"has-small-font-size\">Em nota, a secretaria municipal da Sa\u00fade afirma que foi informada pela Funda\u00e7\u00e3o sobre a inten\u00e7\u00e3o de interromper o conv\u00eanio a partir de 9 de dezembro.<\/p>\n\n\n\n<p class=\"has-small-font-size\">A pasta alega tem realizado reuni\u00f5es com a institui\u00e7\u00e3o a fim de avaliar a possibilidade da continuidade da assist\u00eancia \u00e0 popula\u00e7\u00e3o.<\/p>\n\n\n\n<p class=\"has-small-font-size\">A secretaria da Sa\u00fade ainda afirma, entretanto, que assist\u00eancia em oncologia aos pacientes da rede municipal seguir\u00e1 por meio dos demais prestadores municipais do servi\u00e7o na especialidade, como o Hospital Municipal (HM) Dr. Gilson de C\u00e1ssia Marques Carvalho \u2013 Vila Santa Catarina, al\u00e9m de unidades reguladas por meio da Central de Regula\u00e7\u00e3o de Oferta de Servi\u00e7os em Sa\u00fade (Cross), do Governo do Estado, em raz\u00e3o da complexidade da especialidade e diretrizes do Sistema \u00danico de Sa\u00fade (SUS).<\/p>\n\n\n\n<h2 class=\"wp-block-heading\" style=\"font-size:16px\">Readequa\u00e7\u00e3o e defasagem da tabela SUS<\/h2>\n\n\n\n<p class=\"has-small-font-size\">Tamb\u00e9m por meio de nota, o Hospital A.C Camargo confirmou o encerramento do conv\u00eanio com a gest\u00e3o municipal.<\/p>\n\n\n\n<p class=\"has-small-font-size\">A medida faz parte de&nbsp;um plano de readequa\u00e7\u00e3o em raz\u00e3o da defasagem da tabela SUS, &#8220;que amea\u00e7a diretamente a exist\u00eancia da Institui\u00e7\u00e3o.&#8221;<\/p>\n\n\n\n<p class=\"has-small-font-size\">O A.C Camargo afirma ainda que planeja expandir a atua\u00e7\u00e3o no setor p\u00fablico para al\u00e9m do munic\u00edpio de S\u00e3o Paulo, por meio de parcerias p\u00fablico-privadas em a\u00e7\u00f5es de preven\u00e7\u00e3o, diagn\u00f3stico, tratamento e reabilita\u00e7\u00e3o, al\u00e9m de capacita\u00e7\u00e3o de profissionais da aten\u00e7\u00e3o prim\u00e1ria e de hospitais para o atendimento do c\u00e2ncer.<\/p>\n\n\n\n<p class=\"has-small-font-size\">&#8220;Para que essa movimenta\u00e7\u00e3o seja poss\u00edvel, o atual conv\u00eanio com a Prefeitura Municipal de S\u00e3o Paulo para atendimento aos pacientes do SUS n\u00e3o ser\u00e1 renovado.&#8221;<\/p>\n\n\n\n<p class=\"has-small-font-size\">O A.C.Camargo diz ainda a grande maioria dos pacientes que contavam com o atendimento na unidade j\u00e1 finalizou seu tratamento oncol\u00f3gico e est\u00e1 em fase de acompanhamento cl\u00ednico, e que realiza um trabalho de transi\u00e7\u00e3o com a prefeitura.<\/p>\n\n\n\n<p class=\"has-small-font-size\">&#8220;O A.C.Camargo garante a an\u00e1lise individualizada para cada paciente junto \u00e0 Secretaria Municipal de Sa\u00fade de S\u00e3o Paulo, construindo um plano de transi\u00e7\u00e3o que minimize os poss\u00edveis impactos.&#8221;<\/p>\n\n\n\n<p class=\"has-small-font-size\">Fonte: G1<\/p>\n","protected":false},"excerpt":{"rendered":"<p>Hospital disse que medida faz parte de um plano de readequa\u00e7\u00e3o em raz\u00e3o da defasagem da tabela SUS, &#8220;que amea\u00e7a<\/p>\n","protected":false},"author":1,"featured_media":4864,"comment_status":"open","ping_status":"open","sticky":false,"template":"","format":"standard","meta":{"colormag_page_container_layout":"default_layout","colormag_page_sidebar_layout":"default_layout","footnotes":""},"categories":[9],"tags":[],"class_list":["post-4854","post","type-post","status-publish","format-standard","has-post-thumbnail","hentry","category-saude"],"_links":{"self":[{"href":"http:\/\/metropoleemfoco.com.br\/index.php?rest_route=\/wp\/v2\/posts\/4854","targetHints":{"allow":["GET"]}}],"collection":[{"href":"http:\/\/metropoleemfoco.com.br\/index.php?rest_route=\/wp\/v2\/posts"}],"about":[{"href":"http:\/\/metropoleemfoco.com.br\/index.php?rest_route=\/wp\/v2\/types\/post"}],"author":[{"embeddable":true,"href":"http:\/\/metropoleemfoco.com.br\/index.php?rest_route=\/wp\/v2\/users\/1"}],"replies":[{"embeddable":true,"href":"http:\/\/metropoleemfoco.com.br\/index.php?rest_route=%2Fwp%2Fv2%2Fcomments&post=4854"}],"version-history":[{"count":1,"href":"http:\/\/metropoleemfoco.com.br\/index.php?rest_route=\/wp\/v2\/posts\/4854\/revisions"}],"predecessor-version":[{"id":4865,"href":"http:\/\/metropoleemfoco.com.br\/index.php?rest_route=\/wp\/v2\/posts\/4854\/revisions\/4865"}],"wp:featuredmedia":[{"embeddable":true,"href":"http:\/\/metropoleemfoco.com.br\/index.php?rest_route=\/wp\/v2\/media\/4864"}],"wp:attachment":[{"href":"http:\/\/metropoleemfoco.com.br\/index.php?rest_route=%2Fwp%2Fv2%2Fmedia&parent=4854"}],"wp:term":[{"taxonomy":"category","embeddable":true,"href":"http:\/\/metropoleemfoco.com.br\/index.php?rest_route=%2Fwp%2Fv2%2Fcategories&post=4854"},{"taxonomy":"post_tag","embeddable":true,"href":"http:\/\/metropoleemfoco.com.br\/index.php?rest_route=%2Fwp%2Fv2%2Ftags&post=4854"}],"curies":[{"name":"wp","href":"https:\/\/api.w.org\/{rel}","templated":true}]}}