{"id":4753,"date":"2022-08-10T12:10:11","date_gmt":"2022-08-10T15:10:11","guid":{"rendered":"http:\/\/metropoleemfoco.com.br\/?p=4753"},"modified":"2022-08-10T12:10:13","modified_gmt":"2022-08-10T15:10:13","slug":"escalacao-do-sao-paulo-rafinha-desfalca-o-time-contra-o-ceara","status":"publish","type":"post","link":"http:\/\/metropoleemfoco.com.br\/?p=4753","title":{"rendered":"Escala\u00e7\u00e3o do S\u00e3o Paulo: Rafinha desfalca o time contra o Cear\u00e1"},"content":{"rendered":"\n<h2 class=\"wp-block-heading\">Ala foi diagnosticado com um pequeno estiramento e sequer viaja para Fortaleza<\/h2>\n\n\n\n<hr class=\"wp-block-separator has-alpha-channel-opacity\"\/>\n\n\n\n<p>O&nbsp;<a href=\"https:\/\/globoesporte.globo.com\/futebol\/times\/sao-paulo\/\">S\u00e3o Paulo<\/a>&nbsp;ter\u00e1 o desfalque do lateral-direito&nbsp;<a href=\"http:\/\/globoesporte.globo.com\/atleta\/rafinha.html\">Rafinha<\/a>&nbsp;no decisivo jogo desta quarta-feira, \u00e0s 19h15 (de Bras\u00edlia), contra o Cear\u00e1, no Castel\u00e3o, pelas quartas de final da&nbsp;<a href=\"https:\/\/ge.globo.com\/futebol\/copa-sul-americana\/\">Copa Sul-Americana<\/a>.<\/p>\n\n\n\n<p>O experiente ala de 36 anos teve diagnosticado um pequeno estiramento na regi\u00e3o posterior da coxa direita e est\u00e1 fora da partida<\/p>\n\n\n\n<p>O jogador ser\u00e1 reavaliado antes do duelo de domingo, \u00e0s 16h, contra o Red Bull Bragantino, pela 22\u00aa rodada do Brasileir\u00e3o.<\/p>\n\n\n\n<figure class=\"wp-block-image\"><img decoding=\"async\" src=\"https:\/\/s2.glbimg.com\/9_rMHNi9j1OZSletBfKkRNthMxY=\/0x0:1440x1800\/984x0\/smart\/filters:strip_icc()\/i.s3.glbimg.com\/v1\/AUTH_bc8228b6673f488aa253bbcb03c80ec5\/internal_photos\/bs\/2022\/b\/S\/fX7zHEQPK9ydtwyAixMw\/rafinha-sao-paulo.jpg\" alt=\"Rafinha em treino do S\u00e3o Paulo \u2014 Foto: S\u00e3o Paulo FC\"\/><\/figure>\n\n\n\n<p>Rafinha em treino do S\u00e3o Paulo \u2014 Foto: S\u00e3o Paulo FC<\/p>\n\n\n\n<p>No treino desta ter\u00e7a-feira, o t\u00e9cnico Rog\u00e9rio Ceni promoveu uma atividade t\u00e9cnica e depois comandou um coletivo de 11 contra 11.<\/p>\n\n\n\n<p>O elenco ainda treinou bolas paradas e finaliza\u00e7\u00f5es antes de embarcar para Fortaleza. O voo s\u00e3o-paulino, fretado pelo clube, est\u00e1 marcado para a tarde desta ter\u00e7a-feira.<\/p>\n\n\n\n<p>Um poss\u00edvel&nbsp;<a href=\"https:\/\/globoesporte.globo.com\/futebol\/times\/sao-paulo\/\">S\u00e3o Paulo<\/a>&nbsp;para o duelo desta quarta tem:&nbsp;Felipe Alves; Diego Costa, Miranda e L\u00e9o; Igor Vinicius, Gabriel Neves, Igor Gomes (Galoppo), Rodrigo Nestor e Reinaldo (Welington); Luciano e Calleri.<\/p>\n\n\n\n<figure class=\"wp-block-image\"><img decoding=\"async\" src=\"https:\/\/s2.glbimg.com\/o4gsO3H4UGvFRQwr-RjOxTiNp94=\/0x0:1638x2048\/984x0\/smart\/filters:strip_icc()\/i.s3.glbimg.com\/v1\/AUTH_bc8228b6673f488aa253bbcb03c80ec5\/internal_photos\/bs\/2022\/a\/U\/Z2dPNoQW6oyEmi1f7ArQ\/galoppo.jpg\" alt=\"Galoppo durante treino do S\u00e3o Paulo \u2014 Foto: Divulga\u00e7\u00e3o\"\/><\/figure>\n\n\n\n<p>Galoppo durante treino do S\u00e3o Paulo \u2014 Foto: Divulga\u00e7\u00e3o<\/p>\n\n\n\n<p>Depois de vencer&nbsp;<a href=\"https:\/\/ge.globo.com\/sp\/futebol\/copa-sul-americana\/jogo\/03-08-2022\/sao-paulo-ceara.ghtml\">o duelo de ida por 1 a 0<\/a>, o&nbsp;<a href=\"https:\/\/globoesporte.globo.com\/futebol\/times\/sao-paulo\/\">S\u00e3o Paulo<\/a>&nbsp;joga por um empate para avan\u00e7ar \u00e0 semifinal.<\/p>\n\n\n\n<p>Quem passar do confronto brasileiro encara Atl\u00e9tico-GO ou Nacional, do Uruguai, na pr\u00f3xima etapa da Sul-Americana.<\/p>\n\n\n\n<p>Fonte: Ge<\/p>\n","protected":false},"excerpt":{"rendered":"<p>Ala foi diagnosticado com um pequeno estiramento e sequer viaja para Fortaleza O&nbsp;S\u00e3o Paulo&nbsp;ter\u00e1 o desfalque do lateral-direito&nbsp;Rafinha&nbsp;no decisivo jogo<\/p>\n","protected":false},"author":1,"featured_media":4761,"comment_status":"open","ping_status":"open","sticky":false,"template":"","format":"standard","meta":{"colormag_page_container_layout":"default_layout","colormag_page_sidebar_layout":"default_layout","footnotes":""},"categories":[1],"tags":[],"class_list":["post-4753","post","type-post","status-publish","format-standard","has-post-thumbnail","hentry","category-geral"],"_links":{"self":[{"href":"http:\/\/metropoleemfoco.com.br\/index.php?rest_route=\/wp\/v2\/posts\/4753","targetHints":{"allow":["GET"]}}],"collection":[{"href":"http:\/\/metropoleemfoco.com.br\/index.php?rest_route=\/wp\/v2\/posts"}],"about":[{"href":"http:\/\/metropoleemfoco.com.br\/index.php?rest_route=\/wp\/v2\/types\/post"}],"author":[{"embeddable":true,"href":"http:\/\/metropoleemfoco.com.br\/index.php?rest_route=\/wp\/v2\/users\/1"}],"replies":[{"embeddable":true,"href":"http:\/\/metropoleemfoco.com.br\/index.php?rest_route=%2Fwp%2Fv2%2Fcomments&post=4753"}],"version-history":[{"count":1,"href":"http:\/\/metropoleemfoco.com.br\/index.php?rest_route=\/wp\/v2\/posts\/4753\/revisions"}],"predecessor-version":[{"id":4762,"href":"http:\/\/metropoleemfoco.com.br\/index.php?rest_route=\/wp\/v2\/posts\/4753\/revisions\/4762"}],"wp:featuredmedia":[{"embeddable":true,"href":"http:\/\/metropoleemfoco.com.br\/index.php?rest_route=\/wp\/v2\/media\/4761"}],"wp:attachment":[{"href":"http:\/\/metropoleemfoco.com.br\/index.php?rest_route=%2Fwp%2Fv2%2Fmedia&parent=4753"}],"wp:term":[{"taxonomy":"category","embeddable":true,"href":"http:\/\/metropoleemfoco.com.br\/index.php?rest_route=%2Fwp%2Fv2%2Fcategories&post=4753"},{"taxonomy":"post_tag","embeddable":true,"href":"http:\/\/metropoleemfoco.com.br\/index.php?rest_route=%2Fwp%2Fv2%2Ftags&post=4753"}],"curies":[{"name":"wp","href":"https:\/\/api.w.org\/{rel}","templated":true}]}}