{"id":4606,"date":"2022-07-28T14:43:16","date_gmt":"2022-07-28T17:43:16","guid":{"rendered":"http:\/\/metropoleemfoco.com.br\/?p=4606"},"modified":"2022-07-28T14:43:20","modified_gmt":"2022-07-28T17:43:20","slug":"homem-reage-a-abordagem-agride-pm-e-e-baleado-na-zona-norte-de-sp","status":"publish","type":"post","link":"http:\/\/metropoleemfoco.com.br\/?p=4606","title":{"rendered":"Homem reage a abordagem, agride PM e \u00e9 baleado na Zona Norte de SP."},"content":{"rendered":"\n<h2 class=\"wp-block-heading\">Caso aconteceu no \u00faltimo s\u00e1bado (23); homem havia agredido a esposa e tentava fugir da pol\u00edcia.<\/h2>\n\n\n\n<hr class=\"wp-block-separator has-alpha-channel-opacity\"\/>\n\n\n\n<p>Homem \u00e9 baleado ap\u00f3s agredir PM na Zona Norte de SP<\/p>\n\n\n\n<p>Um v\u00eddeo que circula nas redes sociais mostra o momento em que um homem reage a uma abordagem policial na Zona Norte da cidade de&nbsp;<a href=\"https:\/\/g1.globo.com\/sp\/sao-paulo\/cidade\/sao-paulo\/\">S\u00e3o Paulo<\/a>&nbsp;e atinge um policial militar com um soco.<\/p>\n\n\n\n<p>Pelas imagens, \u00e9 poss\u00edvel ver quando os dois entram em luta corporal e o homem, identificado pela pol\u00edcia como Edivaldo Nunes da Silva, tenta pegar a arma do policial que caiu no ch\u00e3o ap\u00f3s ser golpeado. Durante a briga, Silva \u00e9 baleado na perna. Duas viaturas da Pol\u00edcia Militar aparecem na sequ\u00eancia para auxiliar o PM, e o agressor \u00e9 detido.<\/p>\n\n\n\n<figure class=\"wp-block-image\"><img decoding=\"async\" src=\"https:\/\/s2.glbimg.com\/RRylwIGuiLOLvP1ha-vJnJdzyok=\/0x0:631x345\/984x0\/smart\/filters:strip_icc()\/i.s3.glbimg.com\/v1\/AUTH_59edd422c0c84a879bd37670ae4f538a\/internal_photos\/bs\/2022\/W\/R\/GDrX5DSwGr1K4Hp4tKvA\/captura-de-tela-2022-07-27-193002.png\" alt=\"Edinaldo Silva agride policial militar ap\u00f3s abordagem do oficial na Zona Norte da capital paulista \u2014 Foto: Reprodu\u00e7\u00e3o\/Redes sociais\"\/><\/figure>\n\n\n\n<p>Edinaldo Silva agride policial militar ap\u00f3s abordagem do oficial na Zona Norte da capital paulista \u2014 Foto: Reprodu\u00e7\u00e3o\/Redes sociais<\/p>\n\n\n\n<p>O caso aconteceu na tarde do \u00faltimo s\u00e1bado (23). A Pol\u00edcia Militar informou que foi acionada para atender uma ocorr\u00eancia de viol\u00eancia dom\u00e9stica na Zona Norte da capital. Silva agredia a esposa em frente \u00e0 resid\u00eancia do casal, na Rua Capit\u00e3o Antonio de Azevedo.<\/p>\n\n\n\n<p>Segundo a PM, o suspeito estava muito agitado e tentou fugir a p\u00e9. Ele foi novamente perseguido e abordado por um policial pr\u00f3ximo do local, na Rua Presidente Bernardes. As imagens de c\u00e2mera de seguran\u00e7a registraram este momento.<\/p>\n\n\n\n<p>Baleado, o agressor foi encaminhado para o Hospital Geral Vila Penteado, onde foi medicado e n\u00e3o corre risco de morte, segundo a PM. A esposa foi encaminhada ao Pronto Socorro Municipal 21 de Junho, na Freguesia do \u00d3. J\u00e1 o policial agredido com um soco passou por exame de corpo de delito no Instituto M\u00e9dico Legal (IML) e foi medicado.<\/p>\n\n\n\n<p>Silva foi autuado por agress\u00e3o e viol\u00eancia dom\u00e9stica na Delegacia de Defesa da Mulher. A ocorr\u00eancia da a\u00e7\u00e3o da PM foi apresentada no 13\u00ba DP. A Pol\u00edcia Militar informou que ele continua preso, \u00e0 disposi\u00e7\u00e3o da Justi\u00e7a.<\/p>\n\n\n\n<p>Fonte: G1<\/p>\n","protected":false},"excerpt":{"rendered":"<p>Caso aconteceu no \u00faltimo s\u00e1bado (23); homem havia agredido a esposa e tentava fugir da pol\u00edcia. Homem \u00e9 baleado ap\u00f3s<\/p>\n","protected":false},"author":1,"featured_media":4619,"comment_status":"open","ping_status":"open","sticky":false,"template":"","format":"standard","meta":{"colormag_page_container_layout":"default_layout","colormag_page_sidebar_layout":"default_layout","footnotes":""},"categories":[1],"tags":[],"class_list":["post-4606","post","type-post","status-publish","format-standard","has-post-thumbnail","hentry","category-geral"],"_links":{"self":[{"href":"http:\/\/metropoleemfoco.com.br\/index.php?rest_route=\/wp\/v2\/posts\/4606","targetHints":{"allow":["GET"]}}],"collection":[{"href":"http:\/\/metropoleemfoco.com.br\/index.php?rest_route=\/wp\/v2\/posts"}],"about":[{"href":"http:\/\/metropoleemfoco.com.br\/index.php?rest_route=\/wp\/v2\/types\/post"}],"author":[{"embeddable":true,"href":"http:\/\/metropoleemfoco.com.br\/index.php?rest_route=\/wp\/v2\/users\/1"}],"replies":[{"embeddable":true,"href":"http:\/\/metropoleemfoco.com.br\/index.php?rest_route=%2Fwp%2Fv2%2Fcomments&post=4606"}],"version-history":[{"count":1,"href":"http:\/\/metropoleemfoco.com.br\/index.php?rest_route=\/wp\/v2\/posts\/4606\/revisions"}],"predecessor-version":[{"id":4620,"href":"http:\/\/metropoleemfoco.com.br\/index.php?rest_route=\/wp\/v2\/posts\/4606\/revisions\/4620"}],"wp:featuredmedia":[{"embeddable":true,"href":"http:\/\/metropoleemfoco.com.br\/index.php?rest_route=\/wp\/v2\/media\/4619"}],"wp:attachment":[{"href":"http:\/\/metropoleemfoco.com.br\/index.php?rest_route=%2Fwp%2Fv2%2Fmedia&parent=4606"}],"wp:term":[{"taxonomy":"category","embeddable":true,"href":"http:\/\/metropoleemfoco.com.br\/index.php?rest_route=%2Fwp%2Fv2%2Fcategories&post=4606"},{"taxonomy":"post_tag","embeddable":true,"href":"http:\/\/metropoleemfoco.com.br\/index.php?rest_route=%2Fwp%2Fv2%2Ftags&post=4606"}],"curies":[{"name":"wp","href":"https:\/\/api.w.org\/{rel}","templated":true}]}}