{"id":4605,"date":"2022-07-28T14:41:27","date_gmt":"2022-07-28T17:41:27","guid":{"rendered":"http:\/\/metropoleemfoco.com.br\/?p=4605"},"modified":"2022-07-28T14:41:31","modified_gmt":"2022-07-28T17:41:31","slug":"carta-em-defesa-da-democracia-e-das-urnas-eletronicas-ja-sofreu-mais-de-2-300-tentativas-de-ataques-hackers","status":"publish","type":"post","link":"http:\/\/metropoleemfoco.com.br\/?p=4605","title":{"rendered":"Carta em defesa da democracia e das urnas eletr\u00f4nicas j\u00e1 sofreu mais de 2.300 tentativas de ataques hackers"},"content":{"rendered":"\n<h2 class=\"wp-block-heading\">Em um dia e meio, texto j\u00e1 chegou a 220 mil assinaturas e site teve mais de sete milh\u00f5es de acessos. Organizadores disseram que rastrearam origens dos ataques e provid\u00eancias ser\u00e3o tomadas. Documento ganhar\u00e1 vers\u00e3o em ingl\u00eas nesta quinta (28).<\/h2>\n\n\n\n<hr class=\"wp-block-separator has-alpha-channel-opacity\"\/>\n\n\n\n<figure class=\"wp-block-image\"><img decoding=\"async\" src=\"https:\/\/s2.glbimg.com\/L8VkS17kJnWoyjHc41B4M5Au4KI=\/0x0:1288x756\/984x0\/smart\/filters:strip_icc()\/i.s3.glbimg.com\/v1\/AUTH_59edd422c0c84a879bd37670ae4f538a\/internal_photos\/bs\/2022\/k\/p\/nFgSMtSwS4yhHMoxCbbw\/1.png\" alt=\"Faculdade de Direito da USP divulga carta \u00e0s Brasileiras e aos Brasileiros em defesa do Estado Democr\u00e1tico de Direito! \u2014 Foto: Reprodu\u00e7\u00e3o\"\/><\/figure>\n\n\n\n<p>Faculdade de Direito da USP divulga carta \u00e0s Brasileiras e aos Brasileiros em defesa do Estado Democr\u00e1tico de Direito! \u2014 Foto: Reprodu\u00e7\u00e3o<\/p>\n\n\n\n<p>Desde quando foi lan\u00e7ado, de 17h desta ter\u00e7a-feira (26), at\u00e9 \u00e0s 9h desta quinta-feira (28), o<a href=\"https:\/\/g1.globo.com\/sp\/sao-paulo\/noticia\/2022\/07\/26\/ex-ministros-do-stf-artistas-academicos-banqueiros-e-outros-assinam-carta-em-defesa-da-democracia-e-das-urnas-eletronicas.ghtml\">&nbsp;site da carta em defesa da democracia e do processo eleitoral&nbsp;<\/a>j\u00e1 sofreu 2.340 tentativas de ataques hackers, informou o procurador-geral do Minist\u00e9rio P\u00fablico de Contas de&nbsp;<a href=\"https:\/\/g1.globo.com\/sp\/sao-paulo\/cidade\/sao-paulo\/\">S\u00e3o Paulo<\/a>, Thiago Pinheiro Lima, um dos organizadores da iniciativa.<\/p>\n\n\n\n<blockquote class=\"wp-block-quote is-layout-flow wp-block-quote-is-layout-flow\"><p>&#8220;Tentam invadir o sistema e tentam principalmente derrubar o site. Pelo que soubemos, colocaram nosso site na deep web e est\u00e3o incentivando as pessoas a derrubar o site por l\u00e1. Eles est\u00e3o usando palavras de baixo cal\u00e3o, xingamentos, agress\u00f5es, e tentam se inscrever por outras pessoas, para depois deslegitimar a lista&#8221;, contou o procurador ao&nbsp;<a href=\"https:\/\/g1.globo.com\/\">g1<\/a>.<\/p><\/blockquote>\n\n\n\n<p>Segundo Pinheiro Lima, as tentativas de ataque j\u00e1 eram esperadas, e mecanismos de seguran\u00e7a que funcionam 24 horas por dia v\u00eam conseguindo impedi-las de acessar o sistema.<\/p>\n\n\n\n<p>Al\u00e9m disso, os organizadores est\u00e3o conseguindo rastrear as origens dos ataques e provid\u00eancias ser\u00e3o tomadas, contou Pinheiro Lima.<\/p>\n\n\n\n<p>Em um dia e meio,&nbsp;o texto j\u00e1 alcan\u00e7ou 220 mil assinaturas e o site teve mais de sete milh\u00f5es de acessos.<\/p>\n\n\n\n<p>Uma vers\u00e3o em ingl\u00eas da carta deve ser lan\u00e7ada ainda nesta quinta (28), j\u00e1 que os Estados Unidos, depois do Brasil, s\u00e3o o segundo pa\u00eds com o maior n\u00famero de acessos, seguido por Portugal, Reino Unido e Alemanha.<\/p>\n\n\n\n<p>Em nota, a Faculdade de Direito da Universidade de S\u00e3o Paulo ressaltou que todas as tentativas de ataques hackers &#8220;est\u00e3o sendo monitoradas pela equipe t\u00e9cnica da&nbsp;<a href=\"https:\/\/g1.globo.com\/educacao\/universidade\/usp\/\">USP<\/a>, bem como pela equipe t\u00e9cnica respons\u00e1vel pela coleta de assinaturas&#8221;.<\/p>\n\n\n\n<p>&#8220;Dessa forma, combatendo essas tentativas de invas\u00e3o, a Faculdade de Direito da USP seguir\u00e1 no recolhimento de novas ades\u00f5es e no caminho da Defesa do Estado Democr\u00e1tico de Direito Sempre&#8221;, disse a universidade.<\/p>\n\n\n\n<ul class=\"wp-block-list\"><li><strong>PODCAST:<\/strong>&nbsp;<a href=\"https:\/\/g1.globo.com\/podcast\/o-assunto\/noticia\/2022\/07\/28\/carta-em-defesa-das-urnas-acende-alerta-para-golpe-de-estado-ficha-esta-caindo-tarde-diz-professor-de-direito-da-usp.ghtml\">Carta em defesa das urnas acende alerta para golpe de Estado: &#8216;Ficha est\u00e1 caindo tarde&#8217;, diz professor de Direito da USP<\/a><\/li><\/ul>\n\n\n\n<figure class=\"wp-block-image\"><img decoding=\"async\" src=\"https:\/\/s2.glbimg.com\/4Vc4ewsekBpjigIfUrftffYq3-8=\/0x0:1600x1200\/984x0\/smart\/filters:strip_icc()\/i.s3.glbimg.com\/v1\/AUTH_59edd422c0c84a879bd37670ae4f538a\/internal_photos\/bs\/2022\/v\/p\/PNHAEJSBS9CvHyAZiAZg\/fytfbyuwqaas850.jpg\" alt=\"Fachada da Faculdade de Direito do Largo S\u00e3o Francisco, no Centro de S\u00e3o Paulo, anuncia data para leitura do manifesta em Defesa da Democracia brasileira. \u2014 Foto: Divulga\u00e7\u00e3o\/USP\"\/><\/figure>\n\n\n\n<p>Fachada da Faculdade de Direito do Largo S\u00e3o Francisco, no Centro de S\u00e3o Paulo, anuncia data para leitura do manifesta em Defesa da Democracia brasileira. \u2014 Foto: Divulga\u00e7\u00e3o\/USP<\/p>\n\n\n\n<h2 class=\"wp-block-heading\">Carta em defesa da democracia<\/h2>\n\n\n\n<p>A carta foi lan\u00e7ada depois de seguidos ataques do presidente Jair Bolsonaro (PL) contra as urnas eletr\u00f4nicas e o sistema eleitoral brasileiro.<\/p>\n\n\n\n<p>A &#8220;Carta \u00e0s brasileiras e aos brasileiros em defesa do Estado Democr\u00e1tico de Direito!&#8221; e a lista com os nomes foram divulgadas na ter\u00e7a-feira (26) no site da Faculdade de Direito da Universidade de S\u00e3o Paulo (USP).<\/p>\n\n\n\n<p>Al\u00e9m de personalidades como Chico Buarque, Roberto Set\u00fabal, Ellen Gracie e Luiz Gonzaga Beluzzo, o movimento recebeu nas \u00faltimas horas um engajamento de nomes como o da escritora e presidente interina da ABL N\u00e9lida Pi\u00f1on, da atriz e imortal Fernanda Montenegro, dos ex-ministros do&nbsp;<a href=\"https:\/\/g1.globo.com\/tudo-sobre\/supremo-tribunal-federal\/\">STF<\/a>&nbsp;Joaquim Barbosa, Francisco Resek e Nelson Jobim, dos cantores Gal Costa, Z\u00e9lia Duncan, Maria Beth\u00e2nia e Frejat, dos atores Antonio Calloni e Bruno Gagliasso, do cineasta Fernando Meirelles, dos escritores Lu\u00eds Fernando Ver\u00edssimo, Martha Medeiros e Djamila Ribeiro, dos historiadores Eduardo Bueno e Lilia Schwarcz, entre outros.<\/p>\n\n\n\n<p>No total, 12 ex-ministros do STF assinaram o documento.<\/p>\n\n\n\n<p>A carta diz que recentes &#8220;ataques infundados e desacompanhados de provas questionam a lisura do processo eleitoral e o Estado Democr\u00e1tico de Direito t\u00e3o duramente conquistado pela sociedade brasileira&#8221;.<\/p>\n\n\n\n<p>&#8220;Nos pr\u00f3ximos dias, em meio a estes desafios, teremos o in\u00edcio da campanha eleitoral para a renova\u00e7\u00e3o dos mandatos dos legislativos e executivos estaduais e federais. Neste momento, dever\u00edamos ter o \u00e1pice da democracia com a disputa entre os v\u00e1rios projetos pol\u00edticos visando convencer o eleitorado da melhor proposta para os rumos do pa\u00eds nos pr\u00f3ximos anos.&#8221;<\/p>\n\n\n\n<p>&#8220;Ao inv\u00e9s de uma festa c\u00edvica, estamos passando por momento de imenso perigo para a normalidade democr\u00e1tica, risco \u00e0s institui\u00e7\u00f5es da Rep\u00fablica e insinua\u00e7\u00f5es de desacato ao resultado das elei\u00e7\u00f5es&#8221;, diz trecho&nbsp;<strong>(leia a carta completa abaixo)<\/strong>.<\/p>\n\n\n\n<p><video muted=\"\" preload=\"none\" poster=\"https:\/\/s02.video.glbimg.com\/x720\/10794613.jpg\"><\/p>\n\n\n\n<p>Ex-ministros do STF, artistas, acad\u00eamicos e empres\u00e1rios assinam carta em defesa da democracia e do processo eleitoral<\/p>\n\n\n\n<p>Dentre os<a href=\"https:\/\/g1.globo.com\/politica\/blog\/andreia-sadi\/post\/2022\/07\/26\/empresarios-assinam-carta-em-defesa-das-urnas-eletronicas-e-da-democracia.ghtml\">&nbsp;empres\u00e1rios&nbsp;<\/a>est\u00e3o Walter Schalka, presidente da Suzano; Roberto Set\u00fabal, ex-presidente do Banco Ita\u00fa; Nat\u00e1lia Dias, CEO da Standard Bank; Pedro Moreira Salles, presidente do conselho de administra\u00e7\u00e3o do Ita\u00fa Unibanco; P\u00e9rsio Arida, ex-presidente do BNDES e do Banco Central; Tarcila Ursini, conselheira de administra\u00e7\u00e3o da EB Capital, entre outros.<\/p>\n\n\n\n<p>Tamb\u00e9m aparecem entre as assinaturas os artistas Arnaldo Antunes, as atrizes Debora Bloch e Alessandra Negrini, os ex-jogadores de futebol Walter Casagrande e Ra\u00ed, o cineasta Jo\u00e3o Moreira Salles e padre J\u00falio Lancellotti, que atua na defesa da popula\u00e7\u00e3o de rua em S\u00e3o Paulo.<\/p>\n\n\n\n<p>As pessoas interessadas em assinar o documento poder\u00e3o&nbsp;<a href=\"https:\/\/estadodedireitosempre.com\/\" target=\"_blank\" rel=\"noreferrer noopener\">faz\u00ea-lo online&nbsp;<\/a>pelos sites da Faculdade de Direito da USP, da Associa\u00e7\u00e3o de Ju\u00edzes Federais, Associa\u00e7\u00e3o do Minist\u00e9rio P\u00fablico e do Grupo Prerrogativas.<\/p>\n\n\n\n<p>O conte\u00fado ser\u00e1 apresentado na sede da Faculdade de Direito da USP, no Centro de S\u00e3o Paulo, em 11 de agosto, com Roberta Estrela D&#8217;Alva como cerimonialista.<\/p>\n\n\n\n<p>A data comemora o anivers\u00e1rio da cria\u00e7\u00e3o dos cursos de Direito no pa\u00eds e coincide com a leitura de manifesto no mesmo local em 1977 para denunciar a ditadura militar,&nbsp;que subtraiu direitos e matou opositores do regime.<\/p>\n\n\n\n<p>Celso de Mello, ministro aposentado e ex-presidente do STF, afirmou \u00e0 TV Globo, sobre o momento pol\u00edtico atual, que &#8220;os diversos pronunciamentos de Bolsonaro, especialmente aqueles que injustamente ofendem e atacam o Supremo Tribunal Federal, o Tribunal Superior Eleitoral e o sistema eleitoral, s\u00e3o suficientes para revelar a figura de um pol\u00edtico sem qualquer no\u00e7\u00e3o dos limites que o regime democr\u00e1tico e o dogma constitucional da separa\u00e7\u00e3o de Poderes imp\u00f5em a quem, como ele, exerce as altas fun\u00e7\u00f5es de presidente da Rep\u00fablica&#8221;.<\/p>\n\n\n\n<p>Segundo Mello, &#8220;torna-se vital reconhecer que o regime democr\u00e1tico, analisado na perspectiva das delicadas rela\u00e7\u00f5es entre o poder e o direito, n\u00e3o ter\u00e1 condi\u00e7\u00f5es de subsistir, quando as institui\u00e7\u00f5es pol\u00edticas do Estado falharem em seu dever de respeitar a Constitui\u00e7\u00e3o e as leis da Rep\u00fablica, pois, sob esse sistema de governo, n\u00e3o poder\u00e1 jamais prevalecer a vontade de uma s\u00f3 pessoa, de um s\u00f3 estamento, de um s\u00f3 grupo ou, ainda, de uma s\u00f3 institui\u00e7\u00e3o&#8221;.<\/p>\n\n\n\n<h2 class=\"wp-block-heading\">\u00cdntegra da carta<\/h2>\n\n\n\n<p><em>&#8220;Em agosto de 1977, em meio \u00e0s comemora\u00e7\u00f5es do sesquicenten\u00e1rio de funda\u00e7\u00e3o dos Cursos Jur\u00eddicos no Pa\u00eds, o professor Goffredo da Silva Telles Junior, mestre de todos n\u00f3s, no territ\u00f3rio livre do Largo de S\u00e3o Francisco, leu a Carta aos Brasileiros, na qual denunciava a ilegitimidade do ent\u00e3o governo militar e o estado de exce\u00e7\u00e3o em que viv\u00edamos. Conclamava tamb\u00e9m o restabelecimento do estado de direito e a convoca\u00e7\u00e3o de uma Assembleia Nacional Constituinte.<\/em><\/p>\n\n\n\n<p><em>A semente plantada rendeu frutos. O Brasil superou a ditadura militar. A Assembleia Nacional Constituinte resgatou a legitimidade de nossas institui\u00e7\u00f5es, restabelecendo o estado democr\u00e1tico de direito com a preval\u00eancia do respeito aos direitos fundamentais.<\/em><\/p>\n\n\n\n<p><em>Temos os poderes da Rep\u00fablica, o Executivo, o Legislativo e o Judici\u00e1rio, todos independentes, aut\u00f4nomos e com o compromisso de respeitar e zelar pela observ\u00e2ncia do pacto maior, a Constitui\u00e7\u00e3o Federal.<\/em><\/p>\n\n\n\n<p><em>Sob o manto da Constitui\u00e7\u00e3o Federal de 1988, prestes a completar seu 34\u00ba anivers\u00e1rio, passamos por elei\u00e7\u00f5es livres e peri\u00f3dicas, nas quais o debate pol\u00edtico sobre os projetos para pa\u00eds sempre foi democr\u00e1tico, cabendo a decis\u00e3o final \u00e0 soberania popular.<\/em><\/p>\n\n\n\n<p><em>A li\u00e7\u00e3o de Goffredo est\u00e1 estampada em nossa Constitui\u00e7\u00e3o \u201cTodo poder emana do povo, que o exerce por meio de seus representantes eleitos ou diretamente, nos termos desta Constitui\u00e7\u00e3o\u201d.<\/em><\/p>\n\n\n\n<p><em>Nossas elei\u00e7\u00f5es com o processo eletr\u00f4nico de apura\u00e7\u00e3o t\u00eam servido de exemplo no mundo. Tivemos v\u00e1rias altern\u00e2ncias de poder com respeito aos resultados das urnas e transi\u00e7\u00e3o republicana de governo. As urnas eletr\u00f4nicas revelaram-se seguras e confi\u00e1veis, assim como a Justi\u00e7a Eleitoral.<\/em><\/p>\n\n\n\n<p><em>Nossa democracia cresceu e amadureceu, mas muito ainda h\u00e1 de ser feito. Vivemos em pa\u00eds de profundas desigualdades sociais, com car\u00eancias em servi\u00e7os p\u00fablicos essenciais, como sa\u00fade, educa\u00e7\u00e3o, habita\u00e7\u00e3o e seguran\u00e7a p\u00fablica. Temos muito a caminhar no desenvolvimento das nossas potencialidades econ\u00f4micas de forma sustent\u00e1vel. O Estado apresenta-se ineficiente diante dos seus in\u00fameros desafios. Pleitos por maior respeito e igualdade de condi\u00e7\u00f5es em mat\u00e9ria de ra\u00e7a, g\u00eanero e orienta\u00e7\u00e3o sexual ainda est\u00e3o longe de ser atendidos com a devida plenitude.<\/em><\/p>\n\n\n\n<p><em>Nos pr\u00f3ximos dias, em meio a estes desafios, teremos o in\u00edcio da campanha eleitoral para a renova\u00e7\u00e3o dos mandatos dos legislativos e executivos estaduais e federais. Neste momento, dever\u00edamos ter o \u00e1pice da democracia com a disputa entre os v\u00e1rios projetos pol\u00edticos visando convencer o eleitorado da melhor proposta para os rumos do pa\u00eds nos pr\u00f3ximos anos.<\/em><\/p>\n\n\n\n<p><em>Ao inv\u00e9s de uma festa c\u00edvica, estamos passando por momento de imenso perigo para a normalidade democr\u00e1tica, risco \u00e0s institui\u00e7\u00f5es da Rep\u00fablica e insinua\u00e7\u00f5es de desacato ao resultado das elei\u00e7\u00f5es.<\/em><\/p>\n\n\n\n<p><em>Ataques infundados e desacompanhados de provas questionam a lisura do processo eleitoral e o estado democr\u00e1tico de direito t\u00e3o duramente conquistado pela sociedade brasileira. S\u00e3o intoler\u00e1veis as amea\u00e7as aos demais poderes e setores da sociedade civil e a incita\u00e7\u00e3o \u00e0 viol\u00eancia e \u00e0 ruptura da ordem constitucional.<\/em><\/p>\n\n\n\n<p><em>Assistimos recentemente a desvarios autorit\u00e1rios que puseram em risco a secular democracia norte-americana. L\u00e1 as tentativas de desestabilizar a democracia e a confian\u00e7a do povo na lisura das elei\u00e7\u00f5es n\u00e3o tiveram \u00eaxito, aqui tamb\u00e9m n\u00e3o ter\u00e3o.<\/em><\/p>\n\n\n\n<p><em>Nossa consci\u00eancia c\u00edvica \u00e9 muito maior do que imaginam os advers\u00e1rios da democracia. Sabemos deixar ao lado diverg\u00eancias menores em prol de algo muito maior, a defesa da ordem democr\u00e1tica.<\/em><\/p>\n\n\n\n<p><em>Imbu\u00eddos do esp\u00edrito c\u00edvico que lastreou a Carta aos Brasileiros de 1977 e reunidos no mesmo territ\u00f3rio livre do Largo de S\u00e3o Francisco, independentemente da prefer\u00eancia eleitoral ou partid\u00e1ria de cada um, clamamos as brasileiras e brasileiros a ficarem alertas na defesa da democracia e do respeito ao resultado das elei\u00e7\u00f5es.<\/em><\/p>\n\n\n\n<p><em>No Brasil atual n\u00e3o h\u00e1 mais espa\u00e7o para retrocessos autorit\u00e1rios. Ditadura e tortura pertencem ao passado. A solu\u00e7\u00e3o dos imensos desafios da sociedade brasileira passa necessariamente pelo respeito ao resultado das elei\u00e7\u00f5es.<\/em><\/p>\n\n\n\n<p><em>Em vig\u00edlia c\u00edvica contra as tentativas de rupturas, bradamos de forma un\u00edssona:<\/em><\/p>\n\n\n\n<p><em>Estado Democr\u00e1tico de Direito Sempre!!!!&#8221;<\/em><\/p>\n\n\n\n<h2 class=\"wp-block-heading\">Veja parte dos signat\u00e1rios<\/h2>\n\n\n\n<p>SUBSCRITORES DA CARTA DE 77<\/p>\n\n\n\n<ul class=\"wp-block-list\"><li>Celso Mori, Advogado<\/li><li>Erasmo Vallad\u00e3o Azevedo e Novaes Fran\u00e7a, Professor S\u00eanior FDUSP<\/li><li>F\u00e1bio Konder Comparato, Professor Em\u00e9rito da FDUSP<\/li><li>Flavio Flores da Cunha Bierrenbach, ex-Ministro do Tribunal Superior Militar<\/li><li>Jayme Cueva, Advogado<\/li><li>Jos\u00e9 Afonso da Silva, Professor S\u00eanior FDUSP<\/li><li>Jos\u00e9 Carlos da Silva Arouca, Desembargador aposentado do TRT2 Regi\u00e3o<\/li><li>Jos\u00e9 Carlos Dias, Ex-Ministro da Justi\u00e7a<\/li><li>Jos\u00e9 Gregori, Ex-Ministro da Justi\u00e7a<\/li><li>Jos\u00e9 Nuzzi Neto, Advogado<\/li><li>Lauro Malheiros Filho, Advogado<\/li><li>Luiz Eduardo Greenhalgh, Advogado<\/li><li>Marco Antonio Nahun, Desembargador aposentado<\/li><li>Maria Eug\u00eania Raposo da Silva Telles, Advogada<\/li><li>Miguel Reale J\u00fanior, Professor S\u00eanior FDUSP, Ex-Ministro da Justi\u00e7a<\/li><li>Sergio Bermudes<\/li><li>T\u00e9rcio Sampaio Ferraz Jr., Professor Em\u00e9rito FDUSP<\/li><\/ul>\n\n\n\n<p>MINISTROS EM\u00c9RITOS DO STF<\/p>\n\n\n\n<ul class=\"wp-block-list\"><li>Carlos Ayres Britto<\/li><li>Carlos Velloso<\/li><li>Celso de Mello<\/li><li>Cezar Peluso<\/li><li>Ellen Gracie<\/li><li>Eros Grau<\/li><li>Marco Aur\u00e9lio Mello<\/li><li>Sep\u00falveda Pertence<\/li><li>Sydney Sanches<\/li><\/ul>\n\n\n\n<p>DOCENTES DA USP<\/p>\n\n\n\n<ul class=\"wp-block-list\"><li>Adelia Bezerra de Meneses, Professora na USP\/UNICAMP<\/li><li>Adma Muhana, docente FFLCH-USP<\/li><li>Adriana Zavaglia \u2013 docente USP<\/li><li>Adriano Baiva, economista e professor FEA\/USP &#8211; SP<\/li><li>Affonso Celso Pastore, Economista, Professor aposentado USP<\/li><li>Alberto do Amaral J\u00fanior, Professor FDUSP<\/li><li>Alessandro Serafin Octaviani Luis, FDUSP<\/li><li>Ana Claudia Marques, Professora Associada USP<\/li><li>Ana Elisa Liberatore Bechara, Vice-diretora e professora da FDUSP<\/li><li>Ana Lucia Duarte Lanna, Pr\u00f3-Reitora de Inclus\u00e3o e Diversidade da USP<\/li><li>Ana L\u00facia Pastore Schritzmeyer, FFLCH-USP<\/li><li>Ana Maria Nusdeo, FDUSP<\/li><li>Andr\u00e9 de Carvalho Ramos, Professor na FDUSP<\/li><li>Andr\u00e9 Singer, docente FFLCH-USP<\/li><li>Ant\u00f4nio Carlos Morato, Professor FDUSP<\/li><li>Ant\u00f4nio Rodrigues de Freitas J\u00fanior Professor da Faculdade de Direito da USP<\/li><li>Ari Marcelo Solon, professor FDUSP<\/li><li>Aylene Bousquat, M\u00e9dica, Professora da Faculdade Sa\u00fade P\u00fablica- USP<\/li><li>Beatriz Raposo Medeiros \u2013 docente USP<\/li><li>Bernardo Bissoto Queiroz de Moraes, FDUSP<\/li><li>Calixto Salom\u00e3o Filho, FDUSP<\/li><li>Carlos Portugal Gouvea, Professor da USP<\/li><li>Catia Sandoval Peixoto, USP<\/li><li>Celso Fernandes Campilongo, Diretor e Professor FDUSP<\/li><li>Celso Lafer, professor FDUSP<\/li><li>Cicero Rom\u00e3o Resende de Ara\u00fajo, professor na FFLCH-USP<\/li><li>Claudia Perrone Mois\u00e9s, FDUSP<\/li><li>Cl\u00e1udia Souza Passador, professor da Universidade de S\u00e3o Paulo (USP)<\/li><li>Conrado Hubner, Professor USP<\/li><li>Cristiano de Sousa Zanetti, FDUSP<\/li><li>Cristina Altman, professora e pesquisadora USP<\/li><li>Diogo R. Coutinho, Professor FDUSP<\/li><li>Eduardo C. B. Bittar, Professor FDUSP<\/li><li>Eduardo Cesar Silveira Vita Marchi, FDUSP<\/li><li>Eduardo Tomasev\u00edcius Filho, FDUSP<\/li><li>Elisabeth Meloni Vieira, Prof. Associada S\u00eanior da Faculdade de Sa\u00fade P\u00fablica, Universidade de S\u00e3o Paulo<\/li><li>Elival Silva Ramos, Professor FDUSP<\/li><li>Elizabete Franco Cruz, EACH-USP<\/li><li>Elizabeth de Almeida Meirelles, FDUSP<\/li><li>Elizabeth Harkot de La Taille, professora da USP<\/li><li>Elza Ant\u00f4nia Pereira Cunha Boiteux, Professora na FDUSP<\/li><li>En\u00e9as de Oliveira Mattos, FDUSP<\/li><li>Eunice Aparecida Prudente, FDUSP<\/li><li>Fabio Betioli Contel, Professor Universit\u00e1rio &#8211; FFLCH\/USP<\/li><li>Fernanda Landucci Ortale, Professora da USP<\/li><li>Fernando Aith, Faculdade de Sa\u00fade P\u00fablica da USP<\/li><li>Fernando Facury Scaff, FDUSP<\/li><li>Fernando Menezes de Almeida, FDUSP<\/li><li>Flaviane Romani Fernandes Svartman, Professora FFLCH USP<\/li><li>Flavio Luiz Yarshell, Professor na FDUSP e presidente da Funda\u00e7\u00e3o Arcadas<\/li><li>Fl\u00e1vio Roberto Batista, FDUSP<\/li><li>Floriano de Azevedo Marques Neto, FDUSP<\/li><li>Francisco Crecenzo Marino, FDUSP<\/li><li>Francisco Satiro de Souza, Professor na FDUSP<\/li><li>Gabriela Pellegrino Soares, Professora Associada do Departamento de Hist\u00f3ria\/USP<\/li><li>Gaud\u00eancio Torquato, Jornalista, professor titular da USP<\/li><li>Geraldo Miniuci Ferreira Junior, FDUSP<\/li><li>Giliola Maggio, professora FFLCH<\/li><li>Giselda Maria Fernandes Novaes Hironaka, FDUSP<\/li><li>Guilherme Assis de Almeida, FDUSP<\/li><li>Guilherme Guimar\u00e3es Feliciano, Professor na FDUSP<\/li><li>Gustavo Badar\u00f3, FDUSP<\/li><li>Gustavo Ferraz de Campos Monaco, FDUSP<\/li><li>Heitor Vitor Mendon\u00e7a Sica, FDUSP<\/li><li>Helena Lobo da Costa, FDUSP<\/li><li>Heleno Taveira Torres, FDUSP<\/li><li>Helo\u00edsa Buarque de Almeida \u2013 docente USP<\/li><li>Helo\u00edsa Fernandes Silveira, professora aposentada da USP<\/li><li>Humberto Bergmann \u00c1vila, FDUSP<\/li><li>Ieda Maria Alves, DLCV-FFLCH-USP<\/li><li>Ign\u00e1cio Maria Velasco Poveda, FDUSP<\/li><li>Jair Aparecido Cardoso &#8211; FDRP\/USP.<\/li><li>Jessica Sponchiado, professora FD-USP, advogada<\/li><li>Jorge Luiz Souto Maior, professor Faculdade de Direito USP<\/li><li>Jos\u00e9 Augusto Fontoura Costa, FDUSP<\/li><li>Jos\u00e9 da Silva Sim\u00f5es &#8211; professor USP<\/li><li>Jos\u00e9 Eduardo Faria, FDUSP<\/li><li>Jos\u00e9 Eduardo Pereira Wilken Bicudo, professor titular aposentado da USP<\/li><li>Jos\u00e9 Marcelo Proen\u00e7a, FDUSP<\/li><li>Jos\u00e9 Reinaldo de Lima Lopes, FDUSP<\/li><li>Jos\u00e9 Rog\u00e9rio Cruz e Tucci, FDUSP<\/li><li>Juliana Krueger Pela, docente FDUSP<\/li><li>Laurindo Dias Minhoto, FFLCH-USP<\/li><li>L\u00e9a Francesconi \u2013 professora USP<\/li><li>Leda Maria Paulani, Economista e professora FEA-USP<\/li><li>Lilian Gregory, professora associada na Faculdade de Veterin\u00e1ria da USP<\/li><li>Luciana Romano Morilas (Professora na USP\/FEA-RP)<\/li><li>Luciano Anderson de Souza, FDUSP<\/li><li>Lu\u00eds Fernando Massonetto, FDUSP<\/li><li>Luiz Roncari &#8211; professor titular aposentado da FFLCH\/USP<\/li><li>Mara Regina de Oliveira, professora USP<\/li><li>Marcelo Bonizzi, FDUSP<\/li><li>Marcelo Martinelli, professor do Inst. de F\u00edsica da USP<\/li><li>Marcelo Vieira von Adamek, Professor FDUSP<\/li><li>M\u00e1rcia Furquim de Almeida &#8211; Sa\u00fade P\u00fablica &#8211; USP<\/li><li>Marco Akerman, professor USP<\/li><li>Marcos Augusto Perez, FDUSP<\/li><li>Maria Augusta da Costa Vieira, docente USP<\/li><li>Maria Cristina Cury Saad Gimenes, Processo Penal FDUSP<\/li><li>Maria Cristina Vianna Kuntz, professora FFLCH- USP<\/li><li>Maria Isabel da Silva Leme, docente IPUSP<\/li><li>Maria Ligia Coelho Prado &#8211; Professora aposentada do Departamento de Hist\u00f3ria &#8211; FFLCH &#8211; USP<\/li><li>Maria Paula Dallari Bucci, FDUSP<\/li><li>Maria Rita Loureiro, professora titular aposentada da USP e da FGV<\/li><li>Maria S\u00edlvia Betti \u2013 professora USP<\/li><li>Maria Victoria de Mesquita Benevides, Soci\u00f3loga e Professora da USP<\/li><li>Mari\u00e2ngela Gama de Magalh\u00e3es Gomes, FDUSP<\/li><li>Marta Amoroso \u2013 professora Antropologia USP<\/li><li>Marta Cristina Cury Saad Gimenes, FDUSP<\/li><li>Marta Maria Chagas de Carvalho, professora aposentada da Faculdade de Educa\u00e7\u00e3o da USP<\/li><li>Mauricio Dieter, FDUSP<\/li><li>Maur\u00edcio Zanoide de Moraes, FDUSP<\/li><li>Nina Beatriz Stocco Ranieri, FDUSP<\/li><li>Orlando Villas Boas, FDUSP<\/li><li>Ot\u00e1vio Pinto e Silva, FDUSP<\/li><li>Otavio Rodrigues, Professor na FDUSP<\/li><li>Patr\u00edcia Faga Iglecias Lemos, FDUSP<\/li><li>Paulo Ayres Barreto, FDUSP<\/li><li>Paulo Borba Casella, FDUSP<\/li><li>Paulo Daniel Farah, professor FFLCH<\/li><li>Paulo de Barros Carvalho, Professor USP e PUC-SP<\/li><li>Paulo Martins, docente e pesquisador USP<\/li><li>Pedro Dallari- Professor USP<\/li><li>Pierpaolo Cruz Bottini, FDUSP<\/li><li>Professor Roberto Macedo, da USP<\/li><li>Rafael Diniz Pucci, FDUSP<\/li><li>Rafael Mafei Rabelo Queiroz, FDUSP<\/li><li>Raul Miguel Freitas de Oliveira, Professor de Direito na USP<\/li><li>Renato da Silva Queiroz, professor s\u00eanior da FFLCH\/USP SP<\/li><li>Roberto Augusto Castellanos Pfeiffer, FDUSP<\/li><li>Roberto Quiroga Mosquera, FDUSP<\/li><li>Rodrigo Oct\u00e1vio Broglia Mendes, Professor na FDUSP<\/li><li>Rodrigo Pagani de Souza, FDUSP<\/li><li>Ronaldo Porto Macedo, procurador de justi\u00e7a aposentado, professor FGV, professor FDUSP<\/li><li>Rosane de S\u00e1 Amado, docente USP<\/li><li>Rurion Soares Melo, DOCENTE FFLCH USP<\/li><li>Ruy Pereira Camilo J\u00fanior, FDUSP<\/li><li>Sandra Maria Sawaya. Professora Associada Faculdade de Educa\u00e7\u00e3o USP<\/li><li>Sebasti\u00e3o Botto de Barros Tojal, FDUSP<\/li><li>Sergio Leopoldo Rodrigues, USP<\/li><li>S\u00e9rgio Salom\u00e3o Shecaira, FDUSP<\/li><li>Sheila Neder Cerezetti, FDUSP<\/li><li>Silmara Juny de Abreu Chinellato, FDUSP<\/li><li>Sueli Dallari, Professora na FSP-USP<\/li><li>Susana Henriques da Costa, FDUSP<\/li><li>Sylmara Dias, professora da Universidade de Sao Paulo (USP)<\/li><li>Vima Lia de Rossi Martin, professora FFLCH &#8211; USP<\/li><li>Vinicius Marques de Carvalho, Professor na FDUSP, presidiu o Centro Acad\u00eamico XI de Agosto,<\/li><li>gest\u00e3o 1999<\/li><li>Virg\u00edlio Afonso da Silva, FDUSP<\/li><li>Vitor Rhein Schirato, Professor FDUSP<\/li><li>Waldemar Ferreira Netto, Professor FFLCH-USP<\/li><li>Walkyria Monte Mor, Professora Associada S\u00eanior, Universidade de S\u00e3o Paulo<\/li><li>Walter Piva Rodrigues \u2013FDUSP<\/li><\/ul>\n\n\n\n<p>Fonte: G1<\/p>\n","protected":false},"excerpt":{"rendered":"<p>Em um dia e meio, texto j\u00e1 chegou a 220 mil assinaturas e site teve mais de sete milh\u00f5es de<\/p>\n","protected":false},"author":1,"featured_media":4617,"comment_status":"open","ping_status":"open","sticky":false,"template":"","format":"standard","meta":{"colormag_page_container_layout":"default_layout","colormag_page_sidebar_layout":"default_layout","footnotes":""},"categories":[1],"tags":[],"class_list":["post-4605","post","type-post","status-publish","format-standard","has-post-thumbnail","hentry","category-geral"],"_links":{"self":[{"href":"http:\/\/metropoleemfoco.com.br\/index.php?rest_route=\/wp\/v2\/posts\/4605","targetHints":{"allow":["GET"]}}],"collection":[{"href":"http:\/\/metropoleemfoco.com.br\/index.php?rest_route=\/wp\/v2\/posts"}],"about":[{"href":"http:\/\/metropoleemfoco.com.br\/index.php?rest_route=\/wp\/v2\/types\/post"}],"author":[{"embeddable":true,"href":"http:\/\/metropoleemfoco.com.br\/index.php?rest_route=\/wp\/v2\/users\/1"}],"replies":[{"embeddable":true,"href":"http:\/\/metropoleemfoco.com.br\/index.php?rest_route=%2Fwp%2Fv2%2Fcomments&post=4605"}],"version-history":[{"count":1,"href":"http:\/\/metropoleemfoco.com.br\/index.php?rest_route=\/wp\/v2\/posts\/4605\/revisions"}],"predecessor-version":[{"id":4618,"href":"http:\/\/metropoleemfoco.com.br\/index.php?rest_route=\/wp\/v2\/posts\/4605\/revisions\/4618"}],"wp:featuredmedia":[{"embeddable":true,"href":"http:\/\/metropoleemfoco.com.br\/index.php?rest_route=\/wp\/v2\/media\/4617"}],"wp:attachment":[{"href":"http:\/\/metropoleemfoco.com.br\/index.php?rest_route=%2Fwp%2Fv2%2Fmedia&parent=4605"}],"wp:term":[{"taxonomy":"category","embeddable":true,"href":"http:\/\/metropoleemfoco.com.br\/index.php?rest_route=%2Fwp%2Fv2%2Fcategories&post=4605"},{"taxonomy":"post_tag","embeddable":true,"href":"http:\/\/metropoleemfoco.com.br\/index.php?rest_route=%2Fwp%2Fv2%2Ftags&post=4605"}],"curies":[{"name":"wp","href":"https:\/\/api.w.org\/{rel}","templated":true}]}}