{"id":4604,"date":"2022-07-28T14:39:56","date_gmt":"2022-07-28T17:39:56","guid":{"rendered":"http:\/\/metropoleemfoco.com.br\/?p=4604"},"modified":"2022-07-28T14:39:58","modified_gmt":"2022-07-28T17:39:58","slug":"motorista-flagra-roubo-em-carro-durante-congestionamento-na-avenida-do-estado-centro-de-sp-veja-video","status":"publish","type":"post","link":"http:\/\/metropoleemfoco.com.br\/?p=4604","title":{"rendered":"Motorista flagra roubo em carro durante congestionamento na Avenida do Estado, Centro de SP; veja v\u00eddeo"},"content":{"rendered":"\n<h2 class=\"wp-block-heading\">No flagrante, um homem com blus\u00e3o cinza quebra o vidro de uma van branca que estava trafegando lentamente no congestionamento no sentido Ipiranga, por volta de 8h da manh\u00e3 desta quarta-feira (27).<\/h2>\n\n\n\n<hr class=\"wp-block-separator has-alpha-channel-opacity\"\/>\n\n\n\n<p><video muted=\"\" preload=\"none\" poster=\"https:\/\/s01.video.glbimg.com\/x720\/10798276.jpg\"><\/video><\/p>\n\n\n\n<p>00:00\/00:57<\/p>\n\n\n\n<p>C\u00e2mera de carro flagra a\u00e7\u00e3o de criminoso durante assalto na Av. do Estado<\/p>\n\n\n\n<p>Um motorista que trafegava pela Avenida do Estado na manh\u00e3 desta quarta-feira (27) flagrou o momento em que um carro foi assaltado durante um congestionamento na via. O\u00a0<strong>v\u00eddeo pode ser visto acima<\/strong>.<\/p>\n\n\n\n<p>No flagrante, um homem com blus\u00e3o cinza quebra o vidro de uma van branca que trafegava lentamente no congestionamento no sentido Ipiranga, por volta de 8h da manh\u00e3.<\/p>\n\n\n\n<p>O ladr\u00e3o fica com parte do corpo dentro da van para roubar o que parece ser um celular e sai correndo.<\/p>\n\n\n\n<p>O motorista ainda tenta correr atr\u00e1s do criminoso, mas n\u00e3o consegue alcan\u00e7\u00e1-lo para recuperar o pertence.<\/p>\n\n\n\n<figure class=\"wp-block-image\"><img decoding=\"async\" src=\"https:\/\/s2.glbimg.com\/Pt0wgOn-RIhHG596qbINEwjWpLs=\/0x0:1054x582\/1008x0\/smart\/filters:strip_icc()\/i.s3.glbimg.com\/v1\/AUTH_59edd422c0c84a879bd37670ae4f538a\/internal_photos\/bs\/2022\/N\/T\/umJMYCRuinxieCN8tRrw\/1659009300981248.jpg\" alt=\"Rapaz \u00e9 flagrado praticando roubo em carros na Avenida do Estado, no Centro de S\u00e3o Paulo, na manh\u00e3 desta quinta-feira (28) \u2014 Foto: Reprodu\u00e7\u00e3o\/TV Globo\"\/><\/figure>\n\n\n\n<p>Rapaz \u00e9 flagrado praticando roubo em carros na Avenida do Estado, no Centro de S\u00e3o Paulo, na manh\u00e3 desta quinta-feira (28) \u2014 Foto: Reprodu\u00e7\u00e3o\/TV Globo<\/p>\n\n\n\n<p>A Secretaria da Seguran\u00e7a P\u00fablica disse que n\u00e3o encontrou chamado para a Pol\u00edcia Militar sobre esse caso e refor\u00e7ou a import\u00e2ncia de acionar o 190 e do registro do boletim de ocorr\u00eancia.<\/p>\n\n\n\n<figure class=\"wp-block-image\"><img decoding=\"async\" src=\"https:\/\/s2.glbimg.com\/_TsTGLH9pLphTNHZIL50yCAEPSY=\/403x103:1662x982\/1008x0\/smart\/filters:strip_icc()\/i.s3.glbimg.com\/v1\/AUTH_59edd422c0c84a879bd37670ae4f538a\/internal_photos\/bs\/2022\/4\/9\/1s7bg0TQCfQRX4Ln9AOg\/acervo-bdsp-bdbr-limpo-20220728-0545-frame-258643.jpeg\" alt=\"Ladr\u00e3o corre ao roubar carro branco na Avenida do Estado, em SP, nesta quarta-feira (28). \u2014 Foto: Reprodu\u00e7\u00e3o\/TV Globo\"\/><\/figure>\n\n\n\n<p>Ladr\u00e3o corre ao roubar carro branco na Avenida do Estado, em SP, nesta quarta-feira (28). \u2014 Foto: Reprodu\u00e7\u00e3o\/TV Globo<\/p>\n\n\n\n<h2 class=\"wp-block-heading\">Outros crimes no trecho<\/h2>\n\n\n\n<p>A avenida do Estado \u00e9 um local conhecido por esse tipo de crime. Em outubro do ano passado, o&nbsp;<a href=\"https:\/\/g1.globo.com\/sp\/sao-paulo\/noticia\/2021\/10\/20\/motoristas-sao-alvo-de-arrastao-em-frente-ao-mercadao-municipal-de-sp.ghtml\"><strong>g1<\/strong><\/a>&nbsp;mostrou que&nbsp;<a href=\"https:\/\/g1.globo.com\/sp\/sao-paulo\/noticia\/2021\/10\/20\/motoristas-sao-alvo-de-arrastao-em-frente-ao-mercadao-municipal-de-sp.ghtml\">ao menos tr\u00eas motoristas foram alvo de um arrast\u00e3o em frente ao Mercad\u00e3o<\/a>&nbsp;Municipal de&nbsp;<a href=\"https:\/\/g1.globo.com\/sp\/sao-paulo\/cidade\/sao-paulo\/\">S\u00e3o Paulo<\/a>, no sentido Zona Norte da via.<\/p>\n\n\n\n<p>Na ocasi\u00e3o, quatro viaturas e duas motos da Pol\u00edcia Militaram foram ao local. Um suspeito foi detido e outro conseguiu fugir&nbsp;<strong>(veja v\u00eddeo abaixo).<\/strong><\/p>\n\n\n\n<p><video muted=\"\" preload=\"none\" poster=\"https:\/\/s03.video.glbimg.com\/x720\/9964194.jpg\"><\/p>\n\n\n\n<p>Assaltantes fazem arrast\u00e3o a carros na Avenida do Estado, regi\u00e3o central de SP<\/p>\n\n\n\n<p>Fonte: G1<\/p>\n","protected":false},"excerpt":{"rendered":"<p>No flagrante, um homem com blus\u00e3o cinza quebra o vidro de uma van branca que estava trafegando lentamente no congestionamento<\/p>\n","protected":false},"author":1,"featured_media":4615,"comment_status":"open","ping_status":"open","sticky":false,"template":"","format":"standard","meta":{"colormag_page_container_layout":"default_layout","colormag_page_sidebar_layout":"default_layout","footnotes":""},"categories":[1],"tags":[],"class_list":["post-4604","post","type-post","status-publish","format-standard","has-post-thumbnail","hentry","category-geral"],"_links":{"self":[{"href":"http:\/\/metropoleemfoco.com.br\/index.php?rest_route=\/wp\/v2\/posts\/4604","targetHints":{"allow":["GET"]}}],"collection":[{"href":"http:\/\/metropoleemfoco.com.br\/index.php?rest_route=\/wp\/v2\/posts"}],"about":[{"href":"http:\/\/metropoleemfoco.com.br\/index.php?rest_route=\/wp\/v2\/types\/post"}],"author":[{"embeddable":true,"href":"http:\/\/metropoleemfoco.com.br\/index.php?rest_route=\/wp\/v2\/users\/1"}],"replies":[{"embeddable":true,"href":"http:\/\/metropoleemfoco.com.br\/index.php?rest_route=%2Fwp%2Fv2%2Fcomments&post=4604"}],"version-history":[{"count":1,"href":"http:\/\/metropoleemfoco.com.br\/index.php?rest_route=\/wp\/v2\/posts\/4604\/revisions"}],"predecessor-version":[{"id":4616,"href":"http:\/\/metropoleemfoco.com.br\/index.php?rest_route=\/wp\/v2\/posts\/4604\/revisions\/4616"}],"wp:featuredmedia":[{"embeddable":true,"href":"http:\/\/metropoleemfoco.com.br\/index.php?rest_route=\/wp\/v2\/media\/4615"}],"wp:attachment":[{"href":"http:\/\/metropoleemfoco.com.br\/index.php?rest_route=%2Fwp%2Fv2%2Fmedia&parent=4604"}],"wp:term":[{"taxonomy":"category","embeddable":true,"href":"http:\/\/metropoleemfoco.com.br\/index.php?rest_route=%2Fwp%2Fv2%2Fcategories&post=4604"},{"taxonomy":"post_tag","embeddable":true,"href":"http:\/\/metropoleemfoco.com.br\/index.php?rest_route=%2Fwp%2Fv2%2Ftags&post=4604"}],"curies":[{"name":"wp","href":"https:\/\/api.w.org\/{rel}","templated":true}]}}