{"id":4413,"date":"2022-07-14T14:15:52","date_gmt":"2022-07-14T17:15:52","guid":{"rendered":"http:\/\/metropoleemfoco.com.br\/?p=4413"},"modified":"2022-07-14T14:15:57","modified_gmt":"2022-07-14T17:15:57","slug":"apos-deixarem-predio-em-sp-e-dizerem-que-fogo-foi-extinto-bombeiros-voltam-ao-local-com-surgimento-de-focos-de-incendio","status":"publish","type":"post","link":"http:\/\/metropoleemfoco.com.br\/?p=4413","title":{"rendered":"Ap\u00f3s deixarem pr\u00e9dio em SP e dizerem que fogo foi extinto, bombeiros voltam ao local com surgimento de focos de inc\u00eandio"},"content":{"rendered":"\n<h2 class=\"wp-block-heading\">Decis\u00e3o ocorre quase 10 horas ap\u00f3s equipes sa\u00edrem da regi\u00e3o onde edif\u00edcio havia sido atingido por fogo no domingo (10). Na manh\u00e3 desta quinta, porta-voz da corpora\u00e7\u00e3o informou que viatura com bombeiros iria ao local reavaliar a situa\u00e7\u00e3o do pr\u00e9dio. Pol\u00edcia investiga causas e eventuais responsabilidades pelo inc\u00eandio.<\/h2>\n\n\n\n<hr class=\"wp-block-separator has-alpha-channel-opacity\"\/>\n\n\n\n<figure class=\"wp-block-image\"><img decoding=\"async\" src=\"https:\/\/s2.glbimg.com\/m1yplef6S32adxnOViH1g2B8wBU=\/0x0:1600x900\/984x0\/smart\/filters:strip_icc()\/i.s3.glbimg.com\/v1\/AUTH_59edd422c0c84a879bd37670ae4f538a\/internal_photos\/bs\/2022\/l\/Q\/7d0njVQtiNfXubeeG1OA\/whatsapp-image-2022-07-13-at-15.10.29.jpeg\" alt=\"Pr\u00e9dio de dez andares na regi\u00e3o da 25 de Mar\u00e7o, no Centro de SP \u2014 Foto: Deslange Paiva\/g1\"\/><\/figure>\n\n\n\n<p>Pr\u00e9dio de dez andares na regi\u00e3o da 25 de Mar\u00e7o, no Centro de SP \u2014 Foto: Deslange Paiva\/g1<\/p>\n\n\n\n<p>Ap\u00f3s quatro dias de combate ao fogo e quase dez horas depois de deixar a regi\u00e3o do&nbsp;<a href=\"https:\/\/g1.globo.com\/sp\/sao-paulo\/noticia\/2022\/07\/10\/incendio-atinge-predio-comercial-na-regiao-da-rua-25-de-marco-no-centro-de-sp.ghtml\">pr\u00e9dio comercial de dez andares atingido pelas chamas&nbsp;<\/a>no Centro de&nbsp;<a href=\"https:\/\/g1.globo.com\/sp\/sao-paulo\/cidade\/sao-paulo\/\">S\u00e3o Paulo<\/a>&nbsp;ao informar que o&nbsp;<a href=\"https:\/\/g1.globo.com\/sp\/sao-paulo\/noticia\/2022\/07\/13\/bombeiros-afirmam-que-fogo-foi-extinto-em-predio-de-10-andares-no-centro-de-sao-paulo-que-corre-risco-de-desabar.ghtml\">fogo foi extinto<\/a>, o Corpo de Bombeiros divulgou nesta quinta-feira (14) que voltar\u00e1 ao local. A decis\u00e3o ocorre ap\u00f3s o surgimento de novos focos de inc\u00eandio na edifica\u00e7\u00e3o.<\/p>\n\n\n\n<p>Por volta das 8h10 um dos porta-vozes da corpora\u00e7\u00e3o comunicou \u00e0 imprensa que uma viatura com agentes iria reavaliar a situa\u00e7\u00e3o do pr\u00e9dio incendiado. Ainda, segundo ele, mesmo que os bombeiros tenham deixado a regi\u00e3o, eles n\u00e3o deixaram de monitorar o que acontece l\u00e1.<\/p>\n\n\n\n<blockquote class=\"wp-block-quote is-layout-flow wp-block-quote-is-layout-flow\"><p>&#8220;As opera\u00e7\u00f5es no edif\u00edcio Com\u00e9rcio e Ind\u00fastria, bem como no entorno da regi\u00e3o 25 de mar\u00e7o j\u00e1 foram finalizadas. Eventualmente algum foco de inc\u00eandio pode ter sua reigni\u00e7\u00e3o, entretanto, at\u00e9 o momento, sem risco de se tornar um inc\u00eandio de grandes propor\u00e7\u00f5es que possa afetar as edifica\u00e7\u00f5es adjacentes ou colocar em risco a popula\u00e7\u00e3o que frequenta a regi\u00e3o. N\u00f3s estamos monitorando e enviando uma viatura para reavalia\u00e7\u00e3o&#8221;, informou nesta quinta o capit\u00e3o Andr\u00e9 Elias, dos Bombeiros. Segundo ele ficar\u00e3o no local duas viaturas da corpora\u00e7\u00e3o, com cinco bombeiros, apenas para monitorarem o pr\u00e9dio. Os ve\u00edculos n\u00e3o possuem mangueiras com \u00e1gua.<\/p><\/blockquote>\n\n\n\n<p>Os bombeiros estavam combatendo as chamas no pr\u00e9dio desde domingo (10), quando o fogo come\u00e7ou no im\u00f3vel. A Pol\u00edcia Civil apura as causas e eventuais responsabilidades pelo inc\u00eandio, que atingiu tamb\u00e9m quatro im\u00f3veis pr\u00f3ximos: um edif\u00edcio comercial de seis andares, uma loja e uma igreja.<\/p>\n\n\n\n<p>O pr\u00e9dio onde o fogo come\u00e7ou n\u00e3o tinha o Auto de Vistoria do Corpo de Bombeiros (AVCB). Ele&nbsp;<a href=\"https:\/\/g1.globo.com\/sp\/sao-paulo\/noticia\/2022\/07\/12\/predio-de-10-andares-incendiado-e-com-risco-de-desabar-no-centro-de-sp-abriga-lojas-e-armazena-produtos-de-comerciantes.ghtml\">abriga pequenas lojas e armazena produtos dos comerciantes da regi\u00e3o<\/a>. O AVCB atesta que um pr\u00e9dio segue as normas de seguran\u00e7a e tem os equipamentos de prote\u00e7\u00e3o e combate a inc\u00eandios como alarmes, extintores, hidrantes e sa\u00eddas de emerg\u00eancia. O documento \u00e9 obrigat\u00f3rio.<\/p>\n\n\n\n<p><a href=\"https:\/\/g1.globo.com\/sp\/sao-paulo\/noticia\/2022\/07\/11\/bombeiros-ficam-feridos-durante-incendio-em-sp-e-sao-levados-a-hospital-com-mais-de-15percent-do-corpo-queimado.ghtml\">Dois bombeiros chegaram a sofrer queimaduras&nbsp;<\/a>e foram internados durante os trabalhos. N\u00e3o h\u00e1 mais registros de pessoas feridas na regi\u00e3o. As vias da 25 de Mar\u00e7o, que estavam interditadas, foram liberadas. Apenas a rua onde fica o pr\u00e9dio de dez andares, a Rua Comandante Abdo Schahin, permanece fechada. Atualmente a Defesa Civil permanece no local.<\/p>\n\n\n\n<h2 class=\"wp-block-heading\">Bombeiros<\/h2>\n\n\n\n<figure class=\"wp-block-image\"><img decoding=\"async\" src=\"https:\/\/s2.glbimg.com\/2RBP6fVPnrrzb7Deh0VZF4bMswU=\/0x0:1920x1080\/984x0\/smart\/filters:strip_icc()\/i.s3.glbimg.com\/v1\/AUTH_59edd422c0c84a879bd37670ae4f538a\/internal_photos\/bs\/2022\/Z\/r\/lXUzgzRXG3dmRttMltww\/jn-25-de-marco-0032s03.mp4-frame-677.jpeg\" alt=\"Bombeiros entram no pr\u00e9dio atingido por inc\u00eandio, no Centro de S\u00e3o Paulo, nesta quarta-feira (13)  \u2014 Foto: Reprodu\u00e7\u00e3o TV Globo\"\/><\/figure>\n\n\n\n<p>Bombeiros entram no pr\u00e9dio atingido por inc\u00eandio, no Centro de S\u00e3o Paulo, nesta quarta-feira (13) \u2014 Foto: Reprodu\u00e7\u00e3o TV Globo<\/p>\n\n\n\n<p>Como h\u00e1 risco de desabamento, os bombeiros estavam atuando o lado de fora do edif\u00edcio desde a manh\u00e3 de ter\u00e7a (12), quando deixaram o interior o im\u00f3vel ap\u00f3s ouvirem estalos na estrutura. Na tarde de quarta (13), eles informaram que o fogo havia sido extinto. Por volta das 22h20 do mesmo dia haviam deixado o local. Mas tinham informado que poderiam voltar \u00e0 regi\u00e3o dependendo do surgimento de novos focos de inc\u00eandio.<\/p>\n\n\n\n<blockquote class=\"wp-block-quote is-layout-flow wp-block-quote-is-layout-flow\"><p>\u201cO fogo foi extinto, est\u00e1 controlado. Fizemos um estudo, e a \u00e1rea isolada \u00e9 justamente a necess\u00e1ria para garantir a seguran\u00e7a da popula\u00e7\u00e3o. O fogo est\u00e1 extinto, mas ainda tem trabalho do Corpo de Bombeiros, estamos monitorando, continuamos com as viaturas a postos. Ainda n\u00e3o sabemos o que era armazenado no local&#8221;, afirmou Maycon Cristo, outro porta-voz dos bombeiros, ainda na quarta.<\/p><\/blockquote>\n\n\n\n<p>Segundo o porta-voz, mesmo com o fogo extinto, os bombeiros n\u00e3o tinham libera\u00e7\u00e3o t\u00e9cnica para atuar dentro do pr\u00e9dio. &#8220;Estamos respeitando um documento t\u00e9cnico de um engenheiro da prefeitura, que fala que o pr\u00e9dio tem risco de ruir. Pedimos uma nova reavalia\u00e7\u00e3o, que deve acontecer amanh\u00e3 [nesta quinta] cedo.&#8221;<\/p>\n\n\n\n<h2 class=\"wp-block-heading\">Demoli\u00e7\u00e3o<\/h2>\n\n\n\n<figure class=\"wp-block-image\"><img decoding=\"async\" src=\"https:\/\/s2.glbimg.com\/QHgiqgSJOncsio4zL1uZ_NIIIWQ=\/0x0:1280x720\/984x0\/smart\/filters:strip_icc()\/i.s3.glbimg.com\/v1\/AUTH_59edd422c0c84a879bd37670ae4f538a\/internal_photos\/bs\/2022\/l\/j\/htTvJuQAAMEnDIOjzTlg\/whatsapp-image-2022-07-13-at-08.46.11.jpeg\" alt=\"Bombeiros deixaram o pr\u00e9dio de 10 andares e fazem combate ao fogo do lado de fora, com mangueiras \u2014 Foto: Reprodu\u00e7\u00e3o\/TV Globo\"\/><\/figure>\n\n\n\n<p>Bombeiros deixaram o pr\u00e9dio de 10 andares e fazem combate ao fogo do lado de fora, com mangueiras \u2014 Foto: Reprodu\u00e7\u00e3o\/TV Globo<\/p>\n\n\n\n<p>Na noite desta quarta, assembleia entre os comerciantes cond\u00f4minos do pr\u00e9dio de dez andares autorizou a demoli\u00e7\u00e3o do pr\u00e9dio pela Prefeitura de S\u00e3o Paulo. Assim, a prefeitura n\u00e3o vai precisar entrar com uma a\u00e7\u00e3o judicial.<\/p>\n\n\n\n<p>Embora, pela manh\u00e3 desta quarta, o prefeito de S\u00e3o Paulo,&nbsp;<a href=\"https:\/\/g1.globo.com\/politica\/politico\/ricardo-luis-reis-nunes\/\">Ricardo Nunes<\/a>&nbsp;(MDB), tenha informado que o&nbsp;<a href=\"https:\/\/g1.globo.com\/sp\/sao-paulo\/noticia\/2022\/07\/13\/vai-ser-demolido-atraves-de-implosao-diz-prefeito-de-sp-sobre-predio-de-10-andares-em-chamas-ha-mais-de-60-horas.ghtml\">pr\u00e9dio seria demolido atrav\u00e9s de implos\u00e3o<\/a>, durante a tarde esta op\u00e7\u00e3o foi desconsiderada. Isso porque com o risco de desabamento ficaria dif\u00edcil entrar no im\u00f3vel para posicionar os explosivos no local.<\/p>\n\n\n\n<p>Segundo Marcos Monteiro, secret\u00e1rio municipal de Infraestrutura e Obras, &#8220;da\u00ed a gente, evidentemente, vai estudar a hip\u00f3tese de demoli\u00e7\u00e3o mec\u00e2nica ou mais alguma alternativa que surja&#8221;.<\/p>\n\n\n\n<h2 class=\"wp-block-heading\">9 im\u00f3veis interditados<\/h2>\n\n\n\n<figure class=\"wp-block-image\"><img decoding=\"async\" src=\"https:\/\/s02.video.glbimg.com\/x240\/10751629.jpg\" alt=\"Veja onde fica o pr\u00e9dio que pegou fogo perto da Rua 25 de Mar\u00e7o em SP\" title=\"Veja onde fica o pr\u00e9dio que pegou fogo perto da Rua 25 de Mar\u00e7o em SP\"\/><\/figure>\n\n\n\n<p><video muted=\"\" preload=\"none\" poster=\"https:\/\/s02.video.glbimg.com\/x720\/10751629.jpg\"><\/video><\/p>\n\n\n\n<p>00:00\/00:55<\/p>\n\n\n\n<p>Veja onde fica o pr\u00e9dio que pegou fogo perto da Rua 25 de Mar\u00e7o em SP<\/p>\n\n\n\n<p>Uma nova avalia\u00e7\u00e3o feita por engenheiros da prefeitura expandiu a \u00e1rea de bloqueio e&nbsp;<a href=\"https:\/\/g1.globo.com\/sp\/sao-paulo\/noticia\/2022\/07\/12\/nove-predios-estao-interditados-apos-incendio-no-centro-de-sp-e-correm-risco-de-desabar-afirma-prefeitura.ghtml\">interditou nove im\u00f3veis<\/a>. Al\u00e9m do pr\u00e9dio de dez andares, que corre risco de desabar, mais oito edifica\u00e7\u00f5es foram interditadas porque poderiam ser atingidas pela poss\u00edvel queda e destro\u00e7os do edif\u00edcio.<\/p>\n\n\n\n<p>Os pr\u00e9dios interditados est\u00e3o nos seguintes endere\u00e7os:<\/p>\n\n\n\n<ul class=\"wp-block-list\"><li>Rua Cavalheiro Bas\u00edlio Jafet, 115<\/li><li>Rua Cavalheiro Basilio Jafet, 127<\/li><li>Rua Cavalheiro Bas\u00edlio Jafet, 107<\/li><li>Rua Bar\u00e3o de Duprat, 41<\/li><li>Rua Bar\u00e3o de Duprat, 39<\/li><li>Rua 25 de mar\u00e7o, 734<\/li><li>Rua 25 de mar\u00e7o, 702<\/li><li>Rua Comandante Abdo Schahin, 94<\/li><li>Rua Comandante Abdo Schahin, 78 (onde est\u00e1 o pr\u00e9dio de 10 andares que continua pegando fogo)<\/li><li><\/li><\/ul>\n\n\n\n<figure class=\"wp-block-image\"><img decoding=\"async\" src=\"https:\/\/s2.glbimg.com\/F6gLV4lk_SRZjL_ZEU75nQuPB3w=\/0x0:1200x2910\/984x0\/smart\/filters:strip_icc()\/i.s3.glbimg.com\/v1\/AUTH_59edd422c0c84a879bd37670ae4f538a\/internal_photos\/bs\/2022\/W\/8\/cB8tUZSbmwElsng11Cqg\/microsoftteams-image.png\" alt=\" \u2014 Foto: Arte\/g1\"\/><\/figure>\n\n\n\n<p>\u2014 Foto: Arte\/g1<\/p>\n\n\n\n<p>Fonte: G1<\/p>\n","protected":false},"excerpt":{"rendered":"<p>Decis\u00e3o ocorre quase 10 horas ap\u00f3s equipes sa\u00edrem da regi\u00e3o onde edif\u00edcio havia sido atingido por fogo no domingo (10).<\/p>\n","protected":false},"author":1,"featured_media":4422,"comment_status":"open","ping_status":"open","sticky":false,"template":"","format":"standard","meta":{"colormag_page_container_layout":"default_layout","colormag_page_sidebar_layout":"default_layout","footnotes":""},"categories":[1],"tags":[],"class_list":["post-4413","post","type-post","status-publish","format-standard","has-post-thumbnail","hentry","category-geral"],"_links":{"self":[{"href":"http:\/\/metropoleemfoco.com.br\/index.php?rest_route=\/wp\/v2\/posts\/4413","targetHints":{"allow":["GET"]}}],"collection":[{"href":"http:\/\/metropoleemfoco.com.br\/index.php?rest_route=\/wp\/v2\/posts"}],"about":[{"href":"http:\/\/metropoleemfoco.com.br\/index.php?rest_route=\/wp\/v2\/types\/post"}],"author":[{"embeddable":true,"href":"http:\/\/metropoleemfoco.com.br\/index.php?rest_route=\/wp\/v2\/users\/1"}],"replies":[{"embeddable":true,"href":"http:\/\/metropoleemfoco.com.br\/index.php?rest_route=%2Fwp%2Fv2%2Fcomments&post=4413"}],"version-history":[{"count":1,"href":"http:\/\/metropoleemfoco.com.br\/index.php?rest_route=\/wp\/v2\/posts\/4413\/revisions"}],"predecessor-version":[{"id":4423,"href":"http:\/\/metropoleemfoco.com.br\/index.php?rest_route=\/wp\/v2\/posts\/4413\/revisions\/4423"}],"wp:featuredmedia":[{"embeddable":true,"href":"http:\/\/metropoleemfoco.com.br\/index.php?rest_route=\/wp\/v2\/media\/4422"}],"wp:attachment":[{"href":"http:\/\/metropoleemfoco.com.br\/index.php?rest_route=%2Fwp%2Fv2%2Fmedia&parent=4413"}],"wp:term":[{"taxonomy":"category","embeddable":true,"href":"http:\/\/metropoleemfoco.com.br\/index.php?rest_route=%2Fwp%2Fv2%2Fcategories&post=4413"},{"taxonomy":"post_tag","embeddable":true,"href":"http:\/\/metropoleemfoco.com.br\/index.php?rest_route=%2Fwp%2Fv2%2Ftags&post=4413"}],"curies":[{"name":"wp","href":"https:\/\/api.w.org\/{rel}","templated":true}]}}