{"id":3478,"date":"2022-05-13T12:56:21","date_gmt":"2022-05-13T15:56:21","guid":{"rendered":"http:\/\/metropoleemfoco.com.br\/?p=3478"},"modified":"2022-05-13T12:56:23","modified_gmt":"2022-05-13T15:56:23","slug":"farmacia-de-sp-acusada-de-homofobia-por-chamar-publicitario-de-gaylileu-paga-r-40-mil-de-indenizacao-e-justica-arquiva-caso","status":"publish","type":"post","link":"http:\/\/metropoleemfoco.com.br\/?p=3478","title":{"rendered":"Farm\u00e1cia de SP acusada de homofobia por chamar publicit\u00e1rio de &#8216;Gaylileu&#8217; paga R$ 40 mil de indeniza\u00e7\u00e3o, e Justi\u00e7a arquiva caso"},"content":{"rendered":"\n<h2 class=\"wp-block-heading\">Em 2021, Galileu Araujo Nogueira, de 33 anos, recebeu mensagens por celular e cupons de desconto com seu nome grafado com a letra &#8216;y&#8217;. Neste m\u00eas a Droga Raia fez acordo com o publicit\u00e1rio para pagar o valor a t\u00edtulo de indeniza\u00e7\u00e3o por dano moral. Caso foi revelado em mar\u00e7o.<\/h2>\n\n\n\n<hr class=\"wp-block-separator\"\/>\n\n\n\n<figure class=\"wp-block-image\"><img decoding=\"async\" src=\"https:\/\/s04.video.glbimg.com\/x240\/10570867.jpg\" alt=\"Farm\u00e1cia de SP acusada de homofobia paga R$ 40 mil de indeniza\u00e7\u00e3o\" title=\"Farm\u00e1cia de SP acusada de homofobia paga R$ 40 mil de indeniza\u00e7\u00e3o\"\/><\/figure>\n\n\n\n<p>Farm\u00e1cia de SP acusada de homofobia paga R$ 40 mil de indeniza\u00e7\u00e3ohttps:\/\/9f4fdafb11cc928c214fb4757d249e03.safeframe.googlesyndication.com\/safeframe\/1-0-38\/html\/container.html<\/p>\n\n\n\n<p>Uma tradicional rede de farm\u00e1cias que no ano passado foi acusada de homofobia por ter chamado um\u00a0publicit\u00e1rio de &#8220;Gaylileu&#8221; aceitou fazer neste m\u00eas um acordo e pagou R$ 40 mil, a t\u00edtulo de indeniza\u00e7\u00e3o\u00a0por danos morais, para a Justi\u00e7a arquivar o caso. A v\u00edtima recebeu metade desse dinheiro, e os outros R$ 20 mil foram para uma ONG que abriga jovens\u00a0LGBTQIAP+\u00a0na capital paulista.<\/p>\n\n\n\n<p>Em 2021, Galileu Araujo Nogueira\u00a0passou a receber mensagens da Droga Raia por SMS do celular e cupons de desconto para medicamentos, com seu nome escrito com a inclus\u00e3o da letra &#8220;y&#8221;, formando a palavra &#8220;gay&#8221;,\u00a0ao lado da sugest\u00e3o do rem\u00e9dio que ele usava. Antes disso, o nome do cliente era grafado corretamente nos recados que recebia.https:\/\/9f4fdafb11cc928c214fb4757d249e03.safeframe.googlesyndication.com\/safeframe\/1-0-38\/html\/container.html<\/p>\n\n\n\n<figure class=\"wp-block-image\"><img decoding=\"async\" src=\"https:\/\/s2.glbimg.com\/MO-rLHNXaocN8Qq6qQZo_CEUMQk=\/0x0:1501x500\/1008x0\/smart\/filters:strip_icc()\/i.s3.glbimg.com\/v1\/AUTH_59edd422c0c84a879bd37670ae4f538a\/internal_photos\/bs\/2022\/E\/9\/ssF4keS8G33AaUmdqtGg\/galileu-sms-droga.jpg\" alt=\"O publicit\u00e1rio Galileu Andrade acusa da Droga Raia de enviar mensagens homof\u00f3bicas para ele por SMS \u2014 Foto: Divulga\u00e7\u00e3o\/Arquivo pessoal\/Reprodu\u00e7\u00e3o Google Maps\"\/><\/figure>\n\n\n\n<p>O publicit\u00e1rio Galileu Andrade acusa da Droga Raia de enviar mensagens homof\u00f3bicas para ele por SMS \u2014 Foto: Divulga\u00e7\u00e3o\/Arquivo pessoal\/Reprodu\u00e7\u00e3o Google Maps<\/p>\n\n\n\n<p>Em mar\u00e7o deste ano, o publicit\u00e1rio de 33 anos, que \u00e9 homossexual, denunciou a discrimina\u00e7\u00e3o que sofreu nas redes sociais, e o&nbsp;<a href=\"https:\/\/g1.globo.com\/\"><strong>g1<\/strong><\/a>&nbsp;<a href=\"https:\/\/g1.globo.com\/sp\/sao-paulo\/noticia\/2022\/03\/29\/publicitario-acusa-farmacia-de-homofobia-ao-ser-chamado-de-gaylileu-em-sp.ghtml\">divulgou o caso<\/a>. Ele postou fotos dos cupons e as mensagens que recebeu da farm\u00e1cia em seu perfil no Instagram:<\/p>\n\n\n\n<blockquote class=\"wp-block-quote is-layout-flow wp-block-quote-is-layout-flow\"><p>&#8220;Droga Raia:&nbsp;Gaylileu&nbsp;o NORVOSAC 5 MG 30 S deve estar acabando. Compre pelo site ou na Droga Raia mais prox (p\/sair envie PARE)&#8221;, informa o SMS recebido em 19 de mar\u00e7o de 2021 sobre o medicamento controlado que toma para hipertens\u00e3o.<\/p><\/blockquote>\n\n\n\n<figure class=\"wp-block-image\"><img decoding=\"async\" src=\"https:\/\/s2.glbimg.com\/3YR3Vd0BLwADE4gCeDxTQkoMvHg=\/0x0:1469x617\/984x0\/smart\/filters:strip_icc()\/i.s3.glbimg.com\/v1\/AUTH_59edd422c0c84a879bd37670ae4f538a\/internal_photos\/bs\/2022\/l\/b\/QBPYDKQxmjcNMRgbOAwg\/galileu.jpg\" alt=\"At\u00e9 janeiro do ano passado, a Droga Raia grafava corretamente o nome de Galileu \u2014 Foto: Reprodu\u00e7\u00e3o\/Arquivo pessoal\"\/><\/figure>\n\n\n\n<p>At\u00e9 janeiro do ano passado, a Droga Raia grafava corretamente o nome de Galileu \u2014 Foto: Reprodu\u00e7\u00e3o\/Arquivo pessoal<\/p>\n\n\n\n<h2 class=\"wp-block-heading\">Bolsas de estudos<\/h2>\n\n\n\n<figure class=\"wp-block-image\"><img decoding=\"async\" src=\"https:\/\/s2.glbimg.com\/qOwcYWge0o_37-81b7GImiQmkSM=\/0x6:707x531\/1008x0\/smart\/filters:strip_icc()\/i.s3.glbimg.com\/v1\/AUTH_59edd422c0c84a879bd37670ae4f538a\/internal_photos\/bs\/2022\/z\/A\/LglEIfTEy4AAMDMOPKFA\/cupom-galileu.jpg\" alt=\"Cupons de desconto da Droga Raia t\u00eam o nome de 'Gaylileu' e n\u00e3o Galileu, como o publicit\u00e1rio \u00e9 seu nome \u2014 Foto: Reprodu\u00e7\u00e3o\/Divulga\u00e7\u00e3o\"\/><\/figure>\n\n\n\n<p>Cupons de desconto da Droga Raia t\u00eam o nome de &#8216;Gaylileu&#8217; e n\u00e3o Galileu, como o publicit\u00e1rio \u00e9 seu nome \u2014 Foto: Reprodu\u00e7\u00e3o\/Divulga\u00e7\u00e3o<\/p>\n\n\n\n<p>Com a indeniza\u00e7\u00e3o que recebeu, Galileu informou que&nbsp;ir\u00e1 dar bolsas de estudos para jovens LGBTQIAP+ que queiram se especializar em comunica\u00e7\u00e3o. O publicit\u00e1rio tamb\u00e9m usa suas redes sociais para mostrar seu trabalho como estrategista de marcas, al\u00e9m de dar aulas de constru\u00e7\u00e3o de marca na Miami AdSchool.<\/p>\n\n\n\n<p>A outra parte do valor da indeniza\u00e7\u00e3o vai ajudar&nbsp;a ONG Casa 1, que recebe gratuitamente pessoas de 18 a 25 anos que foram expulsas de suas casas&nbsp;pelas fam\u00edlias por causa de suas orienta\u00e7\u00f5es afetivas sexuais e identidade de g\u00eanero.<\/p>\n\n\n\n<p>Com o acordo amig\u00e1vel entre as partes, a a\u00e7\u00e3o de indeniza\u00e7\u00e3o por dano moral que Galileu movia na Justi\u00e7a contra a empresa foi encerrada. Ele cobrava R$ 44 mil de indeniza\u00e7\u00e3o, al\u00e9m de exigir que ela crie programas de treinamentos com funcion\u00e1rios.<\/p>\n\n\n\n<p>Al\u00e9m disso, a condena\u00e7\u00e3o que a Droga Raia sofreu foi substitu\u00edda por esse acordo.&nbsp;Em abril deste ano, a Justi\u00e7a havia condenado a farm\u00e1cia a pagar R$ 4 mil ao publicit\u00e1rio, mas esse valor nunca foi pago. E n\u00e3o ser\u00e1 mais por conta do pacto que a empresa e Galilleu firmaram e que foi homologado em maio pela Justi\u00e7a.<\/p>\n\n\n\n<h2 class=\"wp-block-heading\">&#8216;Marco na luta contra homofobia no Brasil&#8217;<\/h2>\n\n\n\n<figure class=\"wp-block-image\"><img decoding=\"async\" src=\"https:\/\/s2.glbimg.com\/MGGvkg8URFJXsMMsm8VSsNuxIQU=\/0x0:671x592\/984x0\/smart\/filters:strip_icc()\/i.s3.glbimg.com\/v1\/AUTH_59edd422c0c84a879bd37670ae4f538a\/internal_photos\/bs\/2022\/E\/h\/9hGUuTSUi2fEh9q32iJA\/instagram-galileu-foto.jpg\" alt=\"Galileu Nogueira comunicou o acordo com a Droga Raia em seu Instagram \u2014 Foto: Reprodu\u00e7\u00e3o\/Arquivo pessoal\/Instagram\"\/><\/figure>\n\n\n\n<p>Galileu Nogueira comunicou o acordo com a Droga Raia em seu Instagram \u2014 Foto: Reprodu\u00e7\u00e3o\/Arquivo pessoal\/Instagram<\/p>\n\n\n\n<blockquote class=\"wp-block-quote is-layout-flow wp-block-quote-is-layout-flow\"><p>&#8220;O resultado da a\u00e7\u00e3o, pra mim, \u00e9 um&nbsp;excelente marco na luta contra homofobia no Brasil.&nbsp;E acredito que ela pode inspirar outras pessoas da comunidade LGBTQIAP+ a n\u00e3o se calarem mais. A possibilidade de reverter a indeniza\u00e7\u00e3o, vindo de um ato de homofobia, e virando uma possibilidade de educa\u00e7\u00e3o para comunidade \u00e9 o que mais me deixa feliz no resultado desse processo&#8221;, disse Galileu, que gravou um v\u00eddeo na sua rede social para tratar do acordo.<\/p><\/blockquote>\n\n\n\n<h2 class=\"wp-block-heading\">O que diz a Droga Raia<\/h2>\n\n\n\n<p>Por meio de nota encaminhada ao<strong>&nbsp;g1&nbsp;<\/strong>por sua assessoria de imprensa, a Droga Raia informou que respeita a comunidade LGBTQIAP+ e trabalha pela inclus\u00e3o dessas pessoas no seu quadro de funcion\u00e1rios.<\/p>\n\n\n\n<blockquote class=\"wp-block-quote is-layout-flow wp-block-quote-is-layout-flow\"><p>&#8220;Ficamos satisfeitos com o desfecho, pois sabemos que isso&nbsp;poder\u00e1 contribuir com a promo\u00e7\u00e3o cont\u00ednua da diversidade, e porque estamos aprendendo juntos como construir uma sociedade mais inclusiva&#8221;, informa o comunicado da rede de farm\u00e1cias&nbsp;<strong><em>(leia abaixo a \u00edntegra da nota)<\/em><\/strong>.<\/p><\/blockquote>\n\n\n\n<p>Galileu contou que sofreu a homofobia no ano passado, quando foi a uma farm\u00e1cia da Droga Raia na Rua Frei Caneca, conhecida pela presen\u00e7a de LGBTQIAP+ no centro de&nbsp;<a href=\"https:\/\/g1.globo.com\/sp\/sao-paulo\/cidade\/sao-paulo\/\">S\u00e3o Paulo<\/a>. Chegando l\u00e1, o publicit\u00e1rio disse que viu seu nome grafado de maneira pejorativa, como &#8216;Gaylileu&#8217;, nos cupons de desconto para medicamentos. Depois passou a receber mensagens pelo celular com o mesmo nome que o ofendeu.<\/p>\n\n\n\n<p>Galileu Nogueira usou sua rede social para denunciar ter sido v\u00edtima de homofobia na Droga Raia em S\u00e3o Paulo \u2014 Foto: Reprodu\u00e7\u00e3o\/Rede socialhttps:\/\/9f4fdafb11cc928c214fb4757d249e03.safeframe.googlesyndication.com\/safeframe\/1-0-38\/html\/container.html<\/p>\n\n\n\n<p>\u00c0 \u00e9poca, o publicit\u00e1rio havia dito que foi &#8220;perturbador&#8221; descobrir que algu\u00e9m que trabalha na Droga Raia trocou seu nome por preconceito pelo fato de ele ser gay.<\/p>\n\n\n\n<blockquote class=\"wp-block-quote is-layout-flow wp-block-quote-is-layout-flow\"><p>&#8220;Na hora que recebi essa mensagem, pensei: &#8216;Deve ter sido um erro de digita\u00e7\u00e3o&#8217;, mas alguns segundos depois entendi que n\u00e3o, era homofobia. N\u00e3o havia sentido ser um erro de digita\u00e7\u00e3o em algo que sempre foi escrito certo nas mensagens&#8221;, disse Galileu. &#8220;O&nbsp;sentimento \u00e9 bem perturbador.&#8221;<\/p><\/blockquote>\n\n\n\n<p>Tamb\u00e9m em mar\u00e7o , o advogado&nbsp;Giovani Ravagnani, que defende Galileu, havia dito que o que estava em disputa contra a Droga a Raia, na a\u00e7\u00e3o impetrada por ele na Justi\u00e7a, n\u00e3o era o dinheiro, mas a responsabilidade da empresa com o ato de homofobia que ocorreu com seu cliente.<\/p>\n\n\n\n<blockquote class=\"wp-block-quote is-layout-flow wp-block-quote-is-layout-flow\"><p>&#8220;\u00c9 muito menos a indeniza\u00e7\u00e3o&nbsp;e muito mais trazer a discuss\u00e3o para ter programa de treinamento de funcion\u00e1rios para isso n\u00e3o ocorrer de novo&#8221;, falou Giovani.<\/p><\/blockquote>\n\n\n\n<h2 class=\"wp-block-heading\">Veja a \u00edntegra da nota da Droga Raia:<\/h2>\n\n\n\n<figure class=\"wp-block-image\"><img decoding=\"async\" src=\"https:\/\/s2.glbimg.com\/hVsrTXWXfEcUehp2mJXNDVcWRo8=\/0x0:1503x697\/1008x0\/smart\/filters:strip_icc()\/i.s3.glbimg.com\/v1\/AUTH_59edd422c0c84a879bd37670ae4f538a\/internal_photos\/bs\/2022\/x\/Q\/pMx2IeRoatBQzxxPiGFQ\/droga-raia-frei-caneca-2.jpg\" alt=\"Droga Raia na esquina da Rua Frei Caneca, no Centro de S\u00e3o Paulo, onde publicit\u00e1rio disse ter sido indagado por funcion\u00e1rio se eu nome era mesmo 'Gaylileu' \u2014 Foto: Reprodu\u00e7\u00e3o\/Google Maps\"\/><\/figure>\n\n\n\n<p>Droga Raia na esquina da Rua Frei Caneca, no Centro de S\u00e3o Paulo, onde publicit\u00e1rio disse ter sido indagado por funcion\u00e1rio se eu nome era mesmo &#8216;Gaylileu&#8217; \u2014 Foto: Reprodu\u00e7\u00e3o\/Google Mapshttps:\/\/9f4fdafb11cc928c214fb4757d249e03.safeframe.googlesyndication.com\/safeframe\/1-0-38\/html\/container.html<\/p>\n\n\n\n<p><em>&#8220;A Droga Raia \u00e9 uma empresa com mais de 115 anos, que se preocupa com a sa\u00fade e o bem-estar de seus clientes,&nbsp;<\/em><em>aberta \u00e0 diversidade, \u00e0 pluralidade e a rela\u00e7\u00f5es transparentes,<\/em><em>&nbsp;portanto, somos contra qualquer ato de discrimina\u00e7\u00e3o.&nbsp;<\/em><em>Respeitamos a comunidade LBTQI+ e trabalhamos pela inclus\u00e3o dessas pessoas em nosso quadro de funcion\u00e1rios<\/em><em>, sempre preocupados com o bom atendimento dos nossos clientes em nossas farm\u00e1cias.<\/em><\/p>\n\n\n\n<p><em>Quando recebemos o relato do Sr. Galileu entramos em contato para marcar uma conversa pessoal e apresentar as iniciativas da empresa no campo da Diversidade, e mesmo com a senten\u00e7a judicial determinando um valor bem abaixo do que est\u00e1vamos negociando, entendemos que poder\u00edamos manter o acordo nos valores combinados, aceitando a sugest\u00e3o do cliente em destinar parte do valor \u00e0 ONG Casa 1.&nbsp;<\/em><em>Ficamos satisfeitos com o desfecho, pois sabemos que isso poder\u00e1 contribuir com a promo\u00e7\u00e3o cont\u00ednua da diversidade<\/em><em>, e porque estamos aprendendo juntos como construir uma sociedade mais inclusiva.<\/em><\/p>\n\n\n\n<p><em>Continuaremos investindo em treinamentos e conscientiza\u00e7\u00e3o&nbsp;<\/em><em>dos nossos 50 mil funcion\u00e1rios para combater a discrimina\u00e7\u00e3o, bem como no letramento de nossos executivos, que em 2021, tornaram-se sponsors nas agendas de gera\u00e7\u00f5es, g\u00eanero, LGBTI+, pessoas com defici\u00eancia e ra\u00e7a\/etnia.<\/em><\/p>\n\n\n\n<p><em>Apesar de todas as nossas iniciativas sabemos que ainda h\u00e1 muito para avan\u00e7ar. Estamos trabalhando para que as nossas farm\u00e1cias continuem sendo refer\u00eancias no acolhimento \u00e0s pessoas, mantendo o m\u00e1ximo respeito e cuidado com clientes, funcion\u00e1rios e a sociedade em geral.&#8221;<\/em><\/p>\n\n\n\n<p>Fonte: G1<\/p>\n","protected":false},"excerpt":{"rendered":"<p>Em 2021, Galileu Araujo Nogueira, de 33 anos, recebeu mensagens por celular e cupons de desconto com seu nome grafado<\/p>\n","protected":false},"author":1,"featured_media":3486,"comment_status":"open","ping_status":"open","sticky":false,"template":"","format":"standard","meta":{"colormag_page_container_layout":"default_layout","colormag_page_sidebar_layout":"default_layout","footnotes":""},"categories":[1],"tags":[],"class_list":["post-3478","post","type-post","status-publish","format-standard","has-post-thumbnail","hentry","category-geral"],"_links":{"self":[{"href":"http:\/\/metropoleemfoco.com.br\/index.php?rest_route=\/wp\/v2\/posts\/3478","targetHints":{"allow":["GET"]}}],"collection":[{"href":"http:\/\/metropoleemfoco.com.br\/index.php?rest_route=\/wp\/v2\/posts"}],"about":[{"href":"http:\/\/metropoleemfoco.com.br\/index.php?rest_route=\/wp\/v2\/types\/post"}],"author":[{"embeddable":true,"href":"http:\/\/metropoleemfoco.com.br\/index.php?rest_route=\/wp\/v2\/users\/1"}],"replies":[{"embeddable":true,"href":"http:\/\/metropoleemfoco.com.br\/index.php?rest_route=%2Fwp%2Fv2%2Fcomments&post=3478"}],"version-history":[{"count":1,"href":"http:\/\/metropoleemfoco.com.br\/index.php?rest_route=\/wp\/v2\/posts\/3478\/revisions"}],"predecessor-version":[{"id":3487,"href":"http:\/\/metropoleemfoco.com.br\/index.php?rest_route=\/wp\/v2\/posts\/3478\/revisions\/3487"}],"wp:featuredmedia":[{"embeddable":true,"href":"http:\/\/metropoleemfoco.com.br\/index.php?rest_route=\/wp\/v2\/media\/3486"}],"wp:attachment":[{"href":"http:\/\/metropoleemfoco.com.br\/index.php?rest_route=%2Fwp%2Fv2%2Fmedia&parent=3478"}],"wp:term":[{"taxonomy":"category","embeddable":true,"href":"http:\/\/metropoleemfoco.com.br\/index.php?rest_route=%2Fwp%2Fv2%2Fcategories&post=3478"},{"taxonomy":"post_tag","embeddable":true,"href":"http:\/\/metropoleemfoco.com.br\/index.php?rest_route=%2Fwp%2Fv2%2Ftags&post=3478"}],"curies":[{"name":"wp","href":"https:\/\/api.w.org\/{rel}","templated":true}]}}