{"id":3477,"date":"2022-05-13T12:54:20","date_gmt":"2022-05-13T15:54:20","guid":{"rendered":"http:\/\/metropoleemfoco.com.br\/?p=3477"},"modified":"2022-05-13T12:54:22","modified_gmt":"2022-05-13T15:54:22","slug":"usuarios-da-cracolandia-se-dividem-em-grupos-e-buscam-novos-pontos-para-se-fixar-como-a-praca-marechal-deodoro","status":"publish","type":"post","link":"http:\/\/metropoleemfoco.com.br\/?p=3477","title":{"rendered":"Usu\u00e1rios da Cracol\u00e2ndia se dividem em grupos e buscam novos pontos para se fixar, como a Pra\u00e7a Marechal Deodoro"},"content":{"rendered":"\n<h2 class=\"wp-block-heading\">Opera\u00e7\u00e3o que envolveu 650 agentes na madrugada da quarta-feira (11) e tinha como foco a pris\u00e3o de traficantes, retirou dependentes qu\u00edmicos da Pra\u00e7a Princesa Isabel.<\/h2>\n\n\n\n<hr class=\"wp-block-separator\"\/>\n\n\n\n<figure class=\"wp-block-image\"><img decoding=\"async\" src=\"https:\/\/s04.video.glbimg.com\/x240\/10570499.jpg\" alt=\"Grupo tenta se fixar na Pra\u00e7a Marechal Deodoro, no Centro, ap\u00f3s a\u00e7\u00e3o na Cracol\u00e2ndia\" title=\"Grupo tenta se fixar na Pra\u00e7a Marechal Deodoro, no Centro, ap\u00f3s a\u00e7\u00e3o na Cracol\u00e2ndia\"\/><\/figure>\n\n\n\n<p>Grupo tenta se fixar na Pra\u00e7a Marechal Deodoro, no Centro, ap\u00f3s a\u00e7\u00e3o na Cracol\u00e2ndia<\/p>\n\n\n\n<p>O dia seguinte \u00e0 opera\u00e7\u00e3o que envolveu 650 oficiais e retirou os dependentes qu\u00edmicos da Cracol\u00e2ndia da Pra\u00e7a Princesa Isabel, na madrugada de quarta-feira (11), foi marcado por deslocamentos e busca por novos pontos para se fixar nas ruas do Centro, principalmente pr\u00f3ximo \u00e0 Pra\u00e7a Marechal Deodoro.<\/p>\n\n\n\n<p>Divididos em grupos, antigos moradores da Pra\u00e7a Princesa Isabel est\u00e3o circulando pelos seguintes pontos: Rua Helv\u00e9tia, Alameda Bar\u00e3o de Piracicaba, Alameda Glete, Rua Mau\u00e1, Rua Bar\u00e3o de Limeira, Rua Bar\u00e3o de Campinas e Rua Conselheiro N\u00e9bias.<\/p>\n\n\n\n<figure class=\"wp-block-image\"><img decoding=\"async\" src=\"https:\/\/s02.video.glbimg.com\/x240\/10570505.jpg\" alt=\"Usu\u00e1rios de drogas buscam novos pontos para se fixar ap\u00f3s a\u00e7\u00e3o na Cracol\u00e2ndia\" title=\"Usu\u00e1rios de drogas buscam novos pontos para se fixar ap\u00f3s a\u00e7\u00e3o na Cracol\u00e2ndia\"\/><\/figure>\n\n\n\n<p>Usu\u00e1rios de drogas buscam novos pontos para se fixar ap\u00f3s a\u00e7\u00e3o na Cracol\u00e2ndia<\/p>\n\n\n\n<p>A movimenta\u00e7\u00e3o dos usu\u00e1rios levou medo aos comerciantes da regi\u00e3o, e alguns trabalharam com portas entreabertas nesta quinta (12). Viaturas da Pol\u00edcia Militar e da Guarda Civil Metropolitana circulavam pela regi\u00e3o, assim como agentes de sa\u00fade.<\/p>\n\n\n\n<figure class=\"wp-block-image\"><img decoding=\"async\" src=\"https:\/\/s2.glbimg.com\/4wOEx3J1-a3eoKG2bMSStbCC1uc=\/0x0:5045x2509\/984x0\/smart\/filters:strip_icc()\/i.s3.glbimg.com\/v1\/AUTH_59edd422c0c84a879bd37670ae4f538a\/internal_photos\/bs\/2022\/M\/g\/ow38RARparS88KivdP6Q\/odr20220512011.jpg\" alt=\"Movimenta\u00e7\u00e3o na Pra\u00e7a Princesa Isabel, no Centro, um dia ap\u00f3s a opera\u00e7\u00e3o que retirou a Cracol\u00e2ndia do local \u2014 Foto: Wagner Vilas\/Ag\u00eancia O Dia\/Estad\u00e3o Conte\u00fado\"\/><\/figure>\n\n\n\n<p>Movimenta\u00e7\u00e3o na Pra\u00e7a Princesa Isabel, no Centro, um dia ap\u00f3s a opera\u00e7\u00e3o que retirou a Cracol\u00e2ndia do local \u2014 Foto: Wagner Vilas\/Ag\u00eancia O Dia\/Estad\u00e3o Conte\u00fado<\/p>\n\n\n\n<p>Esta foi a segunda mudan\u00e7a de endere\u00e7o da Cracol\u00e2ndia em pouco mais de um m\u00eas.<\/p>\n\n\n\n<p>Segundo um morador da regi\u00e3o, na noite de quarta, um grupo de cerca de 60 pessoas chegou a tentar invadir o Sacol\u00e3o Campos El\u00edseos, na Alameda Eduardo Prado. Os comerciantes fecharam as portas, a pol\u00edcia chegou, ainda segundo o morador, e, como o grupo n\u00e3o conseguiu entrar no mercado, seguiu subindo a rua em dire\u00e7\u00e3o \u00e0 esta\u00e7\u00e3o Marechal Deodoro do Metr\u00f4.<\/p>\n\n\n\n<p>De acordo com o seguran\u00e7a do sacol\u00e3o, alguns dependentes qu\u00edmicos jogaram pedras nos vidros, e um deles ficou trincado. Ningu\u00e9m ficou ferido, n\u00e3o houve furtos nem danos aos clientes. Segundo ele, o grupo estava dando voltas no quarteir\u00e3o por volta das 19h40.<\/p>\n\n\n\n<figure class=\"wp-block-image\"><img decoding=\"async\" src=\"https:\/\/s04.video.glbimg.com\/x240\/10567107.jpg\" alt=\"Ap\u00f3s a\u00e7\u00e3o da pol\u00edcia na Cracol\u00e2ndia, usu\u00e1rios de drogas se espalham pelo Centro de SP\" title=\"Ap\u00f3s a\u00e7\u00e3o da pol\u00edcia na Cracol\u00e2ndia, usu\u00e1rios de drogas se espalham pelo Centro de SP\"\/><\/figure>\n\n\n\n<p>Ap\u00f3s a\u00e7\u00e3o da pol\u00edcia na Cracol\u00e2ndia, usu\u00e1rios de drogas se espalham pelo Centro de SP<\/p>\n\n\n\n<figure class=\"wp-block-image\"><img decoding=\"async\" src=\"https:\/\/s01.video.glbimg.com\/x240\/10567240.jpg\" alt=\"Pol\u00edcia faz opera\u00e7\u00e3o em \u00e1rea da capital paulista conhecida como cracol\u00e2ndia\" title=\"Pol\u00edcia faz opera\u00e7\u00e3o em \u00e1rea da capital paulista conhecida como cracol\u00e2ndia\"\/><\/figure>\n\n\n\n<p>Pol\u00edcia faz opera\u00e7\u00e3o em \u00e1rea da capital paulista conhecida como cracol\u00e2ndia<\/p>\n\n\n\n<figure class=\"wp-block-image\"><img decoding=\"async\" src=\"https:\/\/s02.video.glbimg.com\/x240\/10566809.jpg\" alt=\"Dependente qu\u00edmicos andando em dire\u00e7\u00e3o a esta\u00e7\u00e3o de metr\u00f4 Marechal Deodoro\" title=\"Dependente qu\u00edmicos andando em dire\u00e7\u00e3o a esta\u00e7\u00e3o de metr\u00f4 Marechal Deodoro\"\/><\/figure>\n\n\n\n<p>Dependente qu\u00edmicos andando em dire\u00e7\u00e3o a esta\u00e7\u00e3o de metr\u00f4 Marechal Deodoro<\/p>\n\n\n\n<p>A a\u00e7\u00e3o, que envolveu 650 oficiais das pol\u00edcias Civil e Militar e da Guarda Civil Metropolitana, al\u00e9m de funcion\u00e1rios da prefeitura, resultou em cinco presos (dois eram procurados e tr\u00eas foram detidos em flagrante), al\u00e9m de apreens\u00e3o de documentos (como RGs e CPFs) e drogas (quantidade n\u00e3o divulgada at\u00e9 a \u00faltima atualiza\u00e7\u00e3o desta reportagem), segundo a pol\u00edcia.<\/p>\n\n\n\n<p>O objetivo era prender 36 pessoas, a maioria traficantes. Um dos presos foi Lucas Felipe Macedo Marques, que, segundo a pol\u00edcia, mantinha uma banca de drogas no local. Os policiais apreenderam drogas, dinheiro e cadernos com anota\u00e7\u00f5es dos traficantes.<\/p>\n\n\n\n<p>Moradores da Cracol\u00e2ndia se espalham por ruas do Centro ap\u00f3s opera\u00e7\u00e3o da pol\u00edcia \u2014 Foto: Reprodu\u00e7\u00e3o\/TV Globo<\/p>\n\n\n\n<p>Opera\u00e7\u00e3o na Cracol\u00e2ndia, no Centro de SP \u2014 Foto: WILLIAN MOREIRA\/FUTURA PRESS\/ESTAD\u00c3O CONTE\u00daDO<\/p>\n\n\n\n<p>Segundo o delegado Roberto Monteiro, \u201co que n\u00f3s descobrimos no trabalho de intelig\u00eancia \u00e9 que n\u00e3o se tratava de uma venda e consumo por dependentes. Na verdade, se tratava de v\u00e1rios traficantes hierarquizados, mantidos em organiza\u00e7\u00e3o criminosa que faturava inclusive, segundo as nossas estimativas, perto de R$ 200 milh\u00f5es por ano\u201d.<\/p>\n\n\n\n<p>O padre J\u00falio Lancelotti, coordenador da Pastoral do Povo de Rua, afirmou que os usu\u00e1rios ficaram agitados com a a\u00e7\u00e3o e, em vez de um \u00fanico grupo, agora s\u00e3o v\u00e1rios.<\/p>\n\n\n\n<p>\u201cEles est\u00e3o espalhados, est\u00e3o muito agitados com toda a trucul\u00eancia que eles receberam, que mais uma vez o poder p\u00fablico engana a popula\u00e7\u00e3o, espalhou as pessoas pelas ruas e isso vai gerar mais \u00f3dio. Ao inv\u00e9s de ter um grupo temos agora dezenas de grupos espalhados. Vai pulverizar pela cidade, mas o principal e o mais grave \u00e9 que as pessoas continuar\u00e3o abandonadas, continuar\u00e3o sem nenhuma assist\u00eancia, continuar\u00e3o sendo desrespeitadas. Foram tratadas mais uma vez como lixo.\u201d<\/p>\n\n\n\n<p>Segundo o delegado Monteiro, a a\u00e7\u00e3o foi pac\u00edfica e que n\u00e3o houve trucul\u00eancia por parte dos agentes.<\/p>\n\n\n\n<p>Ao menos 20 pessoas foram presas durante opera\u00e7\u00e3o na Cracol\u00e2ndia \u2014 Foto: WILLIAN MOREIRA\/FUTURA PRESS\/ESTAD\u00c3O CONTE\u00daDO<\/p>\n\n\n\n<p>H\u00e1, pelo menos, tr\u00eas d\u00e9cadas as autoridades tentam acabar com a Cracol\u00e2ndia. O problema \u00e9 complexo e, como tal, exige mais do que a\u00e7\u00f5es policiais pontuais. Para Thiago Marques Fidalgo, professor do Departamento de Psiquiatria da Universidade Federal de S\u00e3o Paulo (Unifesp), a solu\u00e7\u00e3o definitiva para a Cracol\u00e2ndia passa por uma articula\u00e7\u00e3o entre v\u00e1rios setores &#8211; como sa\u00fade, assist\u00eancia social, seguran\u00e7a p\u00fablica, cultura e esporte e deve ter como foco o usu\u00e1rio.<\/p>\n\n\n\n<p>\u201cO que a gente precisa \u00e9 ter o foco do cuidado no usu\u00e1rio. Ent\u00e3o, \u00e9 oferecer assist\u00eancia, moradia, oportunidade de emprego, oferecer cuidado de sa\u00fade, n\u00e3o s\u00f3 tratamento da depend\u00eancia, mas cuidado de sa\u00fade em geral. Pensar num programa integrado, visando o bem-estar e melhoria da qualidade de vida e o resgate da dignidade social das pessoas que circulam pela Cracol\u00e2ndia\u201d, afirmou.<\/p>\n\n\n\n<p>\u201cCada tentativa que \u00e9 feita sempre costuma ter o foco em seguran\u00e7a p\u00fablica\u201d, ressalta, \u201ce a Cracol\u00e2ndia \u00e9 um problema muito complexo, que envolve tamb\u00e9m seguran\u00e7a p\u00fablica, mas \u00e9 fundamentalmente um problema de sa\u00fade p\u00fablica. Ent\u00e3o, para a gente ter uma solu\u00e7\u00e3o que seja mais definitiva, precisa pensar no cuidado e na sa\u00fade das pessoas que circulam por l\u00e1\u201d.<\/p>\n\n\n\n<p>A Secretaria Municipal de Assist\u00eancia e Desenvolvimento Social informou, por nota, que foram feitos 146 atendimentos pelos assistentes sociais e que 17 pessoas aceitaram ser encaminhadas para o Centro de Aten\u00e7\u00e3o Psicossocial (Caps).<\/p>\n\n\n\n<p>Depois da opera\u00e7\u00e3o da pol\u00edcia, os dependentes qu\u00edmicos sa\u00edram \u00e0s pressas deixando para tr\u00e1s pertences. Com a pra\u00e7a vazia, a prefeitura come\u00e7ou uma reforma na parte que at\u00e9 a ter\u00e7a (10) era ocupada pela Cracol\u00e2ndia.<\/p>\n\n\n\n<p>Marcelo Salles, subprefeito da S\u00e9, afirmou que ser\u00e1 feita \u201cdescompacta\u00e7\u00e3o de toda a terra, a recomposi\u00e7\u00e3o do paisagismo, poda de \u00e1rvore, recupera\u00e7\u00e3o das galerias de \u00e1guas pluviais que quem n\u00e3o t\u00e1 aqui pode n\u00e3o perceber, mas tem um cheiro muito forte, vamos desentupir tudo e arrumar todo o sistema de drenagem da pra\u00e7a\u201d.<\/p>\n\n\n\n<p>Nesta quinta-feira (12), o governador de S\u00e3o Paulo, Rodrigo Garcia (PSDB), disse que a gest\u00e3o estadual n\u00e3o tem solu\u00e7\u00e3o m\u00e1gica para a Cracol\u00e2ndia na capital paulista.<\/p>\n\n\n\n<p>\u201cN\u00f3s n\u00e3o temos um passe de m\u00e1gica para a solu\u00e7\u00e3o da Cracol\u00e2ndia em S\u00e3o Paulo, no resto do Brasil e n\u00e3o tem no mundo. \u00c9 uma perseveran\u00e7a permanente de pol\u00edticas p\u00fablicas para que a gente possa melhorar o sofrimento daqueles dependentes qu\u00edmicos. Criar um programa efetivo de reinser\u00e7\u00e3o social. S\u00f3 a perseveran\u00e7a pode nos dar algum sucesso em rela\u00e7\u00e3o a isso e combater a criminalidade\u201d, afirmou o governador.<\/p>\n\n\n\n<figure class=\"wp-block-image\"><img decoding=\"async\" src=\"https:\/\/s04.video.glbimg.com\/x240\/10564727.jpg\" alt=\"Pol\u00edcia faz opera\u00e7\u00e3o contra o tr\u00e1fico na nova Cracol\u00e2ndia em SP\" title=\"Pol\u00edcia faz opera\u00e7\u00e3o contra o tr\u00e1fico na nova Cracol\u00e2ndia em SP\"\/><\/figure>\n\n\n\n<p>00:00\/00:00<\/p>\n\n\n\n<p>Pol\u00edcia faz opera\u00e7\u00e3o contra o tr\u00e1fico na nova Cracol\u00e2ndia em SP<\/p>\n\n\n\n<p>Os comerciantes da regi\u00e3o est\u00e3o ansiosos para que as coisas voltem ao normal. A loja de carros de Kl\u00e9ber Silva, por exemplo, vendia cerca de 15 ve\u00edculos por m\u00eas, mas negociou apenas um nos \u00faltimos 30 dias. \u201cEstamos passando tr\u00eas meses numa dificuldade muito dif\u00edcil, tremenda, n\u00e3o est\u00e1 aparecendo cliente, os clientes que voc\u00ea pega no an\u00fancio, j\u00e1 fala se aqui \u00e9 a Cracol\u00e2ndia, e eu tenho que ser sincero, infelizmente estou em frente, e eles falam &#8216;N\u00e3o tem como ir a\u00ed, eu tenho medo&#8217;.\u201d<\/p>\n\n\n\n<p>Em 22 de mar\u00e7o, a Cracol\u00e2ndia amanheceu na Pra\u00e7a Princesa Isabel. Ningu\u00e9m soube dizer como nem por que o fluxo mudou de endere\u00e7o. At\u00e9 a noite anterior, ele ficava em frente \u00e0 esta\u00e7\u00e3o J\u00falio prestes. Atualmente, essa \u00e1rea est\u00e1 fechada com tapumes e vem sendo revitalizada pela prefeitura.<\/p>\n\n\n\n<figure class=\"wp-block-image\"><img decoding=\"async\" src=\"https:\/\/s2.glbimg.com\/MQ7gv47lmOx31pgjzT7rjpEYoww=\/0x0:650x1310\/984x0\/smart\/filters:strip_icc()\/i.s3.glbimg.com\/v1\/AUTH_59edd422c0c84a879bd37670ae4f538a\/internal_photos\/bs\/2022\/7\/W\/jb6o0sRAeMNlWo7170Gg\/1105cracolandiav.jpg\" alt=\"Mapa opera\u00e7\u00e3o na Cracol\u00e2ndia  \u2014 Foto: Arte\/g1\"\/><\/figure>\n\n\n\n<p>Mapa opera\u00e7\u00e3o na Cracol\u00e2ndia \u2014 Foto: Arte\/g1<\/p>\n\n\n\n<h2 class=\"wp-block-heading\">Bloqueios na regi\u00e3o<\/h2>\n\n\n\n<p>Por conta da a\u00e7\u00e3o, diversas ruas do centro foram bloqueadas.<\/p>\n\n\n\n<p>De acordo com a SPTrans, 30 linhas de \u00f4nibus est\u00e3o sendo desviadas desde as 4h30 desta quarta-feira, 11 de maio, em raz\u00e3o de interfer\u00eancia na Av. Rio Branco com a P\u00e7a. Princesa Isabel e na Rua Helv\u00e9tia com a Rua Guaianases, no Campos El\u00edseos, em ambos os sentidos.<\/p>\n\n\n\n<p><strong>Linhas afetadas:<\/strong><\/p>\n\n\n\n<ul class=\"wp-block-list\"><li>118C\/10 Jd. Pery Alto &#8211; Term. Amaral Gurgel<\/li><li>119C\/10 Pq. Edu Chaves &#8211; Term. Princ. Isabel<\/li><li>129F\/10 Conex\u00e3o Petr\u00f4nio Portela &#8211; Metr\u00f4 Barra Funda<\/li><li>1732\/10 Vl. Sabrina &#8211; Term. Amaral Gurgel<\/li><li>178L\/10 Lauzane Paulista &#8211; Hosp. das Cl\u00ednicas<\/li><li>271C\/10 Pq. Vl. Maria &#8211; Term. Princ. Isabel<\/li><li>311C\/10 Pq. S\u00e3o Lucas &#8211; Bom Retiro<\/li><li>508L\/10 Term. Princ. Isabel Aclima\u00e7\u00e3o<\/li><li>509M\/10 Jd. Miriam &#8211; Term. Princ. Isabel<\/li><li>5144\/10 Term. Sapopemba &#8211; Term. Princ. Isabel<\/li><li>5154\/10 Term. Sto. Amaro Term. Princ. Isabel<\/li><li>609F\/10 Ch\u00e1c. Santana &#8211; Term. Princ. Isabel<\/li><li>719P\/10 Term. Pinheiros &#8211; Term. Princ. Isabel<\/li><li>7458\/10 Jd. Boa Vista &#8211; Est. da Luz<\/li><li>778R\/10 Cohab Raposo Tavares &#8211; Term. Princ. Isabel<\/li><li>805L\/10 Term. Princ. Isabel &#8211; Aclima\u00e7\u00e3o<\/li><li>8528\/10 Jd. Guarani &#8211; P\u00e7a. do Correio<\/li><li>8544\/10 Cid. D&#8217;abril 3\u00aa Gleba &#8211; P\u00e7a. do Correio<\/li><li>8600\/10 Term. Pirituba &#8211; Lgo. do Paissand\u00fa<\/li><li>8707\/10 Rio Pequeno &#8211; Term. Princ. Isabel<\/li><li>9300\/10 Term. Casa Verde &#8211; Term. Pq. D. Pedro II<\/li><li>9301\/10 Term. Casa Verde &#8211; P\u00e7a. do Correio<\/li><li>9354\/10 Term. Cachoeirinha &#8211; P\u00e7a. do Correio<\/li><li>938C\/10 Cohab Taipas &#8211; Term. Princ. Isabel<\/li><li>9500\/10 Term. Cachoeirinha &#8211; P\u00e7a. do Correio<\/li><li>9501\/10 Term. Cachoeirinha &#8211; Lgo. do Paissand\u00fa<\/li><li>9653\/10 Pedra Branca P\u00e7a. do Correio<\/li><li>967A\/10 Imirim &#8211; Pinheiros<\/li><li>978J\/10 Voith &#8211; Term. Princ. Isabel<\/li><li>978L\/10 Term. Cachoeirinha &#8211; Term. Princ. Isabel<\/li><\/ul>\n\n\n\n<p>Desvio no sentido centro: Normal at\u00e9 a Av. Rio Branco, Al. Eduardo Prado, Al. Bar\u00e3o de Limeira, Av. Duque de Caxias, Av. Rio Branco, prosseguindo normal.<\/p>\n\n\n\n<p>Desvio no sentido bairro: Normal at\u00e9 a Av. Rio Branco, Rua General Os\u00f3rio, Al. Bar\u00e3o de Limeira, Al. Ribeiro da Silva, Av. Rio Branco, prosseguindo normal.<\/p>\n\n\n\n<p>Fonte: G1<\/p>\n","protected":false},"excerpt":{"rendered":"<p>Opera\u00e7\u00e3o que envolveu 650 agentes na madrugada da quarta-feira (11) e tinha como foco a pris\u00e3o de traficantes, retirou dependentes<\/p>\n","protected":false},"author":1,"featured_media":3484,"comment_status":"open","ping_status":"open","sticky":false,"template":"","format":"standard","meta":{"colormag_page_container_layout":"default_layout","colormag_page_sidebar_layout":"default_layout","footnotes":""},"categories":[3],"tags":[],"class_list":["post-3477","post","type-post","status-publish","format-standard","has-post-thumbnail","hentry","category-seu-bairro"],"_links":{"self":[{"href":"http:\/\/metropoleemfoco.com.br\/index.php?rest_route=\/wp\/v2\/posts\/3477","targetHints":{"allow":["GET"]}}],"collection":[{"href":"http:\/\/metropoleemfoco.com.br\/index.php?rest_route=\/wp\/v2\/posts"}],"about":[{"href":"http:\/\/metropoleemfoco.com.br\/index.php?rest_route=\/wp\/v2\/types\/post"}],"author":[{"embeddable":true,"href":"http:\/\/metropoleemfoco.com.br\/index.php?rest_route=\/wp\/v2\/users\/1"}],"replies":[{"embeddable":true,"href":"http:\/\/metropoleemfoco.com.br\/index.php?rest_route=%2Fwp%2Fv2%2Fcomments&post=3477"}],"version-history":[{"count":1,"href":"http:\/\/metropoleemfoco.com.br\/index.php?rest_route=\/wp\/v2\/posts\/3477\/revisions"}],"predecessor-version":[{"id":3485,"href":"http:\/\/metropoleemfoco.com.br\/index.php?rest_route=\/wp\/v2\/posts\/3477\/revisions\/3485"}],"wp:featuredmedia":[{"embeddable":true,"href":"http:\/\/metropoleemfoco.com.br\/index.php?rest_route=\/wp\/v2\/media\/3484"}],"wp:attachment":[{"href":"http:\/\/metropoleemfoco.com.br\/index.php?rest_route=%2Fwp%2Fv2%2Fmedia&parent=3477"}],"wp:term":[{"taxonomy":"category","embeddable":true,"href":"http:\/\/metropoleemfoco.com.br\/index.php?rest_route=%2Fwp%2Fv2%2Fcategories&post=3477"},{"taxonomy":"post_tag","embeddable":true,"href":"http:\/\/metropoleemfoco.com.br\/index.php?rest_route=%2Fwp%2Fv2%2Ftags&post=3477"}],"curies":[{"name":"wp","href":"https:\/\/api.w.org\/{rel}","templated":true}]}}