{"id":3412,"date":"2022-05-09T10:35:49","date_gmt":"2022-05-09T13:35:49","guid":{"rendered":"http:\/\/metropoleemfoco.com.br\/?p=3412"},"modified":"2022-05-09T10:35:50","modified_gmt":"2022-05-09T13:35:50","slug":"imagens-ineditas-mostram-obra-e-tatuzao-do-metro-3-meses-apos-esgoto-que-vazou-de-tunel-da-sabesp-abrir-cratera-na-marginal-tiete-em-sp","status":"publish","type":"post","link":"http:\/\/metropoleemfoco.com.br\/?p=3412","title":{"rendered":"Imagens in\u00e9ditas mostram obra e tatuz\u00e3o do Metr\u00f4 3 meses ap\u00f3s esgoto que vazou de t\u00fanel da Sabesp abrir cratera na Marginal Tiet\u00ea em SP"},"content":{"rendered":"\n<h2 class=\"wp-block-heading\">Fant\u00e1stico foi primeira equipe de jornalismo a entrar no buraco ap\u00f3s 200 milh\u00f5es de litros de esgoto serem retirados neste m\u00eas. MP ainda apura causas e responsabilidades pelo rompimento de t\u00fanel da Sabesp em fevereiro.<\/h2>\n\n\n\n<hr class=\"wp-block-separator\"\/>\n\n\n\n<figure class=\"wp-block-image\"><img decoding=\"async\" src=\"https:\/\/s02.video.glbimg.com\/x240\/10556625.jpg\" alt=\"Fant\u00e1stico mostra o Tatuz\u00e3o tr\u00eas meses depois do acidente nas obras do metr\u00f4\" title=\"Fant\u00e1stico mostra o Tatuz\u00e3o tr\u00eas meses depois do acidente nas obras do metr\u00f4\"\/><\/figure>\n\n\n\n<p>Fant\u00e1stico mostra o Tatuz\u00e3o tr\u00eas meses depois do acidente nas obras do metr\u00f4<\/p>\n\n\n\n<p>Imagens in\u00e9ditas mostram como ficaram a obra e tatuz\u00f5es do Metr\u00f4 tr\u00eas meses ap\u00f3s terem sido\u00a0<a href=\"https:\/\/g1.globo.com\/sp\/sao-paulo\/noticia\/2022\/02\/01\/obra-do-metro-cede-asfalto-e-abre-cratera-na-marginal-tiete-em-sp.ghtml\">inundados pelo esgoto\u00a0<\/a>que vazou de um t\u00fanel da\u00a0<a href=\"https:\/\/g1.globo.com\/tudo-sobre\/sabesp\/\">Sabesp<\/a>, que\u00a0<a href=\"https:\/\/g1.globo.com\/sp\/sao-paulo\/noticia\/2022\/03\/01\/um-mes-apos-cratera-se-abrir-na-marginal-tiete-causas-do-acidente-na-linha-6-laranja-do-metro-seguem-desconhecidas.ghtml\">se rompeu\u00a0<\/a>em 1\u00ba de fevereiro, na Zona Norte de\u00a0<a href=\"https:\/\/g1.globo.com\/sp\/sao-paulo\/cidade\/sao-paulo\/\">S\u00e3o Paulo<\/a>\u00a0<strong><em>(veja v\u00eddeo acima)<\/em><\/strong>.<\/p>\n\n\n\n<p>O acidente ainda abriu uma cratera na Marginal Tiet\u00ea, que&nbsp;<a href=\"https:\/\/g1.globo.com\/sp\/sao-paulo\/noticia\/2022\/02\/03\/concretagem-de-cratera-na-marginal-tiete-e-finalizada-apos-acidente-em-obra-da-linha-6-laranja-do-metro-de-sp.ghtml\">foi concretada e fechada dois dias depois pelos respons\u00e1veis<\/a>. Nenhum funcion\u00e1rio ou motorista ficou ferido com gravidade.<\/p>\n\n\n\n<p>O&nbsp;<strong>Fant\u00e1stico<\/strong>&nbsp;foi a primeira equipe de jornalismo a entrar e filmar o t\u00fanel da Companhia de Saneamento B\u00e1sico do Estado de&nbsp;<a href=\"https:\/\/g1.globo.com\/sp\/sao-paulo\/cidade\/sao-paulo\/\">S\u00e3o Paulo<\/a>&nbsp;(<a href=\"https:\/\/g1.globo.com\/tudo-sobre\/sabesp\/\">Sabesp<\/a>), e o fosso e dois t\u00faneis da Linha 6-Laranja da Esta\u00e7\u00e3o do Metr\u00f4 que est\u00e1 sendo constru\u00edda e foi atingida pelo esgoto.<\/p>\n\n\n\n<figure class=\"wp-block-image\"><img decoding=\"async\" src=\"https:\/\/s2.glbimg.com\/Rif3SZ3noXulrY21WmY61da3D0I=\/0x0:5500x3667\/1008x0\/smart\/filters:strip_icc()\/i.s3.glbimg.com\/v1\/AUTH_59edd422c0c84a879bd37670ae4f538a\/internal_photos\/bs\/2022\/U\/L\/SLmmBqRA2uqr7XKSVPEw\/2022-02-01t180845z-522626717-rc21bs9izke9-rtrmadp-3-brazil-metro-collapse.jpg\" alt=\"Foto a\u00e9rea mostra a cratera na Marginal Tiet\u00ea, em S\u00e3o Paulo, ao lado da obra do metr\u00f4 da linha laranja \u2014 Foto: Carla Carniel\/Reuters\"\/><\/figure>\n\n\n\n<p>Foto a\u00e9rea mostra a cratera na Marginal Tiet\u00ea, em S\u00e3o Paulo, ao lado da obra do metr\u00f4 da linha laranja \u2014 Foto: Carla Carniel\/Reuters<\/p>\n\n\n\n<p>A entrada da reportagem s\u00f3 foi poss\u00edvel depois que a&nbsp;<a href=\"https:\/\/g1.globo.com\/tudo-sobre\/sabesp\/\">Sabesp<\/a>&nbsp;retirou 200 milh\u00f5es de litros de esgoto da obra da futura esta\u00e7\u00e3o do Metr\u00f4. Esse volume corresponde a 60 piscinas ol\u00edmpicas que foi gerado por 2,2 milh\u00f5es de pessoas. O local foi totalmente limpo e higienizado no in\u00edcio de maio.<\/p>\n\n\n\n<p>Apesar disso, o esgoto danificou dois tatuz\u00f5es, como s\u00e3o chamados os tuneladores, duas m\u00e1quinas respons\u00e1veis por perfurar t\u00faneis de grande di\u00e2metro e extens\u00e3o, como os usados em Metr\u00f4s no mundo todo. Cada equipamento tem 108 metros de extens\u00e3o.<\/p>\n\n\n\n<p>Eles ficaram submersos e foram danificados. Quando ocorreu o acidente, somente um deles funcionava, j\u00e1 que o outro estava sendo constru\u00eddo ainda.<\/p>\n\n\n\n<p>Enquanto os reparos das partes eletr\u00f4nicas das m\u00e1quinas n\u00e3o forem finalizados, os tatuz\u00f5es ficar\u00e3o parados sem poder trabalhar. N\u00e3o h\u00e1 previs\u00e3o de quando isso ser\u00e1 feito. Um tatuz\u00e3o custa, em m\u00e9dia, US$ 30 milh\u00f5es (algo em torno de mais de R$ 150 milh\u00f5es).<\/p>\n\n\n\n<figure class=\"wp-block-image\"><img decoding=\"async\" src=\"https:\/\/s2.glbimg.com\/gUv5yibdqmhR9P5xQRtbInqyePI=\/0x0:5500x3667\/984x0\/smart\/filters:strip_icc()\/i.s3.glbimg.com\/v1\/AUTH_59edd422c0c84a879bd37670ae4f538a\/internal_photos\/bs\/2022\/U\/L\/SLmmBqRA2uqr7XKSVPEw\/2022-02-01t180845z-522626717-rc21bs9izke9-rtrmadp-3-brazil-metro-collapse.jpg\" alt=\"Foto a\u00e9rea mostra a cratera na Marginal Tiet\u00ea, em S\u00e3o Paulo, ao lado da obra do metr\u00f4 da linha laranja \u2014 Foto: Carla Carniel\/Reuters\"\/><\/figure>\n\n\n\n<p>Foto a\u00e9rea mostra a cratera na Marginal Tiet\u00ea, em S\u00e3o Paulo, ao lado da obra do metr\u00f4 da linha laranja \u2014 Foto: Carla Carniel\/Reuters<\/p>\n\n\n\n<p>O Minist\u00e9rio P\u00fablico (MP) abriu um inqu\u00e9rito para apurar as causas e eventuais responsabilidades pelo acidente. At\u00e9 a \u00faltima atualiza\u00e7\u00e3o desta reportagem n\u00e3o havia uma conclus\u00e3o a respeito do que possa ter causado o rompimento do t\u00fanel da&nbsp;<a href=\"https:\/\/g1.globo.com\/tudo-sobre\/sabesp\/\">Sabesp<\/a>.<\/p>\n\n\n\n<p>A per\u00edcia ainda n\u00e3o terminou os laudos com os resultados que podem apontar o que provocou esse problema no t\u00fanel da&nbsp;<a href=\"https:\/\/g1.globo.com\/tudo-sobre\/sabesp\/\">Sabesp<\/a>. Ele fica tr\u00eas metros acima dos t\u00faneis do Metr\u00f4.<\/p>\n\n\n\n<p>Os&nbsp;<a href=\"https:\/\/g1.globo.com\/sp\/sao-paulo\/noticia\/2022\/03\/21\/pericia-para-apontar-causas-do-acidente-em-obra-do-metro-que-abriu-cratera-na-marginal-tiete-ainda-nao-foi-contratada.ghtml\">exames est\u00e3o sendo feitos pelo Instituto de Pesquisas Tecnol\u00f3gicas (IPT)<\/a>, contatado pelo governo estadual. Em entrevista \u00e0&nbsp;<strong>TV Globo<\/strong>, o diretor-t\u00e9cnico da Acciona disse que n\u00e3o houve preju\u00edzo causado aos cofres p\u00fablicos pelo acidente.<\/p>\n\n\n\n<figure class=\"wp-block-image\"><img decoding=\"async\" src=\"https:\/\/s2.glbimg.com\/CbcX_euSvj1Fg9hZp5PGoQUy1t0=\/0x0:3000x2115\/984x0\/smart\/filters:strip_icc()\/i.s3.glbimg.com\/v1\/AUTH_59edd422c0c84a879bd37670ae4f538a\/internal_photos\/bs\/2022\/0\/K\/LwVq6MTT2ELZ5QE2Aulw\/fup20220203012.jpg\" alt=\"Cratera que se abriu nas obras na Linha 6-Laranja do Metr\u00f4 na Marginal Tiet\u00ea \u00e9 completamente fechada com concreto \u2014 Foto:  Ronaldo Silva\/Futura Press\/Estad\u00e3o Conte\u00fado\"\/><\/figure>\n\n\n\n<p>Cratera que se abriu nas obras na Linha 6-Laranja do Metr\u00f4 na Marginal Tiet\u00ea \u00e9 completamente fechada com concreto \u2014 Foto: Ronaldo Silva\/Futura Press\/Estad\u00e3o Conte\u00fado<\/p>\n\n\n\n<p>Entre as prov\u00e1veis causas analisadas pelos peritos est\u00e3o:<\/p>\n\n\n\n<ul class=\"wp-block-list\"><li>O t\u00fanel da&nbsp;<a href=\"https:\/\/g1.globo.com\/tudo-sobre\/sabesp\/\">Sabesp<\/a>&nbsp;poderia ter tido alguma falha pontual que se agravou com o rompimento ap\u00f3s a passagem de um dos tatuz\u00f5es do Metr\u00f4;<\/li><li>A trepida\u00e7\u00e3o do tatuz\u00e3o do Metr\u00f4 abalou e danificou a estrutura do t\u00fanel da&nbsp;<a href=\"https:\/\/g1.globo.com\/tudo-sobre\/sabesp\/\">Sabesp<\/a>, o rompendo.<\/li><\/ul>\n\n\n\n<p>Enquanto isso, os trabalhos dentro dos t\u00faneis do Metr\u00f4 est\u00e3o sendo retomados aos poucos.<\/p>\n\n\n\n<p>Para se ter uma ideia do tamanho de um tatuz\u00e3o, ele tem o tamanho de seis carretas. Parece uma ind\u00fastria em movimento, j\u00e1 que conta com refeit\u00f3rio para funcion\u00e1rios, ambulat\u00f3rio m\u00e9dico e \u00e1rea de descanso.<\/p>\n\n\n\n<figure class=\"wp-block-image\"><img decoding=\"async\" src=\"https:\/\/s01.video.glbimg.com\/x240\/10268144.jpg\" alt=\"Cratera nas obras do metr\u00f4 de SP: Instituto de Pesquisa Tecnol\u00f3gicas analisa os motivos do acidente\" title=\"Cratera nas obras do metr\u00f4 de SP: Instituto de Pesquisa Tecnol\u00f3gicas analisa os motivos do acidente\"\/><\/figure>\n\n\n\n<p>Cratera nas obras do metr\u00f4 de SP: Instituto de Pesquisa Tecnol\u00f3gicas analisa os motivos do acidente<\/p>\n\n\n\n<p>As obras da Linha 6-Laranja do Metr\u00f4 s\u00e3o realizadas por uma Parceria P\u00fablico-Privada (PPP) firmada entre o governo de&nbsp;<a href=\"https:\/\/g1.globo.com\/sp\/sao-paulo\/cidade\/sao-paulo\/\">S\u00e3o Paulo<\/a>&nbsp;e a empresa espanhola Acciona, por meio da Concession\u00e1ria Linha Universidade (Linha Uni), que ganhou licita\u00e7\u00e3o em 2019 para dar continuidade \u00e0s obras previamente interrompidas.<\/p>\n\n\n\n<p>A Acciona, l\u00edder do cons\u00f3rcio que constr\u00f3i a linha, tamb\u00e9m investiga o que provocou o acidente.<\/p>\n\n\n\n<p>Em entrevista \u00e0 TV Globo, um t\u00e9cnico da companhia disse que a previs\u00e3o \u00e9 a de entregar o t\u00fanel de esgoto da&nbsp;<a href=\"https:\/\/g1.globo.com\/tudo-sobre\/sabesp\/\">Sabesp<\/a>&nbsp;at\u00e9 outubro. J\u00e1 a reativa\u00e7\u00e3o do tatuz\u00e3o ainda n\u00e3o tem data para ocorrer.<\/p>\n\n\n\n<figure class=\"wp-block-image\"><img decoding=\"async\" src=\"https:\/\/s02.video.glbimg.com\/x240\/10259873.jpg\" alt=\"Veja, por v\u00e1rios \u00e2ngulos, aumento da cratera perto da pista da Marginal Tiet\u00ea\" title=\"Veja, por v\u00e1rios \u00e2ngulos, aumento da cratera perto da pista da Marginal Tiet\u00ea\"\/><\/figure>\n\n\n\n<p>Veja, por v\u00e1rios \u00e2ngulos, aumento da cratera perto da pista da Marginal Tiet\u00ea<\/p>\n\n\n\n<p>Fonte: G1<\/p>\n","protected":false},"excerpt":{"rendered":"<p>Fant\u00e1stico foi primeira equipe de jornalismo a entrar no buraco ap\u00f3s 200 milh\u00f5es de litros de esgoto serem retirados neste<\/p>\n","protected":false},"author":1,"featured_media":3423,"comment_status":"open","ping_status":"open","sticky":false,"template":"","format":"standard","meta":{"colormag_page_container_layout":"default_layout","colormag_page_sidebar_layout":"default_layout","footnotes":""},"categories":[3],"tags":[],"class_list":["post-3412","post","type-post","status-publish","format-standard","has-post-thumbnail","hentry","category-seu-bairro"],"_links":{"self":[{"href":"http:\/\/metropoleemfoco.com.br\/index.php?rest_route=\/wp\/v2\/posts\/3412","targetHints":{"allow":["GET"]}}],"collection":[{"href":"http:\/\/metropoleemfoco.com.br\/index.php?rest_route=\/wp\/v2\/posts"}],"about":[{"href":"http:\/\/metropoleemfoco.com.br\/index.php?rest_route=\/wp\/v2\/types\/post"}],"author":[{"embeddable":true,"href":"http:\/\/metropoleemfoco.com.br\/index.php?rest_route=\/wp\/v2\/users\/1"}],"replies":[{"embeddable":true,"href":"http:\/\/metropoleemfoco.com.br\/index.php?rest_route=%2Fwp%2Fv2%2Fcomments&post=3412"}],"version-history":[{"count":1,"href":"http:\/\/metropoleemfoco.com.br\/index.php?rest_route=\/wp\/v2\/posts\/3412\/revisions"}],"predecessor-version":[{"id":3424,"href":"http:\/\/metropoleemfoco.com.br\/index.php?rest_route=\/wp\/v2\/posts\/3412\/revisions\/3424"}],"wp:featuredmedia":[{"embeddable":true,"href":"http:\/\/metropoleemfoco.com.br\/index.php?rest_route=\/wp\/v2\/media\/3423"}],"wp:attachment":[{"href":"http:\/\/metropoleemfoco.com.br\/index.php?rest_route=%2Fwp%2Fv2%2Fmedia&parent=3412"}],"wp:term":[{"taxonomy":"category","embeddable":true,"href":"http:\/\/metropoleemfoco.com.br\/index.php?rest_route=%2Fwp%2Fv2%2Fcategories&post=3412"},{"taxonomy":"post_tag","embeddable":true,"href":"http:\/\/metropoleemfoco.com.br\/index.php?rest_route=%2Fwp%2Fv2%2Ftags&post=3412"}],"curies":[{"name":"wp","href":"https:\/\/api.w.org\/{rel}","templated":true}]}}