{"id":1991,"date":"2022-01-20T09:35:40","date_gmt":"2022-01-20T12:35:40","guid":{"rendered":"https:\/\/metropoleemfoco.com.br\/?p=1991"},"modified":"2022-01-20T09:35:41","modified_gmt":"2022-01-20T12:35:41","slug":"aniversario-de-sp-contara-com-eventos-e-atividades-gratis-na-cidade-a-partir-de-sabado-confira-programacao","status":"publish","type":"post","link":"http:\/\/metropoleemfoco.com.br\/?p=1991","title":{"rendered":"Anivers\u00e1rio de SP contar\u00e1 com eventos e atividades gr\u00e1tis na cidade a partir de s\u00e1bado; confira programa\u00e7\u00e3o"},"content":{"rendered":"\n<h2 class=\"wp-block-heading\">As cinco macrorregi\u00f5es da cidade ter\u00e3o atividades comemorativas entre os dias 22 e 25 de janeiro. Anivers\u00e1rio da cidade abre programa\u00e7\u00e3o do Centen\u00e1rio da Semana de Arte Moderna de 1922.<\/h2>\n\n\n\n<hr class=\"wp-block-separator\"\/>\n\n\n\n<figure class=\"wp-block-image\"><img decoding=\"async\" src=\"https:\/\/s2.glbimg.com\/JpGXowGeypo-X6fQdLDG7_FmSK4=\/0x0:900x600\/984x0\/smart\/filters:strip_icc()\/i.s3.glbimg.com\/v1\/AUTH_59edd422c0c84a879bd37670ae4f538a\/internal_photos\/bs\/2022\/e\/o\/2NykHCT7yRc8L3zw3OOA\/mequetrefe-2.jpg\" alt=\"A trupe de palha\u00e7os Os MeQueTrefe, durante apresenta\u00e7\u00e3o \u2014 Foto: Divulga\u00e7\u00e3o\/Secretaria da Cultura\"\/><\/figure>\n\n\n\n<p>A trupe de palha\u00e7os Os MeQueTrefe, durante apresenta\u00e7\u00e3o \u2014 Foto: Divulga\u00e7\u00e3o\/Secretaria da Cultura<\/p>\n\n\n\n<p>A cidade de S\u00e3o Paulo completa 468 anos na ter\u00e7a-feira (25) e, para comemorar o anivers\u00e1rio, a capital paulista ter\u00e1 diversas atra\u00e7\u00f5es gratuitas que come\u00e7am em 22 de janeiro, junto com a programa\u00e7\u00e3o dos 100 dias do Centen\u00e1rio da Semana de Arte Moderna de 1922.<\/p>\n\n\n\n<p>Todas as cinco macrorregi\u00f5es da cidade receber\u00e3o atra\u00e7\u00f5es comemorativas: Centro Cultural S\u00e3o Paulo (CCSP), no Centro; Casa de Cultura da Vila Guilherme, na Zona Norte; Casa de Cultura Hip Hop Leste, na Zona Leste; Casa de Cultura M&#8217;Boi Mirim, na Zona Sul, e Casa de Cultura do Butant\u00e3, na Zona Oeste.<\/p>\n\n\n\n<p>Entre os destaques est\u00e1 o ator Pascoal da Concei\u00e7\u00e3o, que interpreta M\u00e1rio de Andrade na performance 22+100, inspirada em Oswald de Andrade, M\u00e1rio de Andrade e Manuel Bandeira, dia 25, no Centro Cultural S\u00e3o Paulo (CCSP).<\/p>\n\n\n\n<p>Al\u00e9m disso, as F\u00e1bricas de Cultura da capital tamb\u00e9m anunciaram diversas atividades (presenciais e online) para celebrar os 468 anos da cidade.<\/p>\n\n\n\n<h2 class=\"wp-block-heading\">Confira a programa\u00e7\u00e3o de 22 a 25 de janeiro<\/h2>\n\n\n\n<figure class=\"wp-block-image\"><img decoding=\"async\" src=\"https:\/\/s2.glbimg.com\/pPAxf4fxov94XWbs_r2KlUGr8Jo=\/0x0:1535x2448\/984x0\/smart\/filters:strip_icc()\/i.s3.glbimg.com\/v1\/AUTH_59edd422c0c84a879bd37670ae4f538a\/internal_photos\/bs\/2022\/s\/k\/wFjCg2QTKRcPy5t15XKg\/20220114152436-2.jpg\" alt=\"Cantora Paulia Lima marca atividades comemorativas em anivers\u00e1rio de 468 anos de SP \u2014 Foto: Divulga\u00e7\u00e3o: F\u00e1bricas de Cultura\"\/><\/figure>\n\n\n\n<p>Cantora Paulia Lima marca atividades comemorativas em anivers\u00e1rio de 468 anos de SP \u2014 Foto: Divulga\u00e7\u00e3o: F\u00e1bricas de Cultura<\/p>\n\n\n\n<p><strong>CENTRO<\/strong><\/p>\n\n\n\n<ul class=\"wp-block-list\"><li><strong>S\u00e1bado (22), \u00e0s 19h: <\/strong>Os MeQueTreFe (Cia. Parlapat\u00f5es) (P\u00fablico Livre) \/ Local: Centro Cultural S\u00e3o Paulo (CCSP)<\/li><li><strong>Domingo (23), \u00e0s 18h:<\/strong> Clube do Balan\u00e7o convida Paula Lima (P\u00fablico Livre) \/ Local: CCSP<\/li><li><strong>Ter\u00e7a-feira (25), \u00e0s 16h:<\/strong> Performance 22+100 &#8211; M\u00e1rio de Andrade (P\u00fablico Livre) \/ Local: CCSP<\/li><\/ul>\n\n\n\n<p><strong>ZONA LESTE<\/strong><\/p>\n\n\n\n<ul class=\"wp-block-list\"><li><strong>Domingo (23): <\/strong>Nill (P\u00fablico Livre) \/ Local: CC Hip Hop Leste<\/li><li><strong>Domingo (23):<\/strong> Brisa Flow (P\u00fablico Livre) \/ Local: CC Hip Hop Leste<\/li><\/ul>\n\n\n\n<p><strong>ZONA OESTE<\/strong><\/p>\n\n\n\n<ul class=\"wp-block-list\"><li><strong>Domingo, (23): <\/strong>Autoramas (P\u00fablico Livre) \/ Local: CC Butant\u00e3<\/li><li><strong>Domingo, (23): <\/strong>Statues on Fire (P\u00fablico Livre) \/ Local: CC Butant\u00e3<\/li><\/ul>\n\n\n\n<p><strong>ZONA SUL<\/strong><\/p>\n\n\n\n<ul class=\"wp-block-list\"><li><strong>Domingo, (23)<\/strong>: Peixel\u00e9trico (P\u00fablico Livre) \/ Local: CC M\u00b4Boi Mirim<\/li><\/ul>\n\n\n\n<p><strong>ZONA NORTE<\/strong><\/p>\n\n\n\n<p>Na Zona Norte, a programa\u00e7\u00e3o da Casa de Cultura Vila Guilherme ser\u00e1 divulgada em breve, no <a href=\"https:\/\/www.prefeitura.sp.gov.br\/cidade\/secretarias\/cultura\/\/\" target=\"_blank\" rel=\"noreferrer noopener\">site<\/a> e nas redes sociais da Secretaria Municipal de Cultura.<\/p>\n\n\n\n<h2 class=\"wp-block-heading\">F\u00e1bricas de Cultura<\/h2>\n\n\n\n<figure class=\"wp-block-image\"><img decoding=\"async\" src=\"https:\/\/s2.glbimg.com\/s_04xOVjYPBTlVdk2pjX1jaBX5w=\/0x0:848x477\/984x0\/smart\/filters:strip_icc()\/i.s3.glbimg.com\/v1\/AUTH_59edd422c0c84a879bd37670ae4f538a\/internal_photos\/bs\/2022\/J\/i\/G0mVmUQ6WkFyM4E5SbWw\/imagem2.jpg\" alt=\"Exposi\u00e7\u00e3o &quot;A Noite Estrelada&quot; na F\u00e1brica de Cultura do Parque Bel\u00e9m de 21 a 31 de Janeiro.  \u2014 Foto: Divulga\u00e7\u00e3o: F\u00e1bricas de Cultura\"\/><\/figure>\n\n\n\n<p>Exposi\u00e7\u00e3o &#8220;A Noite Estrelada&#8221; na F\u00e1brica de Cultura do Parque Bel\u00e9m de 21 a 31 de Janeiro. \u2014 Foto: Divulga\u00e7\u00e3o: F\u00e1bricas de Cultura<\/p>\n\n\n\n<p><strong>ATIVIDADE PRESENCIAL<\/strong><\/p>\n\n\n\n<p><strong>A Noite Estrelada de S\u00e3o Paulo \u2013 468 anos.<\/strong><\/p>\n\n\n\n<p>Seis grafiteiros retrataram em tela o tema: A Noite Estrelada que imaginam para S\u00e3o Paulo. Para dar vida e cores a essa tem\u00e1tica, os grafiteiros levaram os conhecimentos do universo do graffiti para as telas e tiveram como refer\u00eancia uma das obras mais famosas do artista Vincent van Gogh.<\/p>\n\n\n\n<ul class=\"wp-block-list\"><li><strong>Local: <\/strong>F\u00e1brica de Cultura: Parque Bel\u00e9m<\/li><li><strong>Data:<\/strong> a exposi\u00e7\u00e3o ficar\u00e1 de 21 a 31 de janeiro de 2022<\/li><\/ul>\n\n\n\n<p><strong>ATIVIDADE ONLINE<\/strong><\/p>\n\n\n\n<p><strong>Projeto SP Vers\u00e3o 468<\/strong><\/p>\n\n\n\n<p>Vers\u00f5es de artistas da periferia de S\u00e3o Paulo para m\u00fasicas j\u00e1 consagradas que trazem a tem\u00e1tica da cidade de S\u00e3o Paulo.<\/p>\n\n\n\n<p><strong>Onde assistir: <\/strong>no dia 25 de janeiro, os clipes ser\u00e3o lan\u00e7ados e <a href=\"https:\/\/www.youtube.com\/channel\/UCnQlzrPM7Cy_vyZUUYAS6lA\" target=\"_blank\" rel=\"noreferrer noopener\">disponibilizados para o p\u00fablico no canal do YouTube das F\u00e1bricas de Cultura<\/a>.<\/p>\n\n\n\n<p><em>* Com supervis\u00e3o de Paula Lago<\/em><\/p>\n\n\n\n<p>Fonte: G1<\/p>\n","protected":false},"excerpt":{"rendered":"<p>As cinco macrorregi\u00f5es da cidade ter\u00e3o atividades comemorativas entre os dias 22 e 25 de janeiro. Anivers\u00e1rio da cidade abre<\/p>\n","protected":false},"author":1,"featured_media":1992,"comment_status":"open","ping_status":"open","sticky":false,"template":"","format":"standard","meta":{"colormag_page_container_layout":"default_layout","colormag_page_sidebar_layout":"default_layout","footnotes":""},"categories":[1],"tags":[],"class_list":["post-1991","post","type-post","status-publish","format-standard","has-post-thumbnail","hentry","category-geral"],"_links":{"self":[{"href":"http:\/\/metropoleemfoco.com.br\/index.php?rest_route=\/wp\/v2\/posts\/1991","targetHints":{"allow":["GET"]}}],"collection":[{"href":"http:\/\/metropoleemfoco.com.br\/index.php?rest_route=\/wp\/v2\/posts"}],"about":[{"href":"http:\/\/metropoleemfoco.com.br\/index.php?rest_route=\/wp\/v2\/types\/post"}],"author":[{"embeddable":true,"href":"http:\/\/metropoleemfoco.com.br\/index.php?rest_route=\/wp\/v2\/users\/1"}],"replies":[{"embeddable":true,"href":"http:\/\/metropoleemfoco.com.br\/index.php?rest_route=%2Fwp%2Fv2%2Fcomments&post=1991"}],"version-history":[{"count":1,"href":"http:\/\/metropoleemfoco.com.br\/index.php?rest_route=\/wp\/v2\/posts\/1991\/revisions"}],"predecessor-version":[{"id":1993,"href":"http:\/\/metropoleemfoco.com.br\/index.php?rest_route=\/wp\/v2\/posts\/1991\/revisions\/1993"}],"wp:featuredmedia":[{"embeddable":true,"href":"http:\/\/metropoleemfoco.com.br\/index.php?rest_route=\/wp\/v2\/media\/1992"}],"wp:attachment":[{"href":"http:\/\/metropoleemfoco.com.br\/index.php?rest_route=%2Fwp%2Fv2%2Fmedia&parent=1991"}],"wp:term":[{"taxonomy":"category","embeddable":true,"href":"http:\/\/metropoleemfoco.com.br\/index.php?rest_route=%2Fwp%2Fv2%2Fcategories&post=1991"},{"taxonomy":"post_tag","embeddable":true,"href":"http:\/\/metropoleemfoco.com.br\/index.php?rest_route=%2Fwp%2Fv2%2Ftags&post=1991"}],"curies":[{"name":"wp","href":"https:\/\/api.w.org\/{rel}","templated":true}]}}