{"id":1658,"date":"2021-12-27T08:28:42","date_gmt":"2021-12-27T11:28:42","guid":{"rendered":"https:\/\/metropoleemfoco.com.br\/?p=1658"},"modified":"2021-12-27T08:28:42","modified_gmt":"2021-12-27T11:28:42","slug":"secretaria-do-ministerio-da-saude-diz-que-nenhuma-preocupacao-seria-de-seguranca-foi-identificada-em-vacina-contra-covid-em-criancas","status":"publish","type":"post","link":"http:\/\/metropoleemfoco.com.br\/?p=1658","title":{"rendered":"Secret\u00e1ria do Minist\u00e9rio da Sa\u00fade diz que &#8216;nenhuma preocupa\u00e7\u00e3o s\u00e9ria de seguran\u00e7a foi identificada&#8217; em vacina contra Covid em crian\u00e7as"},"content":{"rendered":"\n<h2 class=\"wp-block-heading\">Posi\u00e7\u00e3o enviada ao STF contraria questionamentos do presidente Jair Bolsonaro, que diz haver uma &#8216;interroga\u00e7\u00e3o enorme&#8217; em rela\u00e7\u00e3o a supostos efeitos colaterais em crian\u00e7as.<\/h2>\n\n\n\n<p>Por g1 \u2014 S\u00e3o Paulo<\/p>\n\n\n\n<p>27\/12\/2021 06h28 Atualizado h\u00e1 23 minutos<\/p>\n\n\n\n<hr class=\"wp-block-separator\"\/>\n\n\n\n<figure class=\"wp-block-image\"><img decoding=\"async\" src=\"https:\/\/s2.glbimg.com\/4isiWAP6V357aUrzJLpbpxzkZuU=\/0x0:1932x1310\/984x0\/smart\/filters:strip_icc()\/i.s3.glbimg.com\/v1\/AUTH_59edd422c0c84a879bd37670ae4f538a\/internal_photos\/bs\/2021\/n\/t\/gAyGkcTTmj7K3bH4Dnqw\/2021-11-26t211118z-1669896374-rc2e2r9t4z54-rtrmadp-3-health-coronavirus-canada-children.jpg\" alt=\"Crian\u00e7a \u00e9 vacinada em Montreal, no Canad\u00e1 \u2014 Foto: REUTERS\/Christinne Muschi\"\/><\/figure>\n\n\n\n<p>Crian\u00e7a \u00e9 vacinada em Montreal, no Canad\u00e1 \u2014 Foto: REUTERS\/Christinne Muschi https:\/\/tpc.googlesyndication.com\/safeframe\/1-0-38\/html\/container.html<\/p>\n\n\n\n<p>Uma nota t\u00e9cnica assinada pela secret\u00e1ria extraordin\u00e1ria de enfrentamento \u00e0 Covid-19, Rosana Leite de Melo, e enviada ao Supremo Tribunal Federal (STF), afirma que a vacina contra Covid para crian\u00e7as de 5 a 11 anos \u00e9 segura.<\/p>\n\n\n\n<ul class=\"wp-block-list\"><li><a href=\"https:\/\/api.whatsapp.com\/send?text=https:\/\/g1.globo.com\/saude\/noticia\/2021\/12\/27\/secretaria-do-ministerio-da-saude-diz-que-nenhuma-preocupacao-seria-de-seguranca-foi-identificada-em-vacina-contra-covid-em-criancas.ghtml?utm_source%3Dwhatsapp%26utm_medium%3Dshare-engagement%26utm_campaign%3Dte-materias\" target=\"_blank\" rel=\"noreferrer noopener\">Compartilhe esta not\u00edcia no WhatsApp<\/a><\/li><li><a href=\"https:\/\/telegram.me\/share\/url?url=https:\/\/g1.globo.com\/saude\/noticia\/2021\/12\/27\/secretaria-do-ministerio-da-saude-diz-que-nenhuma-preocupacao-seria-de-seguranca-foi-identificada-em-vacina-contra-covid-em-criancas.ghtml?utm_source%3Dtelegram%26utm_medium%3Dshare-engagement%26utm_campaign%3Dte-materias\" target=\"_blank\" rel=\"noreferrer noopener\">Compartilhe esta not\u00edcia no Telegram<\/a><\/li><\/ul>\n\n\n\n<p>A posi\u00e7\u00e3o da secret\u00e1ria subordinada ao ministro da Sa\u00fade, Marcelo Queiroga, vai na contram\u00e3o dos questionamentos do presidente Jair Bolsonaro (PL), que <a href=\"https:\/\/g1.globo.com\/politica\/noticia\/2021\/12\/24\/vacinacao-infantil-bolsonaro-diz-que-nao-ha-morte-de-criancas-que-justifique-algo-emergencial.ghtml\">diz haver &#8220;desconfian\u00e7a&#8221; e uma &#8220;interroga\u00e7\u00e3o enorme&#8221; <\/a>em rela\u00e7\u00e3o a supostos efeitos colaterais da aplica\u00e7\u00e3o de vacinas contra a Covid em crian\u00e7as.<\/p>\n\n\n\n<blockquote class=\"wp-block-quote is-layout-flow wp-block-quote-is-layout-flow\"><p>&#8220;Antes de recomendar a vacina\u00e7\u00e3o [contra a] Covid-19 para crian\u00e7as, os cientistas realizaram testes cl\u00ednicos com milhares de crian\u00e7as e <strong>nenhuma preocupa\u00e7\u00e3o s\u00e9ria de seguran\u00e7a foi identificada<\/strong>&#8220;, diz Melo na nota t\u00e9cnica.<\/p><\/blockquote>\n\n\n\n<p>A secret\u00e1ria diz ainda que a an\u00e1lise t\u00e9cnica da Ag\u00eancia Nacional de Vigil\u00e2ncia Sanit\u00e1ria (Anvisa) \u00e9 feita de &#8220;forma rigorosa e com toda a cautela necess\u00e1ria&#8221;.<\/p>\n\n\n\n<p>&#8220;As vacinas [contra a] Covid-19 est\u00e3o sendo monitoradas quanto \u00e0 seguran\u00e7a com o programa de monitoramento de seguran\u00e7a mais abrangente e intenso da hist\u00f3ria do Brasil&#8221;, diz o documento.<\/p>\n\n\n\n<h2 class=\"wp-block-heading\">Entenda o caso<\/h2>\n\n\n\n<p>A nota t\u00e9cnica busca subsidiar a posi\u00e7\u00e3o da Advocacia-Geral da Uni\u00e3o (AGU) em a\u00e7\u00e3o movida pelo PT no STF, que cobra um cronograma de imuniza\u00e7\u00e3o de crian\u00e7as contra a Covid-19. O ministro Ricardo Lewandowski determinou que o cronograma deva ser definido at\u00e9 5 de janeiro de 2022.<\/p>\n\n\n\n<p>O magistrado tamb\u00e9m pediu que o governo explique a decis\u00e3o de <a href=\"https:\/\/g1.globo.com\/saude\/noticia\/2021\/12\/23\/ministerio-da-saude-quer-que-criancas-sejam-vacinadas-mediante-prescricao-medica-diz-queiroga-proposta-sera-submetida-a-consulta-publica.ghtml\">recomendar a vacina\u00e7\u00e3o de crian\u00e7as apenas com prescri\u00e7\u00e3o m\u00e9dica<\/a>.<\/p>\n\n\n\n<p>A ideia vem sendo defendida por Marcelo Queiroga, que disse na quinta-feira (23) qu<a href=\"https:\/\/g1.globo.com\/tudo-sobre\/ministerio-da-saude\/\">e o Minist\u00e9rio da Sa<\/a><a href=\"https:\/\/g1.globo.com\/tudo-sobre\/ministerio-da-saude\/\">\u00fade<\/a> recomendar\u00e1 que as crian\u00e7as de 5 a 11 anos sejam vacinadas desde que haja prescri\u00e7\u00e3o m\u00e9dica e assinatura de termo de consentimento pelos pais.<\/p>\n\n\n\n<p>O presidente Jair Bolsonaro concorda com a recomenda\u00e7\u00e3o. Para ele, a decis\u00e3o sobre vacinar os filhos cabe exclusivamente aos pais. &#8220;Eu n\u00e3o posso impor nada para o seu filho menor de idade. Voc\u00ea \u00e9 o respons\u00e1vel por aquele garoto. Se vai fazer bem ou n\u00e3o, os pais decidem&#8221;, disse na sexta-feira (24).<\/p>\n\n\n\n<p>Fonte: G1<\/p>\n","protected":false},"excerpt":{"rendered":"<p>Posi\u00e7\u00e3o enviada ao STF contraria questionamentos do presidente Jair Bolsonaro, que diz haver uma &#8216;interroga\u00e7\u00e3o enorme&#8217; em rela\u00e7\u00e3o a supostos<\/p>\n","protected":false},"author":1,"featured_media":1659,"comment_status":"open","ping_status":"open","sticky":false,"template":"","format":"standard","meta":{"colormag_page_container_layout":"default_layout","colormag_page_sidebar_layout":"default_layout","footnotes":""},"categories":[9],"tags":[],"class_list":["post-1658","post","type-post","status-publish","format-standard","has-post-thumbnail","hentry","category-saude"],"_links":{"self":[{"href":"http:\/\/metropoleemfoco.com.br\/index.php?rest_route=\/wp\/v2\/posts\/1658","targetHints":{"allow":["GET"]}}],"collection":[{"href":"http:\/\/metropoleemfoco.com.br\/index.php?rest_route=\/wp\/v2\/posts"}],"about":[{"href":"http:\/\/metropoleemfoco.com.br\/index.php?rest_route=\/wp\/v2\/types\/post"}],"author":[{"embeddable":true,"href":"http:\/\/metropoleemfoco.com.br\/index.php?rest_route=\/wp\/v2\/users\/1"}],"replies":[{"embeddable":true,"href":"http:\/\/metropoleemfoco.com.br\/index.php?rest_route=%2Fwp%2Fv2%2Fcomments&post=1658"}],"version-history":[{"count":1,"href":"http:\/\/metropoleemfoco.com.br\/index.php?rest_route=\/wp\/v2\/posts\/1658\/revisions"}],"predecessor-version":[{"id":1660,"href":"http:\/\/metropoleemfoco.com.br\/index.php?rest_route=\/wp\/v2\/posts\/1658\/revisions\/1660"}],"wp:featuredmedia":[{"embeddable":true,"href":"http:\/\/metropoleemfoco.com.br\/index.php?rest_route=\/wp\/v2\/media\/1659"}],"wp:attachment":[{"href":"http:\/\/metropoleemfoco.com.br\/index.php?rest_route=%2Fwp%2Fv2%2Fmedia&parent=1658"}],"wp:term":[{"taxonomy":"category","embeddable":true,"href":"http:\/\/metropoleemfoco.com.br\/index.php?rest_route=%2Fwp%2Fv2%2Fcategories&post=1658"},{"taxonomy":"post_tag","embeddable":true,"href":"http:\/\/metropoleemfoco.com.br\/index.php?rest_route=%2Fwp%2Fv2%2Ftags&post=1658"}],"curies":[{"name":"wp","href":"https:\/\/api.w.org\/{rel}","templated":true}]}}