{"id":1526,"date":"2021-12-09T11:54:02","date_gmt":"2021-12-09T14:54:02","guid":{"rendered":"https:\/\/metropoleemfoco.com.br\/?p=1526"},"modified":"2021-12-09T11:54:03","modified_gmt":"2021-12-09T14:54:03","slug":"helicoptero-aguia-da-pm-socorre-motociclista-apos-acidente-na-zona-sul-de-sao-paulo","status":"publish","type":"post","link":"http:\/\/metropoleemfoco.com.br\/?p=1526","title":{"rendered":"Helic\u00f3ptero \u00c1guia da PM socorre motociclista ap\u00f3s acidente na Zona Sul de S\u00e3o Paulo"},"content":{"rendered":"\n<h2 class=\"wp-block-heading\">V\u00edtima, de 21 anos, teve ferimentos graves ap\u00f3s bater na traseira de um carro na Avenida Dona Belmira Marin.<\/h2>\n\n\n\n<hr class=\"wp-block-separator\"\/>\n\n\n\n<figure class=\"wp-block-image\"><img decoding=\"async\" src=\"https:\/\/s2.glbimg.com\/pgsXVcg9rp2EIgQgTBo2sKhFplA=\/0x0:1920x1080\/1008x0\/smart\/filters:strip_icc()\/i.s3.glbimg.com\/v1\/AUTH_59edd422c0c84a879bd37670ae4f538a\/internal_photos\/bs\/2021\/V\/j\/FTX7AKQZ6uxSGHuqE4Uw\/acervo-bdsp-bdbr-limpo-20211209-0545-frame-124278.jpeg\" alt=\"Motociclista que se envolveu em acidente no Graja\u00fa \u00e9 socorrido pelo helic\u00f3ptero \u00c1guia da PM \u2014 Foto: Reprodu\u00e7\u00e3o TV Globo\"\/><\/figure>\n\n\n\n<p>Motociclista que se envolveu em acidente no Graja\u00fa \u00e9 socorrido pelo helic\u00f3ptero \u00c1guia da PM \u2014 Foto: Reprodu\u00e7\u00e3o TV Globo<\/p>\n\n\n\n<p>O helic\u00f3ptero \u00c1guia da Pol\u00edcia Militar foi acionado na manh\u00e3 desta quinta-feira (9) para socorrer um motociclista envolvido em um acidente de tr\u00e2nsito na regi\u00e3o do Graja\u00fa, na Zona Sul de S\u00e3o Paulo.<\/p>\n\n\n\n<p>O motociclista ficou ferido ap\u00f3s bater na traseira de um carro na Avenida Dona Belmira Marin. A v\u00edtima, de 21 anos, teve ferimentos graves.<\/p>\n\n\n\n<p>O helic\u00f3ptero foi para a base do Corpo de Bombeiros \u00e0s margens da Represa de Guarapiranga, para onde a v\u00edtima foi levada em uma ambul\u00e2ncia do Resgate.<\/p>\n\n\n\n<p>Fonte: G1<\/p>\n","protected":false},"excerpt":{"rendered":"<p>V\u00edtima, de 21 anos, teve ferimentos graves ap\u00f3s bater na traseira de um carro na Avenida Dona Belmira Marin. Motociclista<\/p>\n","protected":false},"author":1,"featured_media":1527,"comment_status":"open","ping_status":"open","sticky":false,"template":"","format":"standard","meta":{"colormag_page_container_layout":"default_layout","colormag_page_sidebar_layout":"default_layout","footnotes":""},"categories":[1],"tags":[],"class_list":["post-1526","post","type-post","status-publish","format-standard","has-post-thumbnail","hentry","category-geral"],"_links":{"self":[{"href":"http:\/\/metropoleemfoco.com.br\/index.php?rest_route=\/wp\/v2\/posts\/1526","targetHints":{"allow":["GET"]}}],"collection":[{"href":"http:\/\/metropoleemfoco.com.br\/index.php?rest_route=\/wp\/v2\/posts"}],"about":[{"href":"http:\/\/metropoleemfoco.com.br\/index.php?rest_route=\/wp\/v2\/types\/post"}],"author":[{"embeddable":true,"href":"http:\/\/metropoleemfoco.com.br\/index.php?rest_route=\/wp\/v2\/users\/1"}],"replies":[{"embeddable":true,"href":"http:\/\/metropoleemfoco.com.br\/index.php?rest_route=%2Fwp%2Fv2%2Fcomments&post=1526"}],"version-history":[{"count":1,"href":"http:\/\/metropoleemfoco.com.br\/index.php?rest_route=\/wp\/v2\/posts\/1526\/revisions"}],"predecessor-version":[{"id":1528,"href":"http:\/\/metropoleemfoco.com.br\/index.php?rest_route=\/wp\/v2\/posts\/1526\/revisions\/1528"}],"wp:featuredmedia":[{"embeddable":true,"href":"http:\/\/metropoleemfoco.com.br\/index.php?rest_route=\/wp\/v2\/media\/1527"}],"wp:attachment":[{"href":"http:\/\/metropoleemfoco.com.br\/index.php?rest_route=%2Fwp%2Fv2%2Fmedia&parent=1526"}],"wp:term":[{"taxonomy":"category","embeddable":true,"href":"http:\/\/metropoleemfoco.com.br\/index.php?rest_route=%2Fwp%2Fv2%2Fcategories&post=1526"},{"taxonomy":"post_tag","embeddable":true,"href":"http:\/\/metropoleemfoco.com.br\/index.php?rest_route=%2Fwp%2Fv2%2Ftags&post=1526"}],"curies":[{"name":"wp","href":"https:\/\/api.w.org\/{rel}","templated":true}]}}