{"id":13996,"date":"2026-05-02T15:22:49","date_gmt":"2026-05-02T18:22:49","guid":{"rendered":"http:\/\/metropoleemfoco.com.br\/?p=13996"},"modified":"2026-05-02T15:22:49","modified_gmt":"2026-05-02T18:22:49","slug":"13996","status":"publish","type":"post","link":"http:\/\/metropoleemfoco.com.br\/?p=13996","title":{"rendered":""},"content":{"rendered":"<header class=\"group\/header group mx-auto box-border flex w-full max-w-full flex-col gap-4 pb-4 md:border-b md:border-neutral-200 [&amp;_.gallery]:-mx-4 [&amp;_.gallery]:outline [&amp;_.gallery]:outline-2 [&amp;_.gallery]:outline-neutral-950 [&amp;_.gallery]:lg:-mx-0 [&amp;_.gallery]:lg:outline-none\">\n<div class=\"flex w-full flex-col gap-4\">\n<div class=\"border-b pb-4 lg:border-b-0 lg:pb-0\" tabindex=\"1\">\n<h1 class=\"font-bold text-3xl lg:text-4xl\" data-single-title=\"true\">Morre Alex Zanardi, ex-F\u00f3rmula 1 e multicampe\u00e3o paral\u00edmpico, aos 59 anos<\/h1>\n<\/div>\n<div tabindex=\"2\">\n<h2 class=\"text-lg font-normal group-[.isActiveSource]:text-xl\" data-single-excerpt=\"true\">S\u00edmbolo de supera\u00e7\u00e3o no automobilismo e dono de diversas medalhas paral\u00edmpicas, italiano construiu legado al\u00e9m das pistas com hist\u00f3ria marcada por resili\u00eancia e conquistas<\/h2>\n<\/div>\n<\/div>\n<div class=\"flex w-full flex-col gap-1\" data-single-author=\"true\"><span class=\"text-sm font-normal\"><a class=\"text-sm underline\" href=\"https:\/\/www.cnnbrasil.com.br\/autor\/gabriel-teles\/\" target=\"_self\" aria-label=\"Ver mais mat\u00e9rias de Gabriel Teles\"><span class=\"text-sm font-medium\">Gabriel Teles<\/span><\/a>, da CNN Brasil<\/span><time class=\"text-sm font-normal text-neutral-400\" datetime=\"2026-05-02T09:16:38Z\"><span class=\"timestamp__date\">02\/05\/26 \u00e0s 09:16<\/span><span class=\"timestamp__divisor\">\u00a0|\u00a0<\/span><span class=\"timestamp__modified\">Atualizado\u00a002\/05\/26 \u00e0s 12:33<\/span><\/time><\/div>\n<\/header>\n<div class=\"sticky top-[calc(100%-80px)] z-20 hidden lg:block\">\n<div class=\"absolute -left-2 bottom-8 flex h-0 flex-col-reverse items-start\"><\/div>\n<\/div>\n<div class=\"text-lg w-full pt-6 font-light text-neutral-800 group-[.isActiveSource&gt;*]:text-xl md:pt-10 [&amp;&gt;*:not(.single-product)]:mx-auto [&amp;&gt;*:not(.single-product)]:max-w-2xl [&amp;_.gallery]:mb-4 [&amp;_p]:my-4 first:[&amp;_p]:mt-0 [&amp;_strong]:font-medium\" data-single-content=\"true\">\n<p class=\"my-5 break-words group-[.isActiveSource]:text-xl\">O esporte mundial amanheceu de luto neste s\u00e1bado (2) com a confirma\u00e7\u00e3o da morte de Alex Zanardi, aos 59 anos. A informa\u00e7\u00e3o foi divulgada pela fam\u00edlia do ex-piloto, que relatou que ele morreu de forma serena na sexta-feira (1\u00ba). Em comunicado, os familiares agradeceram as manifesta\u00e7\u00f5es de carinho e pediram respeito \u00e0 privacidade neste momento.<\/p>\n<p class=\"my-5 break-words group-[.isActiveSource]:text-xl\">A repercuss\u00e3o foi imediata na It\u00e1lia e no\u00a0<a class=\"text-red-600 underline hover:text-red-500 font-medium break-words group-[.isActiveSource]:text-xl\" href=\"https:\/\/www.cnnbrasil.com.br\/esportes\/automobilismo\/bortoleto-volta-ao-palco-da-principal-corrida-de-sua-carreira-na-italia\/\" target=\"_blank\" rel=\"noopener noreferrer\" data-textassist=\"true\">cen\u00e1rio internacional<\/a>. A primeira-ministra Giorgia Meloni descreveu Zanardi como um \u201chomem extraordin\u00e1rio\u201d, destacando sua capacidade de transformar adversidades em exemplos de coragem e dignidade. J\u00e1 o presidente Sergio Mattarella afirmou sentir \u201cprofunda dor\u201d pela perda, ressaltando o entusiasmo e a for\u00e7a que marcaram a trajet\u00f3ria do atleta.<\/p>\n<h2 class=\"text-2xl my-5 font-bold break-words\">Carreira entre a F\u00f3rmula 1 e o automobilismo internacional<\/h2>\n<p class=\"my-5 break-words group-[.isActiveSource]:text-xl\">Zanardi construiu parte de sua carreira no mais alto n\u00edvel do automobilismo. Entre os anos 1990 e in\u00edcio dos 2000, disputou 44 Grandes Pr\u00eamios na F\u00f3rmula 1, defendendo equipes como Lotus, Williams, Jordan e Minardi. Apesar de n\u00e3o ter conquistado vit\u00f3rias na categoria, ganhou notoriedade pelo estilo agressivo e pela habilidade em condi\u00e7\u00f5es adversas.<\/p>\n<p class=\"my-5 break-words group-[.isActiveSource]:text-xl\">Foi fora da F\u00f3rmula 1, por\u00e9m, que alcan\u00e7ou seus maiores resultados no automobilismo. Na CART (<a class=\"text-red-600 underline hover:text-red-500 font-medium break-words group-[.isActiveSource]:text-xl\" href=\"https:\/\/www.cnnbrasil.com.br\/esportes\/automobilismo\/ceo-da-mclaren-teria-dito-a-palou-que-nao-queria-piastri-na-equipe-de-f1\/\" target=\"_blank\" rel=\"noopener noreferrer\" data-textassist=\"true\">atual IndyCar<\/a>), tornou-se campe\u00e3o e um dos nomes mais respeitados da categoria.<\/p>\n<div class=\"h-auto w-fit cursor-pointer group-has-[.featuredImage]:w-full group-has-[.gallery]:w-full group-has-[.mosaic-large]:w-full group-has-[.mosaic-small]:w-fit [#gut-square_&amp;]:w-full [#gut-square_&amp;]:lg:w-fit [#gut-trio_&amp;]:w-full [#manchete-section-one_&amp;]:h-full [#manchete-section-one_&amp;]:w-full\" tabindex=\"0\" role=\"button\" aria-controls=\"modal-content\" aria-expanded=\"false\" aria-haspopup=\"true\">\n<div class=\"group\/featureImage featuredImage relative w-full\" data-image=\"true\">\n<figure class=\"group\/featureImage featuredImage relative z-10 mb-4 flex shrink flex-col gap-2\">\n<div class=\"featuredImage--image z-10 -mx-4 flex items-center justify-center bg-neutral-950 lg:mx-0 lg:overflow-hidden lg:rounded-lg\"><picture class=\"flex object-cover overflow-clip\"><img loading=\"lazy\" decoding=\"async\" class=\"flex size-full object-cover\" src=\"https:\/\/admin.cnnbrasil.com.br\/wp-content\/uploads\/sites\/12\/2026\/05\/Zanardi-1.jpg?w=849&amp;h=477&amp;crop=0\" alt=\"Zanardi durante \u00e9poca como piloto \u2022 Jamie Squire\/Getty Images\" width=\"849\" height=\"477\" \/><\/picture><\/div><figcaption class=\"featuredImage--caption text-neutral-500\"><span class=\"text-sm font-medium featuredImage--subtitle\">Zanardi durante \u00e9poca como piloto \u2022 Jamie Squire\/Getty Images<\/span><\/figcaption><\/figure>\n<\/div>\n<\/div>\n<h2 class=\"text-2xl my-5 font-bold break-words\">O acidente que mudou tudo<\/h2>\n<p class=\"my-5 break-words group-[.isActiveSource]:text-xl\">Em setembro de 2001, a carreira de Zanardi sofreu uma reviravolta dram\u00e1tica. Durante uma corrida na Alemanha, ele sofreu um\u00a0<a class=\"text-red-600 underline hover:text-red-500 font-medium break-words group-[.isActiveSource]:text-xl\" href=\"https:\/\/www.cnnbrasil.com.br\/esportes\/automobilismo\/indy-piloto-bate-em-treino-das-500-milhas-de-indianapolis-e-sai-de-maca\/\" target=\"_blank\" rel=\"noopener noreferrer\" data-textassist=\"true\">grave acidente<\/a>\u00a0que resultou na amputa\u00e7\u00e3o das duas pernas. O epis\u00f3dio chocou o mundo do esporte e colocou em d\u00favida sua sobreviv\u00eancia.<\/p>\n<p class=\"my-5 break-words group-[.isActiveSource]:text-xl\">Contra todas as expectativas m\u00e9dicas, Zanardi iniciou um longo processo de recupera\u00e7\u00e3o. Mais do que isso, decidiu voltar a competir, adaptando ve\u00edculos e desafiando limites f\u00edsicos de forma in\u00e9dita no automobilismo.<\/p>\n<h2 class=\"text-2xl my-5 font-bold break-words\">Nova vida e consagra\u00e7\u00e3o paral\u00edmpica<\/h2>\n<p class=\"my-5 break-words group-[.isActiveSource]:text-xl\">A reinven\u00e7\u00e3o de Zanardi ganhou novo cap\u00edtulo a partir de 2007, quando ele passou a se dedicar ao paraciclismo. Na modalidade, rapidamente se destacou e construiu uma trajet\u00f3ria hist\u00f3rica.<\/p>\n<p class=\"my-5 break-words group-[.isActiveSource]:text-xl\">Nos Jogos Paral\u00edmpicos de Londres, em 2012, conquistou duas medalhas de ouro e uma de prata. Quatro anos depois, no Rio de Janeiro, repetiu o sucesso com mais dois ouros e uma prata. Ao longo da carreira, acumulou tamb\u00e9m t\u00edtulos mundiais, tornando-se refer\u00eancia global no esporte adaptado.<\/p>\n<div class=\"h-auto w-fit cursor-pointer group-has-[.featuredImage]:w-full group-has-[.gallery]:w-full group-has-[.mosaic-large]:w-full group-has-[.mosaic-small]:w-fit [#gut-square_&amp;]:w-full [#gut-square_&amp;]:lg:w-fit [#gut-trio_&amp;]:w-full [#manchete-section-one_&amp;]:h-full [#manchete-section-one_&amp;]:w-full\" tabindex=\"0\" role=\"button\" aria-controls=\"modal-content\" aria-expanded=\"false\" aria-haspopup=\"true\">\n<div class=\"group\/featureImage featuredImage relative w-full\" data-image=\"true\">\n<figure class=\"group\/featureImage featuredImage relative z-10 mb-4 flex shrink flex-col gap-2\">\n<div class=\"featuredImage--image z-10 -mx-4 flex items-center justify-center bg-neutral-950 lg:mx-0 lg:overflow-hidden lg:rounded-lg\"><picture class=\"flex object-cover overflow-clip\"><img loading=\"lazy\" decoding=\"async\" class=\"flex size-full object-cover\" src=\"https:\/\/admin.cnnbrasil.com.br\/wp-content\/uploads\/sites\/12\/2026\/05\/Zanardi-2.jpg?w=849&amp;h=477&amp;crop=0\" alt=\"Alex Zanardi celebra vit\u00f3ria ap\u00f3s competi\u00e7\u00e3o nas Paralimp\u00edadas de Londres \u2022 Bryn Lennon\/Getty Images\" width=\"849\" height=\"477\" \/><\/picture><\/div><figcaption class=\"featuredImage--caption text-neutral-500\"><span class=\"text-sm font-medium featuredImage--subtitle\">Alex Zanardi celebra vit\u00f3ria ap\u00f3s competi\u00e7\u00e3o nas Paralimp\u00edadas de Londres \u2022 Bryn Lennon\/Getty Images<\/span><\/figcaption><\/figure>\n<\/div>\n<\/div>\n<h2 class=\"text-2xl my-5 font-bold break-words\">\u00daltimos anos e legado<\/h2>\n<p class=\"my-5 break-words group-[.isActiveSource]:text-xl\">Em 2020, Zanardi enfrentou outro momento cr\u00edtico ao sofrer um acidente grave durante um evento beneficente de handbike, ap\u00f3s colis\u00e3o com um caminh\u00e3o. Ele passou por cirurgias e um longo per\u00edodo de reabilita\u00e7\u00e3o, recebendo alta apenas no fim de 2021.<\/p>\n<p class=\"my-5 break-words group-[.isActiveSource]:text-xl\">Desde ent\u00e3o, viveu de forma mais reservada ao lado da esposa, Daniela, e do filho, Niccol\u00f2.<\/p>\n<p>Fonte: CNN<\/p>\n<\/div>\n","protected":false},"excerpt":{"rendered":"<p>Morre Alex Zanardi, ex-F\u00f3rmula 1 e multicampe\u00e3o paral\u00edmpico, aos 59 anos S\u00edmbolo de supera\u00e7\u00e3o no automobilismo e dono de diversas<\/p>\n","protected":false},"author":1,"featured_media":13998,"comment_status":"open","ping_status":"open","sticky":false,"template":"","format":"standard","meta":{"colormag_page_container_layout":"default_layout","colormag_page_sidebar_layout":"default_layout","footnotes":""},"categories":[95],"tags":[],"class_list":["post-13996","post","type-post","status-publish","format-standard","has-post-thumbnail","hentry","category-paralimpicos"],"_links":{"self":[{"href":"http:\/\/metropoleemfoco.com.br\/index.php?rest_route=\/wp\/v2\/posts\/13996","targetHints":{"allow":["GET"]}}],"collection":[{"href":"http:\/\/metropoleemfoco.com.br\/index.php?rest_route=\/wp\/v2\/posts"}],"about":[{"href":"http:\/\/metropoleemfoco.com.br\/index.php?rest_route=\/wp\/v2\/types\/post"}],"author":[{"embeddable":true,"href":"http:\/\/metropoleemfoco.com.br\/index.php?rest_route=\/wp\/v2\/users\/1"}],"replies":[{"embeddable":true,"href":"http:\/\/metropoleemfoco.com.br\/index.php?rest_route=%2Fwp%2Fv2%2Fcomments&post=13996"}],"version-history":[{"count":1,"href":"http:\/\/metropoleemfoco.com.br\/index.php?rest_route=\/wp\/v2\/posts\/13996\/revisions"}],"predecessor-version":[{"id":13999,"href":"http:\/\/metropoleemfoco.com.br\/index.php?rest_route=\/wp\/v2\/posts\/13996\/revisions\/13999"}],"wp:featuredmedia":[{"embeddable":true,"href":"http:\/\/metropoleemfoco.com.br\/index.php?rest_route=\/wp\/v2\/media\/13998"}],"wp:attachment":[{"href":"http:\/\/metropoleemfoco.com.br\/index.php?rest_route=%2Fwp%2Fv2%2Fmedia&parent=13996"}],"wp:term":[{"taxonomy":"category","embeddable":true,"href":"http:\/\/metropoleemfoco.com.br\/index.php?rest_route=%2Fwp%2Fv2%2Fcategories&post=13996"},{"taxonomy":"post_tag","embeddable":true,"href":"http:\/\/metropoleemfoco.com.br\/index.php?rest_route=%2Fwp%2Fv2%2Ftags&post=13996"}],"curies":[{"name":"wp","href":"https:\/\/api.w.org\/{rel}","templated":true}]}}