{"id":13990,"date":"2026-05-02T15:27:16","date_gmt":"2026-05-02T18:27:16","guid":{"rendered":"http:\/\/metropoleemfoco.com.br\/?p=13990"},"modified":"2026-05-02T15:27:16","modified_gmt":"2026-05-02T18:27:16","slug":"13990","status":"publish","type":"post","link":"http:\/\/metropoleemfoco.com.br\/?p=13990","title":{"rendered":""},"content":{"rendered":"<div class=\"mc-article-header\">\n<div class=\"row content-head mc-column non-featured \">\n<div class=\"title\" data-block-type=\"title\" data-block-id=\"0\">\n<h1 class=\"content-head__title\">SP ter\u00e1 virada no tempo com chegada de frente fria neste domingo<\/h1>\n<\/div>\n<div class=\"medium-centered subtitle\">\n<h2 class=\"content-head__subtitle\">Depois de feriado com calor, \u00faltimo dia de descanso ter\u00e1 c\u00e9u fechado, chuva e temperatura m\u00ednima de 15\u00b0C na capital paulista.<\/h2>\n<\/div>\n<\/div>\n<div class=\"content__signa-share mc-column\">\n<div class=\"content__signature\">\n<div class=\"content-publication-data\">\n<div class=\"content-publication-data__text\">\n<p class=\"content-publication-data__from\" title=\"Reda\u00e7\u00e3o g1 SP\">Por\u00a0<a class=\"multi_signatures\" href=\"https:\/\/g1.globo.com\/autores\/redacao-g1-sp\/\">Reda\u00e7\u00e3o g1 SP<\/a>\u00a0\u2014 S\u00e3o Paulo<\/p>\n<\/div>\n<\/div>\n<\/div>\n<\/div>\n<div class=\"glb-share-bar content__share-bar\">\n<div class=\"glb-share-bar_icons\">\n<div class=\"glb-share-bar_button-img\"><\/div>\n<div class=\"glb-share-bar_button-img\"><\/div>\n<div class=\"glb-share-bar_button-img\"><\/div>\n<\/div>\n<\/div>\n<\/div>\n<div class=\"mc-article-body\">\n<article>\n<div id=\"chunk-jl1i\">\n<div class=\"cxm-block-video content-media mc-column \" data-block-type=\"backstage-video\" data-block-id=\"1\">\n<div class=\"cxm-block-video__container cxm-block-video__container--fallback \">\n<div class=\"cxm-block-video__player-fixer\">\n<article class=\"cxm-block-video__player-wrapper\">\n<section class=\"cxm-block-video__player\">\n<div class=\"cxm-block-video__placeholder\" data-video-id=\"14577689\"><img decoding=\"async\" class=\"cxm-block-video__thumb\" title=\"SP ter\u00e1 virada no tempo com chegada de frente fria neste domingo (3)\" src=\"https:\/\/s02.video.glbimg.com\/x240\/14577689.jpg\" alt=\"SP ter\u00e1 virada no tempo com chegada de frente fria neste domingo (3)\" \/><\/div>\n<\/section>\n<\/article>\n<\/div>\n<div class=\"cxm-block-video__caption-container\">\n<p class=\"codex-caption codex-caption--small\">SP ter\u00e1 virada no tempo com chegada de frente fria neste domingo (3)<\/p>\n<\/div>\n<\/div>\n<\/div>\n<\/div>\n<div id=\"chunk-5ninj\">\n<div class=\"mc-column content-text active-extra-styles \" data-block-type=\"unstyled\" data-block-weight=\"51\" data-block-id=\"2\">\n<p class=\" content-text__container \" data-track-category=\"Link no Texto\" data-track-links=\"\">Depois de um feriado com sol forte e temperaturas elevadas, o tempo muda em\u00a0<a class=\"\" href=\"https:\/\/g1.globo.com\/sp\/sao-paulo\/cidade\/sao-paulo\/\">S\u00e3o Paulo<\/a>\u00a0neste domingo (3), \u00faltimo dia de descanso prolongado do Dia do Trabalhador. A chegada de uma frente fria pelo litoral paulista provoca aumento da nebulosidade, queda acentuada de temperatura e chuva ao longo do dia.<\/p>\n<\/div>\n<\/div>\n<div class=\"wall protected-content\">\n<div id=\"chunk-8nss\">\n<div class=\"mc-column content-text active-extra-styles \" data-block-type=\"unstyled\" data-block-weight=\"57\" data-block-id=\"4\">\n<p class=\" content-text__container \" data-track-category=\"Link no Texto\" data-track-links=\"\">Na capital, a mudan\u00e7a come\u00e7a j\u00e1 na noite de s\u00e1bado (2), que tem possibilidade de chuviscos, e se acentua durante a madrugada. O avan\u00e7o da frente fria favorece a ocorr\u00eancia de chuva fraca a moderada ao longo da manh\u00e3 e garoa ocasional entre a tarde e a noite. O c\u00e9u deve permanecer encoberto durante o dia todo.<\/p>\n<\/div>\n<\/div>\n<div id=\"chunk-ctsvn\">\n<div class=\"row medium-uncollapsed content-media content-photo\" data-block-type=\"backstage-photo\" data-block-id=\"6\">\n<div class=\" mc-column  content-media__container\">\n<div class=\"content-media-container glb-skeleton-box\">\n<figure class=\"content-media-figure\"><img decoding=\"async\" class=\"i-amphtml-fill-content i-amphtml-replaced-content\" src=\"https:\/\/s2-g1.glbimg.com\/EjcW5eGIySFZcnolZxJkvcnQ_zQ=\/0x0:1912x1075\/984x0\/smart\/filters:strip_icc()\/i.s3.glbimg.com\/v1\/AUTH_59edd422c0c84a879bd37670ae4f538a\/internal_photos\/bs\/2026\/L\/A\/lTxnXxSuOBaBVs4BqxdQ\/captura-de-tela-2026-05-02-124303.jpg\" sizes=\"(max-width: 1600px) 648px, 100vw\" srcset=\"https:\/\/s2-g1.glbimg.com\/sxIWgO3qzCs6Mx89aAOfauSUiD4=\/0x0:1912x1075\/1000x0\/smart\/filters:strip_icc()\/i.s3.glbimg.com\/v1\/AUTH_59edd422c0c84a879bd37670ae4f538a\/internal_photos\/bs\/2026\/L\/A\/lTxnXxSuOBaBVs4BqxdQ\/captura-de-tela-2026-05-02-124303.jpg 1000w, https:\/\/s2-g1.glbimg.com\/EjcW5eGIySFZcnolZxJkvcnQ_zQ=\/0x0:1912x1075\/984x0\/smart\/filters:strip_icc()\/i.s3.glbimg.com\/v1\/AUTH_59edd422c0c84a879bd37670ae4f538a\/internal_photos\/bs\/2026\/L\/A\/lTxnXxSuOBaBVs4BqxdQ\/captura-de-tela-2026-05-02-124303.jpg 984w, https:\/\/s2-g1.glbimg.com\/Xzc-IeyMvjPUf9XNRZatf0EKokc=\/0x0:1912x1075\/640x0\/smart\/filters:strip_icc()\/i.s3.glbimg.com\/v1\/AUTH_59edd422c0c84a879bd37670ae4f538a\/internal_photos\/bs\/2026\/L\/A\/lTxnXxSuOBaBVs4BqxdQ\/captura-de-tela-2026-05-02-124303.jpg 640w, https:\/\/s2-g1.glbimg.com\/TyEzuw1GJ5QgnXBdqOlXNBZqGkU=\/0x0:1912x1075\/600x0\/smart\/filters:strip_icc()\/i.s3.glbimg.com\/v1\/AUTH_59edd422c0c84a879bd37670ae4f538a\/internal_photos\/bs\/2026\/L\/A\/lTxnXxSuOBaBVs4BqxdQ\/captura-de-tela-2026-05-02-124303.jpg 600w\" alt=\"Previs\u00e3o do tempo para o domingo (3) na cidade de S\u00e3o Paulo \u2014 Foto: Reprodu\u00e7\u00e3o\/TV Globo\" \/><\/figure>\n<\/div>\n<p class=\"content-media__description  \">Previs\u00e3o do tempo para o domingo (3) na cidade de S\u00e3o Paulo \u2014 Foto: Reprodu\u00e7\u00e3o\/TV Globo<\/p>\n<\/div>\n<\/div>\n<\/div>\n<div id=\"chunk-bv51c\">\n<div class=\"mc-column content-text active-extra-styles \" data-block-type=\"unstyled\" data-block-weight=\"63\" data-block-id=\"7\">\n<p class=\" content-text__container \" data-track-category=\"Link no Texto\" data-track-links=\"\">De acordo com o Centro de Gerenciamento de Emerg\u00eancias Clim\u00e1ticas (CGE) da prefeitura, a temperatura m\u00e1xima deve ficar em torno de 21\u00b0C nas primeiras horas deste domingo, com queda gradual at\u00e9 a noite, quando a m\u00ednima pode chegar a 15\u00b0C. A sensa\u00e7\u00e3o ser\u00e1 de frio, principalmente no fim da tarde e \u00e0 noite, contrastando com tempo quente e seco registrado nos dias anteriores.<\/p>\n<\/div>\n<\/div>\n<div id=\"chunk-983uc\">\n<div class=\"mc-column content-text active-extra-styles \" data-block-type=\"unstyled\" data-block-weight=\"49\" data-block-id=\"8\">\n<p class=\" content-text__container \" data-track-category=\"Link no Texto\" data-track-links=\"\">A umidade relativa volta a subir e deve permanecer acima dos 70% durante o domingo, o que contribui para o tempo fechado. Apesar de a frente fria ser considerada fraca na capital, h\u00e1 risco de chuva mais volumosa em \u00e1reas da Regi\u00e3o Metropolitana e principalmente no litoral do estado.<\/p>\n<\/div>\n<\/div>\n<div id=\"chunk-d4a52\">\n<div class=\"content-ads content-ads--reveal\" data-block-type=\"ads\" data-block-id=\"9\">\n<div id=\"banner_materia__9d7a6104-4c61-419d-a9f9-ac9b1364b266\"><\/div>\n<\/div>\n<\/div>\n<div id=\"chunk-8vqsh\">\n<div class=\"row medium-uncollapsed content-media content-photo\" data-block-type=\"backstage-photo\" data-block-id=\"10\">\n<div class=\" mc-column  content-media__container\">\n<div class=\"content-media-container glb-skeleton-box\">\n<figure class=\"content-media-figure\"><img decoding=\"async\" class=\"i-amphtml-fill-content i-amphtml-replaced-content\" src=\"https:\/\/s2-g1.glbimg.com\/L3W12MYMRvGzxKtyDi9oWZwDhR0=\/0x0:1915x1075\/984x0\/smart\/filters:strip_icc()\/i.s3.glbimg.com\/v1\/AUTH_59edd422c0c84a879bd37670ae4f538a\/internal_photos\/bs\/2026\/b\/c\/P5NAC1RUqUmBUC7jWdWw\/captura-de-tela-2026-05-02-124339.jpg\" sizes=\"(max-width: 1600px) 648px, 100vw\" srcset=\"https:\/\/s2-g1.glbimg.com\/ejxW4xQm7iQoIFn9hpWc9N4rlvM=\/0x0:1915x1075\/1000x0\/smart\/filters:strip_icc()\/i.s3.glbimg.com\/v1\/AUTH_59edd422c0c84a879bd37670ae4f538a\/internal_photos\/bs\/2026\/b\/c\/P5NAC1RUqUmBUC7jWdWw\/captura-de-tela-2026-05-02-124339.jpg 1000w, https:\/\/s2-g1.glbimg.com\/L3W12MYMRvGzxKtyDi9oWZwDhR0=\/0x0:1915x1075\/984x0\/smart\/filters:strip_icc()\/i.s3.glbimg.com\/v1\/AUTH_59edd422c0c84a879bd37670ae4f538a\/internal_photos\/bs\/2026\/b\/c\/P5NAC1RUqUmBUC7jWdWw\/captura-de-tela-2026-05-02-124339.jpg 984w, https:\/\/s2-g1.glbimg.com\/MTBwClp1UhpOQV9gTUrp1rYBbdc=\/0x0:1915x1075\/640x0\/smart\/filters:strip_icc()\/i.s3.glbimg.com\/v1\/AUTH_59edd422c0c84a879bd37670ae4f538a\/internal_photos\/bs\/2026\/b\/c\/P5NAC1RUqUmBUC7jWdWw\/captura-de-tela-2026-05-02-124339.jpg 640w, https:\/\/s2-g1.glbimg.com\/T-MuO-MpuZksAW6-7NDMtxfDG4I=\/0x0:1915x1075\/600x0\/smart\/filters:strip_icc()\/i.s3.glbimg.com\/v1\/AUTH_59edd422c0c84a879bd37670ae4f538a\/internal_photos\/bs\/2026\/b\/c\/P5NAC1RUqUmBUC7jWdWw\/captura-de-tela-2026-05-02-124339.jpg 600w\" alt=\"Litoral paulista ter\u00e1 chuva no domingo (3) \u2014 Foto: Reprodu\u00e7\u00e3o\/TV Globo\" \/><\/figure>\n<\/div>\n<p class=\"content-media__description  \">Litoral paulista ter\u00e1 chuva no domingo (3) \u2014 Foto: Reprodu\u00e7\u00e3o\/TV Globo<\/p>\n<\/div>\n<\/div>\n<\/div>\n<div id=\"chunk-ehrso\">\n<div class=\"mc-column content-text active-extra-styles \" data-block-type=\"unstyled\" data-block-weight=\"34\" data-block-id=\"11\">\n<p class=\" content-text__container \" data-track-category=\"Link no Texto\" data-track-links=\"\">O Instituto Nacional de Meteorologia (Inmet) alerta para risco, ainda que baixo, de ventos fortes e tempestade em todo o litoral paulista, exigindo aten\u00e7\u00e3o de quem vai pegar a estrada no retorno do feriado.<\/p>\n<\/div>\n<\/div>\n<div id=\"chunk-889b8\">\n<div class=\"mc-column content-text active-extra-styles \" data-block-type=\"unstyled\" data-block-weight=\"33\" data-block-id=\"12\">\n<p class=\" content-text__container \" data-track-category=\"Link no Texto\" data-track-links=\"\">Antes disso, este s\u00e1bado ainda ser\u00e1 de sol forte e calor na capital paulista, onde a temperatura m\u00e1xima deve alcan\u00e7ar 28\u00b0C. A nebulosidade aumenta \u00e0 noite, quando j\u00e1 h\u00e1 possibilidade de chuviscos isolados.<\/p>\n<\/div>\n<\/div>\n<div id=\"chunk-cekr6\">\n<div class=\"row medium-uncollapsed content-media content-photo\" data-block-type=\"backstage-photo\" data-block-id=\"13\">\n<div class=\" mc-column  content-media__container\">\n<div class=\"content-media-container glb-skeleton-box\">\n<figure class=\"content-media-figure\"><img decoding=\"async\" class=\"i-amphtml-fill-content i-amphtml-replaced-content\" src=\"https:\/\/s2-g1.glbimg.com\/FIX83oHV3PLkpYDuZbwPbmbQnpk=\/0x125:1024x745\/984x0\/smart\/filters:strip_icc()\/i.s3.glbimg.com\/v1\/AUTH_59edd422c0c84a879bd37670ae4f538a\/internal_photos\/bs\/2023\/B\/4\/OzWltLRveA2c7thlY3kg\/whatsapp-image-2023-10-31-at-08.28.09.jpeg\" sizes=\"(max-width: 1600px) 648px, 100vw\" srcset=\"https:\/\/s2-g1.glbimg.com\/VYDVag9H0yrCCN0aT-KN3gKKeuc=\/0x125:1024x745\/1000x0\/smart\/filters:strip_icc()\/i.s3.glbimg.com\/v1\/AUTH_59edd422c0c84a879bd37670ae4f538a\/internal_photos\/bs\/2023\/B\/4\/OzWltLRveA2c7thlY3kg\/whatsapp-image-2023-10-31-at-08.28.09.jpeg 1000w, https:\/\/s2-g1.glbimg.com\/FIX83oHV3PLkpYDuZbwPbmbQnpk=\/0x125:1024x745\/984x0\/smart\/filters:strip_icc()\/i.s3.glbimg.com\/v1\/AUTH_59edd422c0c84a879bd37670ae4f538a\/internal_photos\/bs\/2023\/B\/4\/OzWltLRveA2c7thlY3kg\/whatsapp-image-2023-10-31-at-08.28.09.jpeg 984w, https:\/\/s2-g1.glbimg.com\/rqx6IjkAJ0ZVv3gDt9_s7eFNn7o=\/0x125:1024x745\/640x0\/smart\/filters:strip_icc()\/i.s3.glbimg.com\/v1\/AUTH_59edd422c0c84a879bd37670ae4f538a\/internal_photos\/bs\/2023\/B\/4\/OzWltLRveA2c7thlY3kg\/whatsapp-image-2023-10-31-at-08.28.09.jpeg 640w, https:\/\/s2-g1.glbimg.com\/NQqs0uUIO1FfkmSPyCtet8UMXnE=\/0x125:1024x745\/600x0\/smart\/filters:strip_icc()\/i.s3.glbimg.com\/v1\/AUTH_59edd422c0c84a879bd37670ae4f538a\/internal_photos\/bs\/2023\/B\/4\/OzWltLRveA2c7thlY3kg\/whatsapp-image-2023-10-31-at-08.28.09.jpeg 600w\" alt=\"S\u00e3o Paulo ter\u00e1 virada no tempo com chegada de frente fria neste domingo (3) ap\u00f3s feriado de calor \u2014 Foto: Yasmin Castro\/g1\" \/><\/figure>\n<\/div>\n<p class=\"content-media__description  \">S\u00e3o Paulo ter\u00e1 virada no tempo com chegada de frente fria neste domingo (3) ap\u00f3s feriado de calor \u2014 Foto: Yasmin Castro\/g1<\/p>\n<\/div>\n<\/div>\n<\/div>\n<div id=\"chunk-7a99a\">\n<div class=\"content-ads content-ads--reveal\" data-block-type=\"ads\" data-block-id=\"14\">\n<div id=\"banner_materia__038d947d-0e83-4152-b12b-2c8710552442\">Fonte: G1<\/div>\n<\/div>\n<\/div>\n<\/div>\n<\/article>\n<\/div>\n","protected":false},"excerpt":{"rendered":"<p>SP ter\u00e1 virada no tempo com chegada de frente fria neste domingo Depois de feriado com calor, \u00faltimo dia de<\/p>\n","protected":false},"author":1,"featured_media":14002,"comment_status":"open","ping_status":"open","sticky":false,"template":"","format":"standard","meta":{"colormag_page_container_layout":"default_layout","colormag_page_sidebar_layout":"default_layout","footnotes":""},"categories":[99],"tags":[],"class_list":["post-13990","post","type-post","status-publish","format-standard","has-post-thumbnail","hentry","category-sp"],"_links":{"self":[{"href":"http:\/\/metropoleemfoco.com.br\/index.php?rest_route=\/wp\/v2\/posts\/13990","targetHints":{"allow":["GET"]}}],"collection":[{"href":"http:\/\/metropoleemfoco.com.br\/index.php?rest_route=\/wp\/v2\/posts"}],"about":[{"href":"http:\/\/metropoleemfoco.com.br\/index.php?rest_route=\/wp\/v2\/types\/post"}],"author":[{"embeddable":true,"href":"http:\/\/metropoleemfoco.com.br\/index.php?rest_route=\/wp\/v2\/users\/1"}],"replies":[{"embeddable":true,"href":"http:\/\/metropoleemfoco.com.br\/index.php?rest_route=%2Fwp%2Fv2%2Fcomments&post=13990"}],"version-history":[{"count":1,"href":"http:\/\/metropoleemfoco.com.br\/index.php?rest_route=\/wp\/v2\/posts\/13990\/revisions"}],"predecessor-version":[{"id":14003,"href":"http:\/\/metropoleemfoco.com.br\/index.php?rest_route=\/wp\/v2\/posts\/13990\/revisions\/14003"}],"wp:featuredmedia":[{"embeddable":true,"href":"http:\/\/metropoleemfoco.com.br\/index.php?rest_route=\/wp\/v2\/media\/14002"}],"wp:attachment":[{"href":"http:\/\/metropoleemfoco.com.br\/index.php?rest_route=%2Fwp%2Fv2%2Fmedia&parent=13990"}],"wp:term":[{"taxonomy":"category","embeddable":true,"href":"http:\/\/metropoleemfoco.com.br\/index.php?rest_route=%2Fwp%2Fv2%2Fcategories&post=13990"},{"taxonomy":"post_tag","embeddable":true,"href":"http:\/\/metropoleemfoco.com.br\/index.php?rest_route=%2Fwp%2Fv2%2Ftags&post=13990"}],"curies":[{"name":"wp","href":"https:\/\/api.w.org\/{rel}","templated":true}]}}