{"id":13989,"date":"2026-05-02T15:20:01","date_gmt":"2026-05-02T18:20:01","guid":{"rendered":"http:\/\/metropoleemfoco.com.br\/?p=13989"},"modified":"2026-05-02T15:20:01","modified_gmt":"2026-05-02T18:20:01","slug":"13989","status":"publish","type":"post","link":"http:\/\/metropoleemfoco.com.br\/?p=13989","title":{"rendered":""},"content":{"rendered":"<header class=\"Grid__Col-sc-owmjhw-2 ivaiSK\">\n<div class=\"HeaderNoticiaWrapper-sc-4exe2y-0 bZTBph  colunas-wrapper\">\n<h1 class=\"Text__TextBase-sc-1d75gww-0 TcJvw\">Marina reage a cr\u00edticas de Nunes: \u201cN\u00e3o conhece de meio ambiente\u201d.<\/h1>\n<h2 class=\"Text__TextBase-sc-1d75gww-0 eOYeiH noticiaCabecalho__subtitulo\">Recentemente, prefeito da capital paulista havia dito que a ex-ministra e pr\u00e9-candidata ao Senado \u201cn\u00e3o fez nada por S\u00e3o Paulo\u201d<\/h2>\n<div class=\"logo-div-container\">\n<div>\n<div class=\"HeaderNoticiaWrapper__Autor-sc-4exe2y-2 ghxIAK\"><a href=\"https:\/\/www.metropoles.com\/author\/victor-aguiar\" target=\"_top\" rel=\"author\">Victor Aguiar<\/a><a href=\"https:\/\/www.metropoles.com\/author\/jessica-bernardo\" target=\"_top\" rel=\"author\">Jessica Bernardo<\/a><\/div>\n<\/div>\n<\/div>\n<\/div>\n<\/header>\n<div class=\"Grid__Col-sc-owmjhw-2 cgtvGh\">\n<div class=\"NoticiaInternaWrapper__ImagemDestaque-sc-481g5p-5 bBlNwq\">\n<div class=\"NoticiaInternaWrapper__WrapperShare-sc-481g5p-9 cLhTYG\">\n<div class=\"NoticiaInternaWrapper__SocialMedias-sc-481g5p-10 gYQUxP\"><\/div>\n<\/div>\n<div class=\"ImgDestaqueNoticiaWrapper-sc-1frrxvx-0 btGEwY\">\n<div class=\"ImgDestaqueNoticiaWrapper__CreditoImagem-sc-1frrxvx-1 EObEe\"><span class=\"Text__TextBase-sc-1d75gww-0 gWMhxK noticia__imagemDestaque--credito\">Jessica Bernardo\/Metr\u00f3poles<\/span><\/div>\n<figure class=\"ImgDestaqueNoticiaWrapper__Imagem-sc-1frrxvx-2 ebzoXV\"><img loading=\"lazy\" decoding=\"async\" class=\"imagem__placeholder\" src=\"https:\/\/i.metroimg.com\/A6u3fVjt0xM8KsQ0SgF9FJUaANjFQ5E0ZCrP4TMxlJI\/w:900\/q:85\/f:webp\/plain\/https:\/\/images.metroimg.com\/2026\/05\/marina-silva.jpg\" alt=\"A pr\u00e9-candidata ao Senado Marina Silva (Rede)\" width=\"1200\" height=\"800\" data-nimg=\"1\" data-yield-master-placement-inserted=\"\" \/><\/figure>\n<\/div>\n<\/div>\n<div class=\"ConteudoNoticiaWrapper-sc-19fsm27-0 hIDPRr m-content\">\n<div class=\"ConteudoNoticiaWrapper__Artigo-sc-19fsm27-1 eehoEi\">\n<p>A ex-ministra do Meio Ambiente e pr\u00e9-candidata ao Senado por\u00a0<a href=\"https:\/\/www.metropoles.com\/tag\/sao-paulo\">S\u00e3o Paulo<\/a>,\u00a0<a href=\"https:\/\/www.metropoles.com\/tag\/marina-silva\">Marina Silva<\/a>\u00a0(Rede), reagiu \u00e0s cr\u00edticas do prefeito da capital paulista,\u00a0<a href=\"https:\/\/www.metropoles.com\/tag\/ricardo-nunes\">Ricardo Nunes<\/a> (MDB), em entrevista concedida durante o ato de 1\u00ba de Maio, realizado no Sindicato dos Metal\u00fargicos de S\u00e3o Paulo, nesta sexta-feira (1\u00ba\/5).<\/p>\n<p data-gtm-vis-recent-on-screen104869357_94=\"6388\" data-gtm-vis-first-on-screen104869357_94=\"6388\" data-gtm-vis-total-visible-time104869357_94=\"100\" data-gtm-vis-has-fired104869357_94=\"1\">Recentemente, Nunes havia criticado a atua\u00e7\u00e3o da ex-ministra, afirmando que ela \u201cvive s\u00f3 de discurso\u201d e que n\u00e3o teria ajudado a cidade de S\u00e3o Paulo na pauta ambiental.<\/p>\n<p>\u201cEssa senhora n\u00e3o nos ajudou a plantar uma das 150 mil \u00e1rvores que plantamos e os 15 parques que abrimos no ano passado\u201d, disse Nunes em entrevista \u00e0 TV GMG. \u201cEla n\u00e3o apareceu em S\u00e3o Paulo e n\u00e3o fez nada por S\u00e3o Paulo.\u201d<\/p>\n<p>Questionada, Marina qualificou os coment\u00e1rios do prefeito como \u201cdesinformados\u201d, e destacou a\u00e7\u00f5es que promoveu enquanto ministra do Meio Ambiente, cargo que deixou com o intuito de se candidatar ao Senado.<\/p>\n<p>\u201cAqui n\u00f3s fizemos um trabalho muito significativo com as cooperativas de catadores e catadoras, foram milh\u00f5es e milh\u00f5es para essas cooperativas\u201d, afirmou Marina. \u201cTrabalhamos independentemente de ideologia. Quando S\u00e3o Paulo foi atacada em fun\u00e7\u00e3o da mudan\u00e7a do clima por inc\u00eandios terr\u00edveis, eu estive aqui. [\u2026] N\u00f3s colocamos todas as equipes do Minist\u00e9rio \u00e0 disposi\u00e7\u00e3o do estado de S\u00e3o Paulo, o melhor avi\u00e3o que n\u00f3s t\u00ednhamos.\u201d<\/p>\n<blockquote><p>\u201cQuem n\u00e3o acompanha a agenda ambiental,\u00a0<span class=\"highlight highlight-visible\">quem n\u00e3o conhece de meio ambiente faz coment\u00e1rios que s\u00e3o desinformados<\/span>. Obviamente que eu estava como ministra, n\u00e3o estava desempenhando a fun\u00e7\u00e3o de deputada, e o apoio que eu dei para o estado de S\u00e3o Paulo est\u00e3o nas pol\u00edticas p\u00fablicas do Minist\u00e9rio e do governo federal como um todo\u201d, concluiu.<\/p><\/blockquote>\n<h2>Elogiada por Tebet<\/h2>\n<p>Ainda durante o ato desta sexta, a ex-ministra do Planejamento,\u00a0<a href=\"https:\/\/www.metropoles.com\/tag\/simone-tebet\">Simone Tebet<\/a>\u00a0(PSB), fez elogios para Marina, em meio \u00e0 indefini\u00e7\u00e3o sobre quem ocupar\u00e1 a segunda vaga da esquerda na disputa ao Senado por S\u00e3o Paulo. Ela disse que a colega \u00e9 uma \u201cfonte de inspira\u00e7\u00e3o\u201c.<\/p>\n<p>\u201cEssa que \u00e9 a nossa fonte de inspira\u00e7\u00e3o, experiente, \u00e9tica e corajosa, que sabe que n\u00e3o h\u00e1 desenvolvimento sem sustentabilidade, que sabe que meio ambiente n\u00e3o briga com agricultura familiar ou com agroneg\u00f3cio e que meio ambiente \u00e9 vida. Poder estar ao seu lado, Marina Silva, com uma disc\u00edpula que sou, aprendendo como \u00e9 que se faz a boa pol\u00edtica, isso n\u00e3o tem pre\u00e7o\u201d, disse Tebet.<\/p>\n<h2>Ato de 1\u00ba de Maio<\/h2>\n<p>As duas ex-ministras participaram, na manh\u00e3 desta sexta, de um ato em alus\u00e3o ao Dia do Trabalhador no Sindicato dos Metal\u00fargicos de S\u00e3o Paulo.<\/p>\n<p>Em clima de campanha, al\u00e9m das ex-ministras,\u00a0<a href=\"https:\/\/www.metropoles.com\/sao-paulo\/haddad-escala-7x0-ate-eleicoes-lula\">tamb\u00e9m estava presente o pr\u00e9-candidato ao governo de S\u00e3o Paulo Fernando Haddad (PT)<\/a>.<\/p>\n<p>Haddad aproveitou o evento relacionado \u00e0s causas trabalhistas para criticar a gest\u00e3o de\u00a0<a href=\"https:\/\/www.metropoles.com\/brasil\/jair-bolsonaro\">Jair Bolsonaro<\/a> (PL): \u201cO cidad\u00e3o mais prejudicado pela pauta da extrema direita \u00e9 o trabalhador. [\u2026] Sempre que vem uma campanha, eles procuram omitir, eles procuram confundir a opini\u00e3o p\u00fablica, mas no frigir dos ovos, o que est\u00e1 em jogo \u00e9 sempre venda de patrim\u00f4nio p\u00fablico de um lado e corte de direitos sociais de outro. \u00c9 sempre isso\u201d, disse.<\/p>\n<p>O evento no Sindicato dos Metal\u00fargicos de S\u00e3o Paulo aconteceu dentro de um audit\u00f3rio e reuniu algumas dezenas de participantes. Neste ano, ao inv\u00e9s de um ato \u00fanico,\u00a0<a href=\"https:\/\/www.metropoles.com\/sao-paulo\/sem-lula-centrais-sindicais-promovem-atos-do-1o-de-maio-em-sp\">sindicatos da esquerda dividiram as manifesta\u00e7\u00f5es em diferentes pontos da regi\u00e3o metropolitana<\/a>.<\/p>\n<p>Em S\u00e3o Bernardo do Campo, o Sindicato da categoria no ABC faz um evento com atra\u00e7\u00f5es, como a cantora Gloria Groove, para atrair os trabalhadores. Haddad tamb\u00e9m deve participar do ato no local.<\/p>\n<div class=\"m-social-coluna\">\n<p class=\"m-bold\">Fonte: METROPOLES<\/p>\n<\/div>\n<\/div>\n<\/div>\n<\/div>\n","protected":false},"excerpt":{"rendered":"<p>Marina reage a cr\u00edticas de Nunes: \u201cN\u00e3o conhece de meio ambiente\u201d. Recentemente, prefeito da capital paulista havia dito que a<\/p>\n","protected":false},"author":1,"featured_media":13994,"comment_status":"open","ping_status":"open","sticky":false,"template":"","format":"standard","meta":{"colormag_page_container_layout":"default_layout","colormag_page_sidebar_layout":"default_layout","footnotes":""},"categories":[98],"tags":[],"class_list":["post-13989","post","type-post","status-publish","format-standard","has-post-thumbnail","hentry","category-meio-ambiente"],"_links":{"self":[{"href":"http:\/\/metropoleemfoco.com.br\/index.php?rest_route=\/wp\/v2\/posts\/13989","targetHints":{"allow":["GET"]}}],"collection":[{"href":"http:\/\/metropoleemfoco.com.br\/index.php?rest_route=\/wp\/v2\/posts"}],"about":[{"href":"http:\/\/metropoleemfoco.com.br\/index.php?rest_route=\/wp\/v2\/types\/post"}],"author":[{"embeddable":true,"href":"http:\/\/metropoleemfoco.com.br\/index.php?rest_route=\/wp\/v2\/users\/1"}],"replies":[{"embeddable":true,"href":"http:\/\/metropoleemfoco.com.br\/index.php?rest_route=%2Fwp%2Fv2%2Fcomments&post=13989"}],"version-history":[{"count":1,"href":"http:\/\/metropoleemfoco.com.br\/index.php?rest_route=\/wp\/v2\/posts\/13989\/revisions"}],"predecessor-version":[{"id":13995,"href":"http:\/\/metropoleemfoco.com.br\/index.php?rest_route=\/wp\/v2\/posts\/13989\/revisions\/13995"}],"wp:featuredmedia":[{"embeddable":true,"href":"http:\/\/metropoleemfoco.com.br\/index.php?rest_route=\/wp\/v2\/media\/13994"}],"wp:attachment":[{"href":"http:\/\/metropoleemfoco.com.br\/index.php?rest_route=%2Fwp%2Fv2%2Fmedia&parent=13989"}],"wp:term":[{"taxonomy":"category","embeddable":true,"href":"http:\/\/metropoleemfoco.com.br\/index.php?rest_route=%2Fwp%2Fv2%2Fcategories&post=13989"},{"taxonomy":"post_tag","embeddable":true,"href":"http:\/\/metropoleemfoco.com.br\/index.php?rest_route=%2Fwp%2Fv2%2Ftags&post=13989"}],"curies":[{"name":"wp","href":"https:\/\/api.w.org\/{rel}","templated":true}]}}