{"id":13988,"date":"2026-05-02T15:16:16","date_gmt":"2026-05-02T18:16:16","guid":{"rendered":"http:\/\/metropoleemfoco.com.br\/?p=13988"},"modified":"2026-05-02T15:16:16","modified_gmt":"2026-05-02T18:16:16","slug":"13988","status":"publish","type":"post","link":"http:\/\/metropoleemfoco.com.br\/?p=13988","title":{"rendered":""},"content":{"rendered":"<div class=\"mc-article-header\">\n<div class=\"row content-head mc-column featured \">\n<div class=\"title\" data-block-type=\"title\" data-block-id=\"0\">\n<h1 class=\"content-head__title\">Voc\u00ea pode n\u00e3o conhecer a Baga, mas uva produziu o melhor vinho portugu\u00eas<\/h1>\n<\/div>\n<div class=\"medium-centered subtitle\">\n<h2 class=\"content-head__subtitle\">Variedade \u00e9 t\u00edpica das regi\u00f5es da Bairrada e D\u00e3o; conhe\u00e7a!<\/h2>\n<\/div>\n<\/div>\n<div class=\"content__signa-share mc-column\">\n<div class=\"content__signature\">\n<div class=\"content-publication-data\">\n<div class=\"content-publication-data__logo content-publication-data__logo--circle\"><a href=\"http:\/\/www.portoaporto.com.br\/\" target=\"_blank\" rel=\"noopener\"><img decoding=\"async\" class=\"i-amphtml-fill-content i-amphtml-replaced-content\" src=\"https:\/\/s2-g1.glbimg.com\/yDBFLfFTRO0c8arxctOpFniu1QA=\/48x48\/smart\/filters:strip_icc()\/s2-g1.glbimg.com\/Nk6dC3zNAq0jE3Gl5cPkDwA_X2Y%3D\/600x0\/filters%3Aquality%2870%29\/https%3A\/\/i.s3.glbimg.com\/v1\/AUTH_59edd422c0c84a879bd37670ae4f538a\/internal_photos\/bs\/2023\/t\/2\/1McJOpR2qHNizy1gS1ng\/logo-porto-a-porto-150x150px.png\" alt=\"TOPO\" \/><\/a><\/div>\n<div class=\"content-publication-data__text\">\n<p class=\"content-publication-data__from\" title=\"Porto a Porto\">Por Porto a Porto<\/p>\n<\/div>\n<\/div>\n<\/div>\n<\/div>\n<div class=\"glb-share-bar content__share-bar\">\n<div class=\"glb-share-bar_icons\">\n<div class=\"glb-share-bar_button-img\"><\/div>\n<div class=\"glb-share-bar_button-img\"><\/div>\n<div class=\"glb-share-bar_button-img\"><\/div>\n<\/div>\n<\/div>\n<\/div>\n<div class=\"mc-article-body\">\n<article>\n<div id=\"chunk-2q9fh\">\n<div class=\"mc-column mc-side-item__container\" data-block-type=\"ads\" data-block-id=\"3\">\n<div class=\"mc-side-item mc-side-item--right content-ads content-ads--side-ad\">\n<div id=\"banner_materia1\"><\/div>\n<\/div>\n<\/div>\n<\/div>\n<div id=\"chunk-83gud\">\n<div class=\"mc-column content-text active-extra-styles active-capital-letter\" data-block-type=\"unstyled\" data-block-weight=\"36\" data-block-id=\"2\">\n<p class=\" content-text__container theme-color-primary-first-letter\" data-track-category=\"Link no Texto\" data-track-links=\"\" data-mrf-recirculation=\"Mat\u00e9ria - Links no Texto\">Voc\u00ea pode n\u00e3o conhecer a uva Baga, mas o melhor vinho portugu\u00eas de 2025 foi produzido com essa variedade tinta que \u00e9 comparada a famosa Nebbiolo, casta tinta italiana que elabora os prestigiados Barolos e Barbarescos.<\/p>\n<\/div>\n<\/div>\n<div class=\"wall protected-content\">\n<div id=\"chunk-fsl8o\">\n<div class=\"mc-column content-text active-extra-styles \" data-block-type=\"unstyled\" data-block-weight=\"43\" data-block-id=\"4\">\n<p class=\" content-text__container \" data-track-category=\"Link no Texto\" data-track-links=\"\" data-mrf-recirculation=\"Mat\u00e9ria - Links no Texto\">No ano passado, o\u00a0<a class=\"\" href=\"https:\/\/g1.globo.com\/pr\/parana\/especial-publicitario\/porto-a-porto\/guia-do-vinho-e-da-gastronomia\/noticia\/2025\/10\/14\/o-melhor-vinho-portugues-em-2025-por-james-suckling.ghtml\" data-mrf-link=\"https:\/\/g1.globo.com\/pr\/parana\/especial-publicitario\/porto-a-porto\/guia-do-vinho-e-da-gastronomia\/noticia\/2025\/10\/14\/o-melhor-vinho-portugues-em-2025-por-james-suckling.ghtml\"><strong>renomado cr\u00edtico de vinhos James Suckling elegeu o Nossa Calc\u00e1rio Vinhas Velhas o Vinho Portugu\u00eas de 2025<\/strong><\/a>. O r\u00f3tulo \u00e9 assinado pela c\u00e9lebre en\u00f3loga Filipa Pato e trazido ao Brasil pelas importadoras Porto a Porto e Casa Flora.<\/p>\n<\/div>\n<\/div>\n<div id=\"chunk-60r3o\">\n<div class=\"mc-column content-text active-extra-styles \" data-block-type=\"unstyled\" data-block-weight=\"38\" data-block-id=\"5\">\n<p class=\" content-text__container \" data-track-category=\"Link no Texto\" data-track-links=\"\" data-mrf-recirculation=\"Mat\u00e9ria - Links no Texto\">Filipa faz parte do seleto grupo de produtores que nos \u00faltimos 30 anos colocaram a Baga e a\u00a0<a class=\"\" href=\"https:\/\/g1.globo.com\/pr\/parana\/especial-publicitario\/porto-a-porto\/guia-do-vinho-e-da-gastronomia\/noticia\/2023\/08\/24\/por-que-voce-deveria-tomar-os-vinhos-portugueses-da-bairrada.ghtml\" data-mrf-link=\"https:\/\/g1.globo.com\/pr\/parana\/especial-publicitario\/porto-a-porto\/guia-do-vinho-e-da-gastronomia\/noticia\/2023\/08\/24\/por-que-voce-deveria-tomar-os-vinhos-portugueses-da-bairrada.ghtml\"><strong>regi\u00e3o da Bairrada<\/strong><\/a>, onde essa uva se expressa ao m\u00e1ximo junto com o D\u00e3o, no mapa da vitivinicultura mundial.<\/p>\n<\/div>\n<\/div>\n<div id=\"chunk-drevl\">\n<div class=\"mc-column content-text active-extra-styles \" data-block-type=\"unstyled\" data-block-weight=\"3\" data-block-id=\"6\">\n<p class=\" content-text__container \" data-track-category=\"Link no Texto\" data-track-links=\"\" data-mrf-recirculation=\"Mat\u00e9ria - Links no Texto\"><strong>Caracter\u00edsticas da Baga<\/strong><\/p>\n<\/div>\n<\/div>\n<div id=\"chunk-7q6vv\">\n<div class=\"mc-column content-text active-extra-styles \" data-block-type=\"unstyled\" data-block-weight=\"36\" data-block-id=\"7\">\n<p class=\" content-text__container \" data-track-category=\"Link no Texto\" data-track-links=\"\" data-mrf-recirculation=\"Mat\u00e9ria - Links no Texto\">Por ser de matura\u00e7\u00e3o tardia, a Baga \u00e9 uma uva que apresenta desafios aos produtores, pois \u00e9 sujeita aos riscos clim\u00e1ticos do outono europeu. Gosta de solos argilosos, de exposi\u00e7\u00e3o solar e produz em grande quantidade.<\/p>\n<\/div>\n<\/div>\n<div id=\"chunk-6kfne\">\n<div class=\"mc-column content-text active-extra-styles \" data-block-type=\"unstyled\" data-block-weight=\"28\" data-block-id=\"8\">\n<p class=\" content-text__container \" data-track-category=\"Link no Texto\" data-track-links=\"\" data-mrf-recirculation=\"Mat\u00e9ria - Links no Texto\">Os vinhos de Baga s\u00e3o ricos em taninos, intensos, de elevada acidez e com grande potencial de envelhecimento. Os aromas principais costumam ser amora, cassis, ameixa e cereja.<\/p>\n<\/div>\n<\/div>\n<div id=\"chunk-b7imu\">\n<div class=\"mc-column content-text active-extra-styles \" data-block-type=\"unstyled\" data-block-weight=\"28\" data-block-id=\"9\">\n<p class=\" content-text__container \" data-track-category=\"Link no Texto\" data-track-links=\"\" data-mrf-recirculation=\"Mat\u00e9ria - Links no Texto\">Apesar de ter mais intensidade de cor que a Nebbiolo, \u00e9 comparada \u00e0 famosa uva italiana usada na elabora\u00e7\u00e3o dos c\u00e9lebres vinhos do Piemonte,\u00a0<a class=\"\" href=\"https:\/\/g1.globo.com\/pr\/parana\/especial-publicitario\/porto-a-porto\/guia-do-vinho-e-da-gastronomia\/noticia\/2026\/03\/03\/barolo-e-barbaresco-o-rei-e-o-principe-dos-vinhos.ghtml\" data-mrf-link=\"https:\/\/g1.globo.com\/pr\/parana\/especial-publicitario\/porto-a-porto\/guia-do-vinho-e-da-gastronomia\/noticia\/2026\/03\/03\/barolo-e-barbaresco-o-rei-e-o-principe-dos-vinhos.ghtml\"><strong>Barolo e Barbaresco<\/strong><\/a>.<\/p>\n<\/div>\n<\/div>\n<div id=\"chunk-3802j\">\n<div class=\"mc-column content-text active-extra-styles \" data-block-type=\"unstyled\" data-block-weight=\"21\" data-block-id=\"11\">\n<p class=\" content-text__container \" data-track-category=\"Link no Texto\" data-track-links=\"\" data-mrf-recirculation=\"Mat\u00e9ria - Links no Texto\">Al\u00e9m dos tintos, a Baga \u00e9 empregada tamb\u00e9m na produ\u00e7\u00e3o de espumantes e ros\u00e9s. Os melhores r\u00f3tulos podem amadurecer por d\u00e9cadas.<\/p>\n<\/div>\n<\/div>\n<div id=\"chunk-a9qvo\">\n<div class=\"mc-column content-text active-extra-styles \" data-block-type=\"unstyled\" data-block-weight=\"2\" data-block-id=\"12\">\n<p class=\" content-text__container \" data-track-category=\"Link no Texto\" data-track-links=\"\" data-mrf-recirculation=\"Mat\u00e9ria - Links no Texto\"><strong>A Bairrada<\/strong><\/p>\n<\/div>\n<\/div>\n<div id=\"chunk-8qt61\">\n<div class=\"row medium-uncollapsed content-media content-photo\" data-block-type=\"backstage-photo\" data-block-id=\"13\">\n<div class=\" mc-column  content-media__container\">\n<div class=\"content-media-container glb-skeleton-box\">\n<figure class=\"content-media-figure\"><img decoding=\"async\" class=\"i-amphtml-fill-content i-amphtml-replaced-content\" src=\"https:\/\/s2-g1.glbimg.com\/C9wvTOg9YACj-x9WyxCBXXo_j3s=\/0x0:1400x814\/984x0\/smart\/filters:strip_icc()\/i.s3.glbimg.com\/v1\/AUTH_59edd422c0c84a879bd37670ae4f538a\/internal_photos\/bs\/2026\/d\/H\/BVAXhORWCvMSR5vNhgSQ\/interna-vinhedos-bairrada-portugal-1400px-01.jpg\" sizes=\"(max-width: 1600px) 648px, 100vw\" srcset=\"https:\/\/s2-g1.glbimg.com\/JVUY_g9ejfTVk_jZ9Y9pUbrSZdA=\/0x0:1400x814\/1000x0\/smart\/filters:strip_icc()\/i.s3.glbimg.com\/v1\/AUTH_59edd422c0c84a879bd37670ae4f538a\/internal_photos\/bs\/2026\/d\/H\/BVAXhORWCvMSR5vNhgSQ\/interna-vinhedos-bairrada-portugal-1400px-01.jpg 1000w, https:\/\/s2-g1.glbimg.com\/C9wvTOg9YACj-x9WyxCBXXo_j3s=\/0x0:1400x814\/984x0\/smart\/filters:strip_icc()\/i.s3.glbimg.com\/v1\/AUTH_59edd422c0c84a879bd37670ae4f538a\/internal_photos\/bs\/2026\/d\/H\/BVAXhORWCvMSR5vNhgSQ\/interna-vinhedos-bairrada-portugal-1400px-01.jpg 984w, https:\/\/s2-g1.glbimg.com\/gb2uT6Xu20Tp2PnGxZBn-Y4B6Vs=\/0x0:1400x814\/640x0\/smart\/filters:strip_icc()\/i.s3.glbimg.com\/v1\/AUTH_59edd422c0c84a879bd37670ae4f538a\/internal_photos\/bs\/2026\/d\/H\/BVAXhORWCvMSR5vNhgSQ\/interna-vinhedos-bairrada-portugal-1400px-01.jpg 640w, https:\/\/s2-g1.glbimg.com\/nnt8Qc3PeH9Kv4R26gYfIbvj-4c=\/0x0:1400x814\/600x0\/smart\/filters:strip_icc()\/i.s3.glbimg.com\/v1\/AUTH_59edd422c0c84a879bd37670ae4f538a\/internal_photos\/bs\/2026\/d\/H\/BVAXhORWCvMSR5vNhgSQ\/interna-vinhedos-bairrada-portugal-1400px-01.jpg 600w\" alt=\"Bairrada \u00e9 a regi\u00e3o ic\u00f4nica da uva Baga. \u2014 Foto: Divulga\u00e7\u00e3o.\" \/><\/figure>\n<\/div>\n<p class=\"content-media__description  \">Bairrada \u00e9 a regi\u00e3o ic\u00f4nica da uva Baga. \u2014 Foto: Divulga\u00e7\u00e3o.<\/p>\n<\/div>\n<\/div>\n<\/div>\n<div id=\"chunk-fr0mg\">\n<div class=\"mc-column content-text active-extra-styles \" data-block-type=\"unstyled\" data-block-weight=\"29\" data-block-id=\"14\">\n<p class=\" content-text__container \" data-track-category=\"Link no Texto\" data-track-links=\"\" data-mrf-recirculation=\"Mat\u00e9ria - Links no Texto\">A Bairrada \u00e9 uma das regi\u00f5es mais antigas de Portugal pela produ\u00e7\u00e3o de vinhos, especialmente\u00a0<a class=\"\" href=\"https:\/\/g1.globo.com\/pr\/parana\/especial-publicitario\/porto-a-porto\/guia-do-vinho-e-da-gastronomia\/noticia\/2024\/01\/27\/metodo-champenoise-x-metodo-charmat-qual-produz-o-melhor-espumante.ghtml\" data-mrf-link=\"https:\/\/g1.globo.com\/pr\/parana\/especial-publicitario\/porto-a-porto\/guia-do-vinho-e-da-gastronomia\/noticia\/2024\/01\/27\/metodo-champenoise-x-metodo-charmat-qual-produz-o-melhor-espumante.ghtml\"><strong>espumantes de m\u00e9todo cl\u00e1ssico<\/strong><\/a>, e desde 1979 \u00e9 considerada uma Denomina\u00e7\u00e3o de Origem Controlada.<\/p>\n<\/div>\n<\/div>\n<div id=\"chunk-8hm3s\">\n<div class=\"mc-column content-text active-extra-styles \" data-block-type=\"unstyled\" data-block-weight=\"48\" data-block-id=\"15\">\n<p class=\" content-text__container \" data-track-category=\"Link no Texto\" data-track-links=\"\" data-mrf-recirculation=\"Mat\u00e9ria - Links no Texto\">A influ\u00eancia do mar e os solos argilo-calc\u00e1rios tornam a Bairrada o terroir perfeito para o cultivo da Baga. A regi\u00e3o \u00e9 cercada pelo rio Mondego a sul, o rio Vouga a norte, o Oceano Atl\u00e2ntico a leste, e as serras do Caramulo e do Bu\u00e7aco a oeste.<\/p>\n<\/div>\n<\/div>\n<div id=\"chunk-2e5v7\">\n<div class=\"mc-column content-text active-extra-styles \" data-block-type=\"unstyled\" data-block-weight=\"5\" data-block-id=\"17\">\n<p class=\" content-text__container \" data-track-category=\"Link no Texto\" data-track-links=\"\" data-mrf-recirculation=\"Mat\u00e9ria - Links no Texto\"><strong>Nossa Calc\u00e1rio Vinhas Velhas Tinto<\/strong><\/p>\n<\/div>\n<\/div>\n<div id=\"chunk-bm7vs\">\n<div class=\"row medium-uncollapsed content-media content-photo\" data-block-type=\"backstage-photo\" data-block-id=\"18\">\n<div class=\" mc-column  content-media__container\">\n<div class=\"content-media-container glb-skeleton-box\">\n<figure class=\"content-media-figure\"><img decoding=\"async\" class=\"i-amphtml-fill-content i-amphtml-replaced-content\" src=\"https:\/\/s2-g1.glbimg.com\/qsAl_wNYYnBVsfE37re-i3WIWAA=\/0x0:1400x814\/984x0\/smart\/filters:strip_icc()\/i.s3.glbimg.com\/v1\/AUTH_59edd422c0c84a879bd37670ae4f538a\/internal_photos\/bs\/2026\/y\/i\/0BYzcwTXWSMOMzjc611g\/interna-nossa-calcario-tinto-1400px.jpg\" sizes=\"(max-width: 1600px) 648px, 100vw\" srcset=\"https:\/\/s2-g1.glbimg.com\/nJOM8Yc9Gdbg0u0eFbvO-w1xBr4=\/0x0:1400x814\/1000x0\/smart\/filters:strip_icc()\/i.s3.glbimg.com\/v1\/AUTH_59edd422c0c84a879bd37670ae4f538a\/internal_photos\/bs\/2026\/y\/i\/0BYzcwTXWSMOMzjc611g\/interna-nossa-calcario-tinto-1400px.jpg 1000w, https:\/\/s2-g1.glbimg.com\/qsAl_wNYYnBVsfE37re-i3WIWAA=\/0x0:1400x814\/984x0\/smart\/filters:strip_icc()\/i.s3.glbimg.com\/v1\/AUTH_59edd422c0c84a879bd37670ae4f538a\/internal_photos\/bs\/2026\/y\/i\/0BYzcwTXWSMOMzjc611g\/interna-nossa-calcario-tinto-1400px.jpg 984w, https:\/\/s2-g1.glbimg.com\/ZpNVbhR9WE1La_K8mWPQcJeszMY=\/0x0:1400x814\/640x0\/smart\/filters:strip_icc()\/i.s3.glbimg.com\/v1\/AUTH_59edd422c0c84a879bd37670ae4f538a\/internal_photos\/bs\/2026\/y\/i\/0BYzcwTXWSMOMzjc611g\/interna-nossa-calcario-tinto-1400px.jpg 640w, https:\/\/s2-g1.glbimg.com\/o9QBQVwhLctYZWiTgQkZjnzawUY=\/0x0:1400x814\/600x0\/smart\/filters:strip_icc()\/i.s3.glbimg.com\/v1\/AUTH_59edd422c0c84a879bd37670ae4f538a\/internal_photos\/bs\/2026\/y\/i\/0BYzcwTXWSMOMzjc611g\/interna-nossa-calcario-tinto-1400px.jpg 600w\" alt=\"Nossa Calc\u00e1rio Tinto \u00e9 um vinho premiad\u00edssimo produzido com uvas de vinhas velhas. \u2014 Foto: Divulga\u00e7\u00e3o.\" \/><\/figure>\n<\/div>\n<p class=\"content-media__description  \">Nossa Calc\u00e1rio Tinto \u00e9 um vinho premiad\u00edssimo produzido com uvas de vinhas velhas. \u2014 Foto: Divulga\u00e7\u00e3o.<\/p>\n<\/div>\n<\/div>\n<\/div>\n<div id=\"chunk-42g5a\">\n<div class=\"mc-column content-text active-extra-styles \" data-block-type=\"unstyled\" data-block-weight=\"49\" data-block-id=\"19\">\n<p class=\" content-text__container \" data-track-category=\"Link no Texto\" data-track-links=\"\" data-mrf-recirculation=\"Mat\u00e9ria - Links no Texto\">Produzido por Filipa Pato,\u00a0<a class=\"\" href=\"https:\/\/g1.globo.com\/pr\/parana\/especial-publicitario\/porto-a-porto\/guia-do-vinho-e-da-gastronomia\/noticia\/2026\/02\/05\/safra-2025-promete-grandes-vinhos-portugueses-da-bairrada.ghtml\" data-mrf-link=\"https:\/\/g1.globo.com\/pr\/parana\/especial-publicitario\/porto-a-porto\/guia-do-vinho-e-da-gastronomia\/noticia\/2026\/02\/05\/safra-2025-promete-grandes-vinhos-portugueses-da-bairrada.ghtml\"><strong>en\u00f3loga conhecida por elaborar vinhos \u201csem maquiagem\u201d<\/strong><\/a>, isto \u00e9, seguindo preceitos da agricultura biodin\u00e2mica, o Nossa Calc\u00e1rio Vinhas Velhas \u00e9 um r\u00f3tulo elegante e sofisticado que expressa ao m\u00e1ximo o\u00a0<em>terroir\u00a0<\/em>da Bairrada. A safra 2023, dispon\u00edvel no Brasil, recebeu 97 pontos por James Suckling.<\/p>\n<\/div>\n<\/div>\n<div id=\"chunk-ghjd\">\n<div class=\"mc-column content-text active-extra-styles \" data-block-type=\"unstyled\" data-block-weight=\"35\" data-block-id=\"20\">\n<p class=\" content-text__container \" data-track-category=\"Link no Texto\" data-track-links=\"\" data-mrf-recirculation=\"Mat\u00e9ria - Links no Texto\">Apresenta aromas frutados que lembram cerejas, toques de cedro, notas picantes,\u00a0<em>sous-bois\u00a0<\/em>(aroma das florestas), chocolate preto e caf\u00e9 torrado. Em boca, destacam-se os taninos finos e elegantes, a estrutura sedosa e a excelente acidez.<\/p>\n<\/div>\n<\/div>\n<div id=\"chunk-1f5pf\">\n<div class=\"mc-column content-text active-extra-styles \" data-block-type=\"unstyled\" data-block-weight=\"21\" data-block-id=\"21\">\n<p class=\" content-text__container \" data-track-category=\"Link no Texto\" data-track-links=\"\" data-mrf-recirculation=\"Mat\u00e9ria - Links no Texto\">Amadureceu 18 meses em pipas (500-600 litros) de carvalho franc\u00eas e \u00e9 perfeito para acompanhar carnes nobres cozidas e queijos fortes.<\/p>\n<\/div>\n<\/div>\n<div id=\"chunk-93v0g\">\n<div class=\"mc-column content-text active-extra-styles \" data-block-type=\"unstyled\" data-block-weight=\"27\" data-block-id=\"23\">\n<p class=\" content-text__container \" data-track-category=\"Link no Texto\" data-track-links=\"\" data-mrf-recirculation=\"Mat\u00e9ria - Links no Texto\">O vinho est\u00e1 \u00e0 venda, para<strong>\u00a0pessoa f\u00edsica<\/strong>, no\u00a0<a class=\"\" href=\"https:\/\/www.grandeadega.com.br\/nossa-calcario-tinto\/p\" target=\"_blank\" rel=\"noopener\" data-mrf-link=\"https:\/\/www.grandeadega.com.br\/nossa-calcario-tinto\/p\"><strong>e-commerce da Grande Adega<\/strong><\/a>\u00a0e, para\u00a0<strong>pessoa jur\u00eddica<\/strong>, no\u00a0<a class=\"\" href=\"https:\/\/b2b.portoaporto.com.br\/produto\/vinho-tinto-filipa-pato-nossa-calcario-bairrada-750ml\/\" target=\"_blank\" rel=\"noopener\" data-mrf-link=\"https:\/\/b2b.portoaporto.com.br\/produto\/vinho-tinto-filipa-pato-nossa-calcario-bairrada-750ml\/\"><strong>portal B2B<\/strong><\/a>\u00a0da importadora e distribuidora Porto a Porto.<\/p>\n<\/div>\n<\/div>\n<div data-track-category=\"multicontent\" data-track-action=\"multicontent\" data-track-noninteraction=\"false\" data-track-scroll=\"ultimo chunk conteudo\" data-track-value=\"view\">\n<div id=\"chunk-9lc4o\">\n<div class=\"mc-column content-text active-extra-styles \" data-block-type=\"unstyled\" data-block-weight=\"4\" data-block-id=\"24\">\n<p class=\" content-text__container \" data-track-category=\"Link no Texto\" data-track-links=\"\" data-mrf-recirculation=\"Mat\u00e9ria - Links no Texto\"><strong>BEBA MENOS, BEBA MELHOR.<\/p>\n<p><\/strong>Fonte: G1<\/p>\n<\/div>\n<\/div>\n<\/div>\n<\/div>\n<\/article>\n<\/div>\n","protected":false},"excerpt":{"rendered":"<p>Voc\u00ea pode n\u00e3o conhecer a Baga, mas uva produziu o melhor vinho portugu\u00eas Variedade \u00e9 t\u00edpica das regi\u00f5es da Bairrada<\/p>\n","protected":false},"author":1,"featured_media":13992,"comment_status":"open","ping_status":"open","sticky":false,"template":"","format":"standard","meta":{"colormag_page_container_layout":"default_layout","colormag_page_sidebar_layout":"default_layout","footnotes":""},"categories":[97],"tags":[],"class_list":["post-13988","post","type-post","status-publish","format-standard","has-post-thumbnail","hentry","category-gastronomia"],"_links":{"self":[{"href":"http:\/\/metropoleemfoco.com.br\/index.php?rest_route=\/wp\/v2\/posts\/13988","targetHints":{"allow":["GET"]}}],"collection":[{"href":"http:\/\/metropoleemfoco.com.br\/index.php?rest_route=\/wp\/v2\/posts"}],"about":[{"href":"http:\/\/metropoleemfoco.com.br\/index.php?rest_route=\/wp\/v2\/types\/post"}],"author":[{"embeddable":true,"href":"http:\/\/metropoleemfoco.com.br\/index.php?rest_route=\/wp\/v2\/users\/1"}],"replies":[{"embeddable":true,"href":"http:\/\/metropoleemfoco.com.br\/index.php?rest_route=%2Fwp%2Fv2%2Fcomments&post=13988"}],"version-history":[{"count":1,"href":"http:\/\/metropoleemfoco.com.br\/index.php?rest_route=\/wp\/v2\/posts\/13988\/revisions"}],"predecessor-version":[{"id":13993,"href":"http:\/\/metropoleemfoco.com.br\/index.php?rest_route=\/wp\/v2\/posts\/13988\/revisions\/13993"}],"wp:featuredmedia":[{"embeddable":true,"href":"http:\/\/metropoleemfoco.com.br\/index.php?rest_route=\/wp\/v2\/media\/13992"}],"wp:attachment":[{"href":"http:\/\/metropoleemfoco.com.br\/index.php?rest_route=%2Fwp%2Fv2%2Fmedia&parent=13988"}],"wp:term":[{"taxonomy":"category","embeddable":true,"href":"http:\/\/metropoleemfoco.com.br\/index.php?rest_route=%2Fwp%2Fv2%2Fcategories&post=13988"},{"taxonomy":"post_tag","embeddable":true,"href":"http:\/\/metropoleemfoco.com.br\/index.php?rest_route=%2Fwp%2Fv2%2Ftags&post=13988"}],"curies":[{"name":"wp","href":"https:\/\/api.w.org\/{rel}","templated":true}]}}