{"id":13979,"date":"2026-05-02T15:13:53","date_gmt":"2026-05-02T18:13:53","guid":{"rendered":"http:\/\/metropoleemfoco.com.br\/?p=13979"},"modified":"2026-05-02T15:13:53","modified_gmt":"2026-05-02T18:13:53","slug":"13979","status":"publish","type":"post","link":"http:\/\/metropoleemfoco.com.br\/?p=13979","title":{"rendered":""},"content":{"rendered":"<div class=\"mc-article-header\">\n<div class=\"row content-head mc-column non-featured \">\n<div class=\"title\" data-block-type=\"title\" data-block-id=\"0\">\n<h1 class=\"content-head__title\">Homem suspeito de estupro coletivo de duas crian\u00e7as em SP \u00e9 preso na Bahia<\/h1>\n<\/div>\n<div class=\"medium-centered subtitle\">\n<h2 class=\"content-head__subtitle\">O caso ocorreu em S\u00e3o Miguel Paulista, na Zona Leste da capital, no dia 21 de abril. As v\u00edtimas t\u00eam 7 e 10 anos. Ao todo, quatro adolescentes e um adulto participaram do crime.<\/h2>\n<\/div>\n<\/div>\n<div class=\"content__signa-share mc-column\">\n<div class=\"content__signature\">\n<div class=\"content-publication-data\">\n<div class=\"content-publication-data__text\">\n<p class=\"content-publication-data__from\" title=\"Isabela Leite, Fernanda Martinez\">Por\u00a0<a class=\"multi_signatures\" href=\"https:\/\/g1.globo.com\/autores\/isabela-leite\/\">Isabela Leite<\/a>, Fernanda Martinez, Globonews, TV Bahia e g1 SP<\/p>\n<\/div>\n<\/div>\n<\/div>\n<\/div>\n<div class=\"glb-share-bar content__share-bar\">\n<div class=\"glb-share-bar_icons\">\n<div class=\"glb-share-bar_button-img\"><\/div>\n<div class=\"glb-share-bar_button-img\"><\/div>\n<div class=\"glb-share-bar_button-img\"><\/div>\n<\/div>\n<\/div>\n<\/div>\n<div class=\"mc-article-body\">\n<article>\n<div id=\"chunk-bpdj1\">\n<div class=\"row medium-uncollapsed content-media content-photo\" data-block-type=\"backstage-photo\" data-block-id=\"1\">\n<div class=\" mc-column  content-media__container\">\n<div class=\"content-media-container glb-skeleton-box\">\n<figure class=\"content-media-figure\"><img decoding=\"async\" class=\"i-amphtml-fill-content i-amphtml-replaced-content\" src=\"https:\/\/s2-g1.glbimg.com\/85zKtjMa5HyzO59hzHC_q489OtE=\/0x0:1200x670\/984x0\/smart\/filters:strip_icc()\/i.s3.glbimg.com\/v1\/AUTH_59edd422c0c84a879bd37670ae4f538a\/internal_photos\/bs\/2026\/8\/Y\/IzvHnyThWytPjeyaYHCw\/fotojet-2026-05-02t122207.022.jpg\" sizes=\"(max-width: 1600px) 648px, 100vw\" srcset=\"https:\/\/s2-g1.glbimg.com\/G_RWt2XX2q6iTY1uNF8Z_99b2TY=\/0x0:1200x670\/1000x0\/smart\/filters:strip_icc()\/i.s3.glbimg.com\/v1\/AUTH_59edd422c0c84a879bd37670ae4f538a\/internal_photos\/bs\/2026\/8\/Y\/IzvHnyThWytPjeyaYHCw\/fotojet-2026-05-02t122207.022.jpg 1000w, https:\/\/s2-g1.glbimg.com\/85zKtjMa5HyzO59hzHC_q489OtE=\/0x0:1200x670\/984x0\/smart\/filters:strip_icc()\/i.s3.glbimg.com\/v1\/AUTH_59edd422c0c84a879bd37670ae4f538a\/internal_photos\/bs\/2026\/8\/Y\/IzvHnyThWytPjeyaYHCw\/fotojet-2026-05-02t122207.022.jpg 984w, https:\/\/s2-g1.glbimg.com\/UWNuoLA0mMiLd1hk08cVE13ovlo=\/0x0:1200x670\/640x0\/smart\/filters:strip_icc()\/i.s3.glbimg.com\/v1\/AUTH_59edd422c0c84a879bd37670ae4f538a\/internal_photos\/bs\/2026\/8\/Y\/IzvHnyThWytPjeyaYHCw\/fotojet-2026-05-02t122207.022.jpg 640w, https:\/\/s2-g1.glbimg.com\/rrxroDc3UXeAE7443Gu3bBjx6go=\/0x0:1200x670\/600x0\/smart\/filters:strip_icc()\/i.s3.glbimg.com\/v1\/AUTH_59edd422c0c84a879bd37670ae4f538a\/internal_photos\/bs\/2026\/8\/Y\/IzvHnyThWytPjeyaYHCw\/fotojet-2026-05-02t122207.022.jpg 600w\" alt=\"Alessandro Martins dos Santos \u00e9 investigado pela participa\u00e7\u00e3o em um estupro coletivo de duas crian\u00e7as. \u2014 Foto: Montagem\/g1\/Reprodu\u00e7\u00e3o\/GCM de Brej\u00f5es\" \/><\/figure>\n<\/div>\n<p class=\"content-media__description  \">Alessandro Martins dos Santos \u00e9 investigado pela participa\u00e7\u00e3o em um estupro coletivo de duas crian\u00e7as. \u2014 Foto: Montagem\/g1\/Reprodu\u00e7\u00e3o\/GCM de Brej\u00f5es<\/p>\n<\/div>\n<\/div>\n<\/div>\n<div id=\"chunk-4rn6o\">\n<div class=\"mc-column content-text active-extra-styles \" data-block-type=\"unstyled\" data-block-weight=\"47\" data-block-id=\"2\">\n<p class=\" content-text__container \" data-track-category=\"Link no Texto\" data-track-links=\"\">Um homem de 21 anos, investigado por participa\u00e7\u00e3o no estupro coletivo de duas crian\u00e7as, de 7 e 10 anos, em S\u00e3o Miguel Paulista, na Zona Leste de S\u00e3o Paulo, foi preso na noite de sexta-feira (1\u00ba) pela Guarda Civil Municipal (GCM) de Brej\u00f5es, no interior da Bahia.<\/p>\n<\/div>\n<\/div>\n<div class=\"wall protected-content\">\n<div id=\"chunk-50ta8\">\n<div class=\"mc-column content-text active-extra-styles \" data-block-type=\"unstyled\" data-block-weight=\"36\" data-block-id=\"4\">\n<p class=\" content-text__container \" data-track-category=\"Link no Texto\" data-track-links=\"\">Segundo o comandante da GCM, Cl\u00e1udio S\u00e9rgio Silva Souza, Alessandro Martins dos Santos foi localizado em uma casa na Rua da Torre, no distrito de Serrana. A GCM foi acionada ap\u00f3s den\u00fancia de tentativa de furto.<\/p>\n<\/div>\n<\/div>\n<div id=\"chunk-f071i\">\n<div class=\"mc-column content-text active-extra-styles \" data-block-type=\"unstyled\" data-block-weight=\"24\" data-block-id=\"5\">\n<p class=\" content-text__container \" data-track-category=\"Link no Texto\" data-track-links=\"\">De acordo com o comandante, h\u00e1 alguns dias estava circulando a informa\u00e7\u00e3o de que o suspeito teria fugido para a Bahia ap\u00f3s o crime.<\/p>\n<\/div>\n<\/div>\n<div id=\"chunk-agti3\">\n<div class=\"mc-column content-text active-extra-styles\" data-block-type=\"raw\" data-block-weight=\"31\" data-block-id=\"7\">\n<blockquote class=\"content-blockquote theme-border-color-primary-before\"><p>No local, os guardas identificaram que Alessandro tinha caracter\u00edsticas compat\u00edveis com as do foragido. Questionado, ele confessou participa\u00e7\u00e3o no estupro e afirmou ter fugido de S\u00e3o Paulo por medo de morrer.<\/p><\/blockquote>\n<\/div>\n<\/div>\n<div id=\"chunk-ej9l3\">\n<div class=\"mc-column content-text active-extra-styles \" data-block-type=\"unstyled\" data-block-weight=\"20\" data-block-id=\"8\">\n<p class=\" content-text__container \" data-track-category=\"Link no Texto\" data-track-links=\"\">O suspeito foi levado para a Delegacia Territorial de Jequi\u00e9, onde est\u00e1 preso temporariamente e aguarda transfer\u00eancia para S\u00e3o Paulo.<\/p>\n<\/div>\n<\/div>\n<div id=\"chunk-brmsf\">\n<div class=\"mc-column content-text active-extra-styles \" data-block-type=\"unstyled\" data-block-weight=\"14\" data-block-id=\"9\">\n<p class=\" content-text__container \" data-track-category=\"Link no Texto\" data-track-links=\"\">O\u00a0<strong>g1\u00a0<\/strong>n\u00e3o localizou a defesa de Alessandro at\u00e9 a \u00faltima atualiza\u00e7\u00e3o desta reportagem.<\/p>\n<\/div>\n<\/div>\n<div id=\"chunk-aiq6\">\n<div class=\"mc-column content-text active-extra-styles\" data-block-type=\"raw\" data-block-weight=\"2\" data-block-id=\"10\">\n<div class=\"content-intertitle\">\n<h2>O caso<\/h2>\n<\/div>\n<\/div>\n<\/div>\n<div id=\"chunk-2lklp\">\n<div class=\"mc-column content-text active-extra-styles \" data-block-type=\"unstyled\" data-block-weight=\"36\" data-block-id=\"11\">\n<p class=\" content-text__container \" data-track-category=\"Link no Texto\" data-track-links=\"\">O crime ocorreu no dia 21 de abril, mas s\u00f3 chegou ao conhecimento das autoridades no dia 24. Segundo o subprefeito de S\u00e3o Miguel Paulista, Divaldo Rosa, familiares demoraram a denunciar o caso por medo.<\/p>\n<\/div>\n<\/div>\n<div id=\"chunk-7nc20\">\n<div class=\"mc-column content-text active-extra-styles \" data-block-type=\"unstyled\" data-block-weight=\"11\" data-block-id=\"12\">\n<p class=\" content-text__container \" data-track-category=\"Link no Texto\" data-track-links=\"\">Ao todo, cinco suspeitos foram identificados:<strong>\u00a0quatro adolescentes e um adulto.<\/strong><\/p>\n<\/div>\n<\/div>\n<div id=\"chunk-c1vlk\">\n<div class=\"mc-column content-text active-extra-styles \" data-block-type=\"unstyled\" data-block-weight=\"33\" data-block-id=\"13\">\n<p class=\" content-text__container \" data-track-category=\"Link no Texto\" data-track-links=\"\">De acordo com a Secretaria da Seguran\u00e7a P\u00fablica (SSP), tr\u00eas adolescentes j\u00e1 foram apreendidos, sendo dois na capital paulista e um em Jundia\u00ed, na Grande S\u00e3o Paulo. O quinto suspeito segue foragido.<\/p>\n<\/div>\n<\/div>\n<div id=\"chunk-f102c\">\n<div class=\"mc-column content-text active-extra-styles \" data-block-type=\"unstyled\" data-block-weight=\"31\" data-block-id=\"14\">\n<p class=\" content-text__container \" data-track-category=\"Link no Texto\" data-track-links=\"\">Nesse per\u00edodo, supostos v\u00eddeos dos abusos come\u00e7aram a circular nas redes sociais, o que provocou indigna\u00e7\u00e3o entre moradores da regi\u00e3o. Um ato por justi\u00e7a foi realizado na tarde de sexta-feira (1\u00ba).<\/p>\n<\/div>\n<\/div>\n<div id=\"chunk-edudv\">\n<div class=\"cxm-block-video content-media mc-column \" data-block-type=\"backstage-video\" data-block-id=\"15\">\n<div class=\"cxm-block-video__container cxm-block-video__container--fallback cxm-block-video__container--vertical\">\n<div class=\"cxm-block-video__player-fixer\">\n<article class=\"cxm-block-video__player-wrapper\">\n<section class=\"cxm-block-video__player\">\n<div class=\"cxm-block-video__placeholder\" data-video-id=\"14576859\"><img decoding=\"async\" class=\"cxm-block-video__thumb\" title=\"Manifestantes protestam contra estupro coletivo na Zona Leste de SP\" src=\"https:\/\/s04.video.glbimg.com\/x240\/14576859.jpg\" alt=\"Manifestantes protestam contra estupro coletivo na Zona Leste de SP\" \/><\/div>\n<\/section>\n<\/article>\n<\/div>\n<div class=\"cxm-block-video__caption-container\">\n<p class=\"codex-caption codex-caption--small\">Manifestantes protestam contra estupro coletivo na Zona Leste de SP<\/p>\n<\/div>\n<\/div>\n<\/div>\n<\/div>\n<div id=\"chunk-3tr25\">\n<div class=\"mc-column content-text active-extra-styles \" data-block-type=\"unstyled\" data-block-weight=\"20\" data-block-id=\"17\">\n<p class=\" content-text__container \" data-track-category=\"Link no Texto\" data-track-links=\"\">As investiga\u00e7\u00f5es s\u00e3o conduzidas pelo 63\u00ba Distrito Policial, na Vila Jacu\u00ed, que identificou os envolvidos ap\u00f3s tomar conhecimento do caso.<\/p>\n<\/div>\n<\/div>\n<div id=\"chunk-cra0v\">\n<div class=\"mc-column content-text active-extra-styles \" data-block-type=\"unstyled\" data-block-weight=\"33\" data-block-id=\"18\">\n<p class=\" content-text__container \" data-track-category=\"Link no Texto\" data-track-links=\"\">Em v\u00eddeo publicado nas redes sociais, o subprefeito de S\u00e3o Miguel Paulista afirmou que, ap\u00f3s a identifica\u00e7\u00e3o das v\u00edtimas, o Conselho Tutelar passou a acompanhar o caso e acionou a rede de prote\u00e7\u00e3o.<\/p>\n<\/div>\n<\/div>\n<div id=\"chunk-b368r\">\n<div class=\"mc-column content-text active-extra-styles \" data-block-type=\"unstyled\" data-block-weight=\"23\" data-block-id=\"19\">\n<p class=\" content-text__container \" data-track-category=\"Link no Texto\" data-track-links=\"\">Segundo ele, as crian\u00e7as receberam atendimento de sa\u00fade e foram encaminhadas a um hospital de refer\u00eancia por meio de um programa municipal.<\/p>\n<\/div>\n<\/div>\n<div id=\"chunk-2bcuk\">\n<div class=\"mc-column content-text active-extra-styles \" data-block-type=\"unstyled\" data-block-weight=\"45\" data-block-id=\"20\">\n<p class=\" content-text__container \" data-track-category=\"Link no Texto\" data-track-links=\"\">As fam\u00edlias tamb\u00e9m foram acolhidas por servi\u00e7os sociais. Uma das v\u00edtimas, de 10 anos, foi levada com familiares para um equipamento da prefeitura, enquanto a outra, de 7 anos, passou a ficar sob os cuidados do pai, em outro munic\u00edpio, com acompanhamento do Conselho Tutelar.<\/p>\n<\/div>\n<\/div>\n<div id=\"chunk-79vtf\">\n<div class=\"mc-column content-text active-extra-styles \" data-block-type=\"unstyled\" data-block-weight=\"18\" data-block-id=\"21\">\n<p class=\" content-text__container \" data-track-category=\"Link no Texto\" data-track-links=\"\">No fim da tarde desta sexta-feira (1\u00ba), manifestantes fizeram um protesto pelas ruas do bairro contra o crime.<\/p>\n<\/div>\n<\/div>\n<div id=\"chunk-7lkva\">\n<div class=\"mc-column content-text active-extra-styles\" data-block-type=\"raw\" data-block-weight=\"3\" data-block-id=\"22\">\n<div class=\"content-intertitle\">\n<h2>V\u00eddeos das agress\u00f5es<\/h2>\n<\/div>\n<\/div>\n<\/div>\n<div id=\"chunk-cik80\">\n<div class=\"mc-column content-text active-extra-styles \" data-block-type=\"unstyled\" data-block-weight=\"34\" data-block-id=\"23\">\n<p class=\" content-text__container \" data-track-category=\"Link no Texto\" data-track-links=\"\">De acordo com a den\u00fancia, os suspeitos teriam gravado ao menos cinco v\u00eddeos com imagens e \u00e1udios dos abusos. Segundo apura\u00e7\u00e3o da Globonews, uma das v\u00edtimas ficou desaparecida por tr\u00eas dias ap\u00f3s o ocorrido.<\/p>\n<\/div>\n<\/div>\n<div id=\"chunk-a7ptp\">\n<div class=\"mc-column content-text active-extra-styles \" data-block-type=\"unstyled\" data-block-weight=\"51\" data-block-id=\"24\">\n<p class=\" content-text__container \" data-track-category=\"Link no Texto\" data-track-links=\"\">Em nota enviada ao\u00a0<strong>g1<\/strong>, as advogadas Nath\u00e1lia Vieira, Fernanda Rosa, Maria Eduarda Ferrari e Eloa Romeiro, que representam os interesses da fam\u00edlia de uma das v\u00edtimas, afirmaram que a &#8220;fam\u00edlia est\u00e1 sendo devidamente respaldada em todos os \u00e2mbitos necess\u00e1rios, recebendo o suporte jur\u00eddico e acompanhamento integral diante dos fatos ocorridos.&#8221;<\/p>\n<\/div>\n<\/div>\n<div id=\"chunk-9si1b\">\n<div class=\"mc-column content-text active-extra-styles \" data-block-type=\"unstyled\" data-block-weight=\"53\" data-block-id=\"26\">\n<p class=\" content-text__container \" data-track-category=\"Link no Texto\" data-track-links=\"\">&#8220;Ressaltamos que ser\u00e3o adotadas todas as medidas cab\u00edveis para a devida responsabiliza\u00e7\u00e3o dos envolvidos, com atua\u00e7\u00e3o firme e cont\u00ednua junto \u00e0s autoridades competentes. A defesa acompanhar\u00e1 de perto o andamento do inqu\u00e9rito policial, bem como adotar\u00e1 as provid\u00eancias necess\u00e1rias na futura a\u00e7\u00e3o penal, a fim de assegurar que a justi\u00e7a seja plenamente alcan\u00e7ada.&#8221;<\/p>\n<\/div>\n<\/div>\n<div data-track-category=\"multicontent\" data-track-action=\"multicontent\" data-track-noninteraction=\"false\" data-track-scroll=\"ultimo chunk conteudo\" data-track-value=\"view\">\n<div id=\"chunk-1rqf1\">\n<div class=\"mc-column content-text active-extra-styles \" data-block-type=\"unstyled\" data-block-weight=\"28\" data-block-id=\"27\">\n<p class=\" content-text__container \" data-track-category=\"Link no Texto\" data-track-links=\"\">A SSP informou que as investiga\u00e7\u00f5es seguem para localizar todos os envolvidos e esclarecer completamente o caso. O<strong>\u00a0g1<\/strong>\u00a0n\u00e3o conseguiu localizar a defesa dos adolescentes apreendidos.<\/p>\n<\/div>\n<\/div>\n<\/div>\n<\/div>\n<\/article>\n<div class=\"mc-column entities\">Fonte: G1<\/div>\n<\/div>\n","protected":false},"excerpt":{"rendered":"<p>Homem suspeito de estupro coletivo de duas crian\u00e7as em SP \u00e9 preso na Bahia O caso ocorreu em S\u00e3o Miguel<\/p>\n","protected":false},"author":1,"featured_media":13986,"comment_status":"open","ping_status":"open","sticky":false,"template":"","format":"standard","meta":{"colormag_page_container_layout":"default_layout","colormag_page_sidebar_layout":"default_layout","footnotes":""},"categories":[3],"tags":[],"class_list":["post-13979","post","type-post","status-publish","format-standard","has-post-thumbnail","hentry","category-seu-bairro"],"_links":{"self":[{"href":"http:\/\/metropoleemfoco.com.br\/index.php?rest_route=\/wp\/v2\/posts\/13979","targetHints":{"allow":["GET"]}}],"collection":[{"href":"http:\/\/metropoleemfoco.com.br\/index.php?rest_route=\/wp\/v2\/posts"}],"about":[{"href":"http:\/\/metropoleemfoco.com.br\/index.php?rest_route=\/wp\/v2\/types\/post"}],"author":[{"embeddable":true,"href":"http:\/\/metropoleemfoco.com.br\/index.php?rest_route=\/wp\/v2\/users\/1"}],"replies":[{"embeddable":true,"href":"http:\/\/metropoleemfoco.com.br\/index.php?rest_route=%2Fwp%2Fv2%2Fcomments&post=13979"}],"version-history":[{"count":1,"href":"http:\/\/metropoleemfoco.com.br\/index.php?rest_route=\/wp\/v2\/posts\/13979\/revisions"}],"predecessor-version":[{"id":13987,"href":"http:\/\/metropoleemfoco.com.br\/index.php?rest_route=\/wp\/v2\/posts\/13979\/revisions\/13987"}],"wp:featuredmedia":[{"embeddable":true,"href":"http:\/\/metropoleemfoco.com.br\/index.php?rest_route=\/wp\/v2\/media\/13986"}],"wp:attachment":[{"href":"http:\/\/metropoleemfoco.com.br\/index.php?rest_route=%2Fwp%2Fv2%2Fmedia&parent=13979"}],"wp:term":[{"taxonomy":"category","embeddable":true,"href":"http:\/\/metropoleemfoco.com.br\/index.php?rest_route=%2Fwp%2Fv2%2Fcategories&post=13979"},{"taxonomy":"post_tag","embeddable":true,"href":"http:\/\/metropoleemfoco.com.br\/index.php?rest_route=%2Fwp%2Fv2%2Ftags&post=13979"}],"curies":[{"name":"wp","href":"https:\/\/api.w.org\/{rel}","templated":true}]}}