{"id":13978,"date":"2026-05-02T15:10:52","date_gmt":"2026-05-02T18:10:52","guid":{"rendered":"http:\/\/metropoleemfoco.com.br\/?p=13978"},"modified":"2026-05-02T15:10:52","modified_gmt":"2026-05-02T18:10:52","slug":"13978","status":"publish","type":"post","link":"http:\/\/metropoleemfoco.com.br\/?p=13978","title":{"rendered":""},"content":{"rendered":"<div class=\"bg-gray-200 mt-5 px-4\">\n<div class=\"container mx-auto\">\n<div class=\"md:flex flex-row gap-12\">\n<div class=\"basis-7\/12\">\n<h1 class=\"text-4xl md:text-5xl font-bold text-azul-marinho mt-8\">Sa\u00fade no Parque promove sa\u00fade e bem-estar em S\u00e3o Bernardo<\/h1>\n<h2 class=\"text-base md:text-lg text-gray-800 py-7\">A a\u00e7\u00e3o Sa\u00fade no Parque levou vacina\u00e7\u00e3o, exames bucais e exerc\u00edcios ao Parque da Juventude em S\u00e3o Bernardo para promover a preven\u00e7\u00e3o de doen\u00e7as<\/h2>\n<ul class=\"grid grid-cols-2 md:grid-cols-4 gap-4 pt-2 pb-1.5 px-3 list-none border border-verde-logo text-xs md:text-sm text-gray-800 bg-gray-100\">\n<li><strong>Autor:<\/strong>\u00a0Gabriel de Jesus<\/li>\n<li><strong>Fonte:<\/strong> PMSBC<\/li>\n<\/ul>\n<\/div>\n<div class=\"basis-5\/12 py-8\">\n<p class=\"border-t-6 border-t-verde-limao bg-white text-xs py-2 px-3 -mt-6 ml-6 w-3\/4 relative\"><strong>Cr\u00e9dito:<\/strong> Patricia Ribeiro\/PMSBC<\/p>\n<\/div>\n<\/div>\n<\/div>\n<\/div>\n<div class=\"container mx-auto mt-12 px-4\">\n<div class=\"md:flex flex-row gap-10\">\n<div class=\"basis-8\/12\">\n<div class=\"txt-post\" data-mgid-inserted=\"true\" data-fetch=\"true\">\n<p class=\"wp-block-paragraph\">A Prefeitura de\u00a0<a href=\"https:\/\/www.saobernardo.sp.gov.br\/web\/turismo\/a-cidade\" target=\"_blank\" rel=\"noopener\"><strong>S\u00e3o Bernardo<\/strong><\/a>, por meio da\u00a0<strong>Secretaria de Sa\u00fade<\/strong>, realizou na \u00faltima semana a a\u00e7\u00e3o\u00a0<a href=\"https:\/\/wp.abcdoabc.com.br\/caravana-da-saude-no-parque-oferta-servicos-de-saude-a-populacao-de-sao-bernardo\/\"><strong>Sa\u00fade no Parque<\/strong>.<\/a>\u00a0O evento, sediado no\u00a0<strong>Parque da Juventude Citt\u00e0 Di Mar\u00f3stica<\/strong>, celebrou o m\u00eas mundial da sa\u00fade com uma programa\u00e7\u00e3o gratuita que integrou servi\u00e7os cl\u00ednicos, vacina\u00e7\u00e3o e atividades f\u00edsicas ao ar livre.<\/p>\n<p class=\"wp-block-paragraph\">A iniciativa teve como foco principal a preven\u00e7\u00e3o de doen\u00e7as e a promo\u00e7\u00e3o de h\u00e1bitos saud\u00e1veis, levando a estrutura da rede municipal para fora das unidades tradicionais. Segundo a gest\u00e3o municipal, a estrat\u00e9gia visa fortalecer o v\u00ednculo entre os servi\u00e7os de sa\u00fade e a rotina dos moradores, ocupando espa\u00e7os p\u00fablicos com assist\u00eancia qualificada.<\/p>\n<h2 class=\"wp-block-heading\"><strong>Vacina\u00e7\u00e3o e diagn\u00f3sticos preventivos em espa\u00e7o p\u00fablico<\/strong><\/h2>\n<p class=\"wp-block-paragraph pp-intext-target\">Durante a mobiliza\u00e7\u00e3o do\u00a0<strong>Sa\u00fade no Parque<\/strong>, o p\u00fablico teve acesso a imunizantes contra\u00a0<strong>Influenza, HPV, febre amarela e t\u00e9tano<\/strong>. Al\u00e9m da atualiza\u00e7\u00e3o vacinal, a Secretaria de Sa\u00fade disponibilizou avalia\u00e7\u00f5es odontol\u00f3gicas voltadas ao diagn\u00f3stico precoce do c\u00e2ncer bucal, uma medida essencial para aumentar as chances de sucesso em tratamentos oncol\u00f3gicos.<\/p>\n<p class=\"wp-block-paragraph\"><strong>William Aparecido das Neves, apoio t\u00e9cnico do Departamento de Aten\u00e7\u00e3o B\u00e1sica,<\/strong>\u00a0destacou a import\u00e2ncia da descentraliza\u00e7\u00e3o do atendimento:<\/p>\n<p class=\"wp-block-paragraph\"><em>\u201cQuando realizamos um evento em espa\u00e7o aberto, facilitamos o acesso da popula\u00e7\u00e3o aos cuidados de sa\u00fade. Muitas vezes, encontramos pessoas que n\u00e3o conseguem ir at\u00e9 a unidade naquele momento, e aqui conseguimos oferecer orienta\u00e7\u00e3o e atendimento de forma acolhedora.\u201d<\/em><\/p>\n<h2 class=\"wp-block-heading\"><strong>Atividades coletivas e participa\u00e7\u00e3o da comunidade na a\u00e7\u00e3o Sa\u00fade no Parque<\/strong><\/h2>\n<p class=\"wp-block-paragraph\">O programa De Bem Com a Vida foi um dos pilares da a\u00e7\u00e3o\u00a0<strong>Sa\u00fade no Parque<\/strong>, promovendo pr\u00e1ticas corporais que atra\u00edram dezenas de participantes. A programa\u00e7\u00e3o incluiu aulas de dan\u00e7a, dan\u00e7a circular, pr\u00e1tica de Xiang Gong, alongamento e automassagem.<\/p>\n<p class=\"wp-block-paragraph pp-intext-target\"><strong>Edneuza Momesso, participante ativa na UBS Rudge Ramos<\/strong>, relatou como essas iniciativas transformaram sua rotina ap\u00f3s a aposentadoria:<\/p>\n<p class=\"wp-block-paragraph\"><em>\u201cPara mim tem sido maravilhoso. O programa abriu espa\u00e7o para participar de muitas outras atividades oferecidas pela Prefeitura. \u00c9 por meio da conscientiza\u00e7\u00e3o que a gente avan\u00e7a. Sa\u00fade bucal, vacina\u00e7\u00e3o e orienta\u00e7\u00f5es s\u00e3o cuidados importantes para todos.\u201d<\/em><\/p>\n<h3 class=\"wp-block-heading\"><strong>Engajamento da terceira idade<\/strong><\/h3>\n<p class=\"wp-block-paragraph\">A pr\u00e1tica de exerc\u00edcios f\u00edsicos foi apontada como fundamental para a qualidade de vida, especialmente para os idosos.\u00a0<strong>Teresa Maia Gouveia, de 73 anos<\/strong>, frequentadora das aulas de gin\u00e1stica da rede municipal, refor\u00e7ou a necessidade de manter o corpo ativo.\u00a0<em>\u201c\u00c9 uma inspira\u00e7\u00e3o muito boa. A terceira idade precisa se movimentar e participar para n\u00e3o enferrujar\u201d<\/em>, afirmou.<\/p>\n<h2 class=\"wp-block-heading\"><strong>Alerta sobre os riscos do cigarro eletr\u00f4nico<\/strong><\/h2>\n<p class=\"wp-block-paragraph inArticle-mgid\">Um dos pontos centrais da conscientiza\u00e7\u00e3o na\u00a0<strong>Sa\u00fade no Parque<\/strong>\u00a0foi o combate ao uso de dispositivos eletr\u00f4nicos para fumar. O N<strong>\u00facleo de Vigil\u00e2ncia em Sa\u00fade (NEVS)<\/strong> montou um espa\u00e7o educativo com materiais informativos e exemplares de dispositivos apreendidos para alertar sobre os perigos do \u201cvape\u201d.<\/p>\n<p class=\"wp-block-paragraph\">O articulador de Vigil\u00e2ncia em Sa\u00fade, Jos\u00e9 Ailton Alves de Oliveira, alertou para a falsa percep\u00e7\u00e3o de seguran\u00e7a desses produtos, especialmente entre o p\u00fablico jovem:<\/p>\n<p class=\"wp-block-paragraph pp-intext-target\"><em>\u201cMuitas pessoas associam o cigarro eletr\u00f4nico \u00e0 tecnologia ou \u00e0 moda, mas por tr\u00e1s disso existem riscos s\u00e9rios \u00e0 sa\u00fade, inclusive danos pulmonares irrevers\u00edveis e depend\u00eancia causada pela nicotina.\u201d<\/em><\/p>\n<p class=\"wp-block-paragraph\">A a\u00e7\u00e3o\u00a0<strong>Sa\u00fade no Parque<\/strong>\u00a0encerrou suas atividades consolidando-se como uma ferramenta de aproxima\u00e7\u00e3o entre o poder p\u00fablico e o cidad\u00e3o, contabilizando atendimentos que variaram de auriculoterapia a orienta\u00e7\u00f5es nutricionais, reafirmando o compromisso de S\u00e3o Bernardo com a medicina preventiva.<\/p>\n<p>Fonte: ABC do ABC<\/p>\n<\/div>\n<\/div>\n<\/div>\n<\/div>\n","protected":false},"excerpt":{"rendered":"<p>Sa\u00fade no Parque promove sa\u00fade e bem-estar em S\u00e3o Bernardo A a\u00e7\u00e3o Sa\u00fade no Parque levou vacina\u00e7\u00e3o, exames bucais e<\/p>\n","protected":false},"author":1,"featured_media":13984,"comment_status":"open","ping_status":"open","sticky":false,"template":"","format":"standard","meta":{"colormag_page_container_layout":"default_layout","colormag_page_sidebar_layout":"default_layout","footnotes":""},"categories":[9],"tags":[],"class_list":["post-13978","post","type-post","status-publish","format-standard","has-post-thumbnail","hentry","category-saude"],"_links":{"self":[{"href":"http:\/\/metropoleemfoco.com.br\/index.php?rest_route=\/wp\/v2\/posts\/13978","targetHints":{"allow":["GET"]}}],"collection":[{"href":"http:\/\/metropoleemfoco.com.br\/index.php?rest_route=\/wp\/v2\/posts"}],"about":[{"href":"http:\/\/metropoleemfoco.com.br\/index.php?rest_route=\/wp\/v2\/types\/post"}],"author":[{"embeddable":true,"href":"http:\/\/metropoleemfoco.com.br\/index.php?rest_route=\/wp\/v2\/users\/1"}],"replies":[{"embeddable":true,"href":"http:\/\/metropoleemfoco.com.br\/index.php?rest_route=%2Fwp%2Fv2%2Fcomments&post=13978"}],"version-history":[{"count":1,"href":"http:\/\/metropoleemfoco.com.br\/index.php?rest_route=\/wp\/v2\/posts\/13978\/revisions"}],"predecessor-version":[{"id":13985,"href":"http:\/\/metropoleemfoco.com.br\/index.php?rest_route=\/wp\/v2\/posts\/13978\/revisions\/13985"}],"wp:featuredmedia":[{"embeddable":true,"href":"http:\/\/metropoleemfoco.com.br\/index.php?rest_route=\/wp\/v2\/media\/13984"}],"wp:attachment":[{"href":"http:\/\/metropoleemfoco.com.br\/index.php?rest_route=%2Fwp%2Fv2%2Fmedia&parent=13978"}],"wp:term":[{"taxonomy":"category","embeddable":true,"href":"http:\/\/metropoleemfoco.com.br\/index.php?rest_route=%2Fwp%2Fv2%2Fcategories&post=13978"},{"taxonomy":"post_tag","embeddable":true,"href":"http:\/\/metropoleemfoco.com.br\/index.php?rest_route=%2Fwp%2Fv2%2Ftags&post=13978"}],"curies":[{"name":"wp","href":"https:\/\/api.w.org\/{rel}","templated":true}]}}