{"id":13952,"date":"2026-04-30T10:21:18","date_gmt":"2026-04-30T13:21:18","guid":{"rendered":"http:\/\/metropoleemfoco.com.br\/?p=13952"},"modified":"2026-04-30T10:21:18","modified_gmt":"2026-04-30T13:21:18","slug":"13952","status":"publish","type":"post","link":"http:\/\/metropoleemfoco.com.br\/?p=13952","title":{"rendered":""},"content":{"rendered":"<div class=\"mc-article-header\">\n<div class=\"row content-head mc-column non-featured \">\n<div class=\"title\" data-block-type=\"title\" data-block-id=\"0\">\n<h1 class=\"content-head__title\">Quaest: Haddad tem 58% de rejei\u00e7\u00e3o em SP; 38% n\u00e3o votariam em Tarc\u00edsio<\/h1>\n<\/div>\n<div class=\"medium-centered subtitle\">\n<h2 class=\"content-head__subtitle\">Levantamento encomendado pelo Banco Genial ouviu 1.650 eleitores paulistas entre os dias 23 e 27 de abril. A margem de erro \u00e9 de 2 pontos percentuais, e o n\u00edvel de confian\u00e7a \u00e9 de 95%.<\/h2>\n<\/div>\n<\/div>\n<div class=\"content__signa-share mc-column\">\n<div class=\"content__signature\">\n<div class=\"content-publication-data\">\n<div class=\"content-publication-data__text\">\n<p class=\"content-publication-data__from\" title=\"Reda\u00e7\u00e3o g1 SP\">Por\u00a0<a class=\"multi_signatures\" href=\"https:\/\/g1.globo.com\/autores\/redacao-g1-sp\/\">Reda\u00e7\u00e3o g1 SP<\/a><\/p>\n<\/div>\n<\/div>\n<\/div>\n<\/div>\n<div class=\"glb-share-bar content__share-bar\">\n<div class=\"glb-share-bar_icons\">\n<div class=\"glb-share-bar_button-img\"><\/div>\n<div class=\"glb-share-bar_button-img\"><\/div>\n<div class=\"glb-share-bar_button-img\"><\/div>\n<\/div>\n<\/div>\n<\/div>\n<div class=\"mc-article-body\">\n<article>\n<div id=\"chunk-5vsvv\">\n<div class=\"cxm-block-video content-media mc-column \" data-block-type=\"backstage-video\" data-block-id=\"1\">\n<div class=\"cxm-block-video__container cxm-block-video__container--fallback \">\n<div class=\"cxm-block-video__player-fixer\">\n<article class=\"cxm-block-video__player-wrapper\">\n<section class=\"cxm-block-video__player\">\n<div class=\"cxm-block-video__placeholder\" data-video-id=\"14567709\"><img decoding=\"async\" class=\"cxm-block-video__thumb\" title=\"Pesquisa Quaest: Tarc\u00edsio tem 38% e Haddad 26 na disputa para o governo de S\u00e3o Paulo\" src=\"https:\/\/s02.video.glbimg.com\/x240\/14567709.jpg\" alt=\"Pesquisa Quaest: Tarc\u00edsio tem 38% e Haddad 26 na disputa para o governo de S\u00e3o Paulo\" \/><\/div>\n<\/section>\n<\/article>\n<\/div>\n<div class=\"cxm-block-video__caption-container\">\n<p class=\"codex-caption codex-caption--small\">Pesquisa Quaest: Tarc\u00edsio tem 38% e Haddad 26 na disputa para o governo de S\u00e3o Paulo<\/p>\n<\/div>\n<\/div>\n<\/div>\n<\/div>\n<div id=\"chunk-810rd\">\n<div class=\"mc-column content-text active-extra-styles \" data-block-type=\"unstyled\" data-block-weight=\"34\" data-block-id=\"2\">\n<p class=\" content-text__container \" data-track-category=\"Link no Texto\" data-track-links=\"\" data-mrf-recirculation=\"Mat\u00e9ria - Links no Texto\">Pesquisa Quaest divulgada nesta quarta-feira (29) mostra que o ex-ministro da Fazenda\u00a0<a class=\"\" href=\"https:\/\/g1.globo.com\/politica\/politico\/fernando-haddad\/\" data-mrf-link=\"https:\/\/g1.globo.com\/politica\/politico\/fernando-haddad\/\">Fernando Haddad<\/a>\u00a0(<a class=\"\" href=\"https:\/\/g1.globo.com\/politica\/partido\/pt\/\" data-mrf-link=\"https:\/\/g1.globo.com\/politica\/partido\/pt\/\">PT<\/a>) teria a maior rejei\u00e7\u00e3o entre os eleitores paulistas se a elei\u00e7\u00e3o para governador de\u00a0<a class=\"\" href=\"https:\/\/g1.globo.com\/sp\/sao-paulo\/cidade\/sao-paulo\/\" data-mrf-link=\"https:\/\/g1.globo.com\/sp\/sao-paulo\/cidade\/sao-paulo\/\">S\u00e3o Paulo<\/a>\u00a0fosse realizada hoje.<\/p>\n<\/div>\n<\/div>\n<div class=\"wall protected-content\">\n<div id=\"chunk-1aboa\">\n<div class=\"mc-column content-text active-extra-styles \" data-block-type=\"unstyled\" data-block-weight=\"28\" data-block-id=\"4\">\n<p class=\" content-text__container \" data-track-category=\"Link no Texto\" data-track-links=\"\" data-mrf-recirculation=\"Mat\u00e9ria - Links no Texto\">Segundo o levantamento, 58% dos eleitores disseram que n\u00e3o votariam no candidato petista ante 38% que dizem que n\u00e3o votariam no atual governador,\u00a0<a class=\"\" href=\"https:\/\/g1.globo.com\/politica\/politico\/tarcisio-de-freitas\/\" data-mrf-link=\"https:\/\/g1.globo.com\/politica\/politico\/tarcisio-de-freitas\/\">Tarc\u00edsio de Freitas<\/a>\u00a0(<a class=\"\" href=\"https:\/\/g1.globo.com\/politica\/partido\/republicanos\/\" data-mrf-link=\"https:\/\/g1.globo.com\/politica\/partido\/republicanos\/\">Republicanos<\/a>).<\/p>\n<\/div>\n<\/div>\n<div id=\"chunk-emq77\">\n<div class=\"mc-column content-text active-extra-styles \" data-block-type=\"unstyled\" data-block-weight=\"27\" data-block-id=\"5\">\n<p class=\" content-text__container \" data-track-category=\"Link no Texto\" data-track-links=\"\" data-mrf-recirculation=\"Mat\u00e9ria - Links no Texto\">A pesquisa aponta ainda que 31% n\u00e3o votariam em Paulo Serra (<a class=\"\" href=\"https:\/\/g1.globo.com\/politica\/partido\/psdb\/\" data-mrf-link=\"https:\/\/g1.globo.com\/politica\/partido\/psdb\/\">PSDB<\/a>), contra 19% dos eleitores que rejeitam o voto no deputado federal Kim Kataguiri (Miss\u00e3o).<\/p>\n<\/div>\n<\/div>\n<div id=\"chunk-ej3aq\">\n<div class=\"row medium-uncollapsed content-media content-photo\" data-block-type=\"backstage-photo\" data-block-id=\"6\">\n<div class=\" mc-column  content-media__container\">\n<div class=\"content-media-container glb-skeleton-box\">\n<figure class=\"content-media-figure\"><img decoding=\"async\" class=\"i-amphtml-fill-content i-amphtml-replaced-content\" src=\"https:\/\/s2-g1.glbimg.com\/ApyIjJXKYaGhKdURqfFc-mz2HNQ=\/0x0:1200x670\/984x0\/smart\/filters:strip_icc()\/i.s3.glbimg.com\/v1\/AUTH_59edd422c0c84a879bd37670ae4f538a\/internal_photos\/bs\/2026\/h\/y\/WNJ4ntRDCSB1MnqGiW2g\/fotojet-98-.jpg\" sizes=\"(max-width: 1600px) 648px, 100vw\" srcset=\"https:\/\/s2-g1.glbimg.com\/_0o53eOWNe_fHjO1i_KM_KqigEk=\/0x0:1200x670\/1000x0\/smart\/filters:strip_icc()\/i.s3.glbimg.com\/v1\/AUTH_59edd422c0c84a879bd37670ae4f538a\/internal_photos\/bs\/2026\/h\/y\/WNJ4ntRDCSB1MnqGiW2g\/fotojet-98-.jpg 1000w, https:\/\/s2-g1.glbimg.com\/ApyIjJXKYaGhKdURqfFc-mz2HNQ=\/0x0:1200x670\/984x0\/smart\/filters:strip_icc()\/i.s3.glbimg.com\/v1\/AUTH_59edd422c0c84a879bd37670ae4f538a\/internal_photos\/bs\/2026\/h\/y\/WNJ4ntRDCSB1MnqGiW2g\/fotojet-98-.jpg 984w, https:\/\/s2-g1.glbimg.com\/P_T8eUG95-nFSf9mOhFOky-p4KI=\/0x0:1200x670\/640x0\/smart\/filters:strip_icc()\/i.s3.glbimg.com\/v1\/AUTH_59edd422c0c84a879bd37670ae4f538a\/internal_photos\/bs\/2026\/h\/y\/WNJ4ntRDCSB1MnqGiW2g\/fotojet-98-.jpg 640w, https:\/\/s2-g1.glbimg.com\/6UMfb2yJKOWY4P8m5_NEPmbkqgA=\/0x0:1200x670\/600x0\/smart\/filters:strip_icc()\/i.s3.glbimg.com\/v1\/AUTH_59edd422c0c84a879bd37670ae4f538a\/internal_photos\/bs\/2026\/h\/y\/WNJ4ntRDCSB1MnqGiW2g\/fotojet-98-.jpg 600w\" alt=\"Tarc\u00edsio de Freitas (Republicanos), Fernando Haddad (PT), Kim Kataguiri (Miss\u00e3o) e Paulo Serra (PSDB). \u2014 Foto: Reprodu\u00e7\u00e3o\/Redes Sociais\" \/><\/figure>\n<\/div>\n<p class=\"content-media__description  \">Tarc\u00edsio de Freitas (Republicanos), Fernando Haddad (PT), Kim Kataguiri (Miss\u00e3o) e Paulo Serra (PSDB). \u2014 Foto: Reprodu\u00e7\u00e3o\/Redes Sociais<\/p>\n<\/div>\n<\/div>\n<\/div>\n<div id=\"chunk-31oc5\">\n<div class=\"mc-column content-text active-extra-styles \" data-block-type=\"unstyled\" data-block-weight=\"2\" data-block-id=\"8\">\n<p class=\" content-text__container \" data-track-category=\"Link no Texto\" data-track-links=\"\" data-mrf-recirculation=\"Mat\u00e9ria - Links no Texto\">Confira abaixo:<\/p>\n<\/div>\n<\/div>\n<div id=\"chunk-beq6c\">\n<div class=\"mc-column content-text active-extra-styles \" data-block-type=\"unstyled\" data-block-weight=\"12\" data-block-id=\"9\">\n<p class=\" content-text__container \" data-track-category=\"Link no Texto\" data-track-links=\"\" data-mrf-recirculation=\"Mat\u00e9ria - Links no Texto\"><strong>Conhecimento, potencial de voto e rejei\u00e7\u00e3o de candidatos ao governo do estado:<\/strong><\/p>\n<\/div>\n<\/div>\n<div id=\"chunk-8sop7\">\n<div class=\"mc-column content-text active-extra-styles\" data-block-type=\"raw\" data-block-weight=\"4\" data-block-id=\"10\">\n<div class=\"content-intertitle\">\n<h2>Tarc\u00edsio de Freitas (Republicanos)<\/h2>\n<\/div>\n<\/div>\n<\/div>\n<div id=\"chunk-84kok\">\n<div class=\"mc-column content-text active-extra-styles\" data-block-type=\"raw\" data-block-weight=\"12\" data-block-id=\"11\">\n<ul class=\"content-unordered-list\" data-mrf-recirculation=\"Mat\u00e9ria - Leia Tamb\u00e9m (Lista)\">\n<li>Conhece e n\u00e3o votaria: 38%<\/li>\n<li>Conhece e votaria: 48%<\/li>\n<li>N\u00e3o conhece: 14%<\/li>\n<\/ul>\n<\/div>\n<\/div>\n<div id=\"chunk-fjkdb\">\n<div class=\"mc-column content-text active-extra-styles\" data-block-type=\"raw\" data-block-weight=\"3\" data-block-id=\"12\">\n<div class=\"content-intertitle\">\n<h2>Fernando Haddad (PT)<\/h2>\n<\/div>\n<\/div>\n<\/div>\n<div id=\"chunk-aue13\">\n<div class=\"mc-column content-text active-extra-styles\" data-block-type=\"raw\" data-block-weight=\"12\" data-block-id=\"13\">\n<ul class=\"content-unordered-list\" data-mrf-recirculation=\"Mat\u00e9ria - Leia Tamb\u00e9m (Lista)\">\n<li>Conhece e n\u00e3o votaria: 58%<\/li>\n<li>Conhece e votaria: 33%<\/li>\n<li>N\u00e3o conhece: 9%<\/li>\n<\/ul>\n<\/div>\n<\/div>\n<div id=\"chunk-ff2it\">\n<div class=\"mc-column content-text active-extra-styles\" data-block-type=\"raw\" data-block-weight=\"3\" data-block-id=\"14\">\n<div class=\"content-intertitle\">\n<h2>Paulo Serra (PSDB)<\/h2>\n<\/div>\n<\/div>\n<\/div>\n<div id=\"chunk-bj0m0\">\n<div class=\"mc-column content-text active-extra-styles\" data-block-type=\"raw\" data-block-weight=\"12\" data-block-id=\"15\">\n<ul class=\"content-unordered-list\" data-mrf-recirculation=\"Mat\u00e9ria - Leia Tamb\u00e9m (Lista)\">\n<li>Conhece e n\u00e3o votaria: 31%<\/li>\n<li>Conhece e votaria: 9%<\/li>\n<li>N\u00e3o conhece: 60%<\/li>\n<\/ul>\n<\/div>\n<\/div>\n<div id=\"chunk-eoodf\">\n<div class=\"mc-column content-text active-extra-styles\" data-block-type=\"raw\" data-block-weight=\"3\" data-block-id=\"16\">\n<div class=\"content-intertitle\">\n<h2>Kim Kataguiri (Miss\u00e3o)<\/h2>\n<\/div>\n<\/div>\n<\/div>\n<div id=\"chunk-v9b5\">\n<div class=\"mc-column content-text active-extra-styles\" data-block-type=\"raw\" data-block-weight=\"12\" data-block-id=\"17\">\n<ul class=\"content-unordered-list\" data-mrf-recirculation=\"Mat\u00e9ria - Leia Tamb\u00e9m (Lista)\">\n<li>Conhece e n\u00e3o votaria: 19%<\/li>\n<li>Conhece e votaria: 8%<\/li>\n<li>N\u00e3o conhece: 73%<\/li>\n<\/ul>\n<\/div>\n<\/div>\n<div id=\"chunk-1p03a\">\n<div class=\"mc-column content-text active-extra-styles \" data-block-type=\"unstyled\" data-block-weight=\"42\" data-block-id=\"18\">\n<p class=\" content-text__container \" data-track-category=\"Link no Texto\" data-track-links=\"\" data-mrf-recirculation=\"Mat\u00e9ria - Links no Texto\">O levantamento foi encomendado pelo Banco Genial e ouviu 1.650 eleitores de S\u00e3o Paulo entre os dias 23 e 27 de abril. A margem de erro \u00e9 de 2 pontos percentuais, e o n\u00edvel de confian\u00e7a das estimativas \u00e9 de 95%.<\/p>\n<\/div>\n<\/div>\n<div id=\"chunk-15k1g\">\n<div class=\"mc-column content-text active-extra-styles \" data-block-type=\"unstyled\" data-block-weight=\"13\" data-block-id=\"19\">\n<p class=\" content-text__container \" data-track-category=\"Link no Texto\" data-track-links=\"\" data-mrf-recirculation=\"Mat\u00e9ria - Links no Texto\">A pesquisa foi registrada no Tribunal Superior Eleitoral (TSE) sob o n\u00famero SP-03583\/2026.<\/p>\n<p>Fonte: G1<\/p>\n<\/div>\n<\/div>\n<\/div>\n<\/article>\n<\/div>\n","protected":false},"excerpt":{"rendered":"<p>Quaest: Haddad tem 58% de rejei\u00e7\u00e3o em SP; 38% n\u00e3o votariam em Tarc\u00edsio Levantamento encomendado pelo Banco Genial ouviu 1.650<\/p>\n","protected":false},"author":1,"featured_media":13957,"comment_status":"open","ping_status":"open","sticky":false,"template":"","format":"standard","meta":{"colormag_page_container_layout":"default_layout","colormag_page_sidebar_layout":"default_layout","footnotes":""},"categories":[99],"tags":[],"class_list":["post-13952","post","type-post","status-publish","format-standard","has-post-thumbnail","hentry","category-sp"],"_links":{"self":[{"href":"http:\/\/metropoleemfoco.com.br\/index.php?rest_route=\/wp\/v2\/posts\/13952","targetHints":{"allow":["GET"]}}],"collection":[{"href":"http:\/\/metropoleemfoco.com.br\/index.php?rest_route=\/wp\/v2\/posts"}],"about":[{"href":"http:\/\/metropoleemfoco.com.br\/index.php?rest_route=\/wp\/v2\/types\/post"}],"author":[{"embeddable":true,"href":"http:\/\/metropoleemfoco.com.br\/index.php?rest_route=\/wp\/v2\/users\/1"}],"replies":[{"embeddable":true,"href":"http:\/\/metropoleemfoco.com.br\/index.php?rest_route=%2Fwp%2Fv2%2Fcomments&post=13952"}],"version-history":[{"count":2,"href":"http:\/\/metropoleemfoco.com.br\/index.php?rest_route=\/wp\/v2\/posts\/13952\/revisions"}],"predecessor-version":[{"id":13959,"href":"http:\/\/metropoleemfoco.com.br\/index.php?rest_route=\/wp\/v2\/posts\/13952\/revisions\/13959"}],"wp:featuredmedia":[{"embeddable":true,"href":"http:\/\/metropoleemfoco.com.br\/index.php?rest_route=\/wp\/v2\/media\/13957"}],"wp:attachment":[{"href":"http:\/\/metropoleemfoco.com.br\/index.php?rest_route=%2Fwp%2Fv2%2Fmedia&parent=13952"}],"wp:term":[{"taxonomy":"category","embeddable":true,"href":"http:\/\/metropoleemfoco.com.br\/index.php?rest_route=%2Fwp%2Fv2%2Fcategories&post=13952"},{"taxonomy":"post_tag","embeddable":true,"href":"http:\/\/metropoleemfoco.com.br\/index.php?rest_route=%2Fwp%2Fv2%2Ftags&post=13952"}],"curies":[{"name":"wp","href":"https:\/\/api.w.org\/{rel}","templated":true}]}}