{"id":13951,"date":"2026-04-30T10:23:07","date_gmt":"2026-04-30T13:23:07","guid":{"rendered":"http:\/\/metropoleemfoco.com.br\/?p=13951"},"modified":"2026-04-30T10:23:07","modified_gmt":"2026-04-30T13:23:07","slug":"13951","status":"publish","type":"post","link":"http:\/\/metropoleemfoco.com.br\/?p=13951","title":{"rendered":""},"content":{"rendered":"<div id=\"noticias-interna\" class=\"elementor-element elementor-element-c4536fa header-noticias-leitura e-flex e-con-boxed e-con e-parent e-lazyloaded\" data-id=\"c4536fa\" data-element_type=\"container\" data-settings=\"{&quot;_ha_eqh_enable&quot;:false}\">\n<div class=\"e-con-inner\">\n<div class=\"elementor-element elementor-element-2028351 elementor-widget__width-initial titulo-conteudo elementor-widget elementor-widget-theme-post-title elementor-page-title elementor-widget-heading\" data-id=\"2028351\" data-element_type=\"widget\" data-widget_type=\"theme-post-title.default\">\n<div class=\"elementor-widget-container\">\n<h1 class=\"elementor-heading-title elementor-size-default\">Dinheiro na conta: Governo de SP deposita R$ 1 bi em b\u00f4nus para quase 200 mil professores<\/h1>\n<\/div>\n<\/div>\n<div class=\"elementor-element elementor-element-4784657 elementor-widget__width-initial elementor-widget elementor-widget-theme-post-excerpt\" data-id=\"4784657\" data-element_type=\"widget\" data-widget_type=\"theme-post-excerpt.default\">\n<div class=\"elementor-widget-container\">Com quase R$ 1 bilh\u00e3o em b\u00f4nus j\u00e1 depositado, o maior valor dos \u00faltimos 10 anos, Secretaria da Educa\u00e7\u00e3o refor\u00e7a pol\u00edtica de valoriza\u00e7\u00e3o dos profissionais da rede estadual<\/div>\n<\/div>\n<div class=\"elementor-element elementor-element-2133f16 compartilhe e-con-full e-flex e-con e-child\" data-id=\"2133f16\" data-element_type=\"container\" data-settings=\"{&quot;_ha_eqh_enable&quot;:false}\">\n<div class=\"elementor-element elementor-element-a8be681 e-con-full e-flex e-con e-child\" data-id=\"a8be681\" data-element_type=\"container\" data-settings=\"{&quot;_ha_eqh_enable&quot;:false}\">\n<div class=\"elementor-element elementor-element-4b063fb elementor-widget elementor-widget-image\" data-id=\"4b063fb\" data-element_type=\"widget\" data-widget_type=\"image.default\">\n<div class=\"elementor-widget-container\"><img loading=\"lazy\" decoding=\"async\" class=\"attachment-large size-large wp-image-4961\" src=\"https:\/\/www.agenciasp.sp.gov.br\/wp-content\/uploads\/2024\/03\/icon-share-03-gray-ok.png\" alt=\"\" width=\"20\" height=\"16\" \/><\/div>\n<\/div>\n<div class=\"elementor-element elementor-element-888f86d elementor-share-buttons--view-icon elementor-share-buttons--skin-framed elementor-share-buttons--shape-circle elementor-share-buttons--align-left elementor-share-buttons--color-custom elementor-grid-0 elementor-widget elementor-widget-share-buttons\" data-id=\"888f86d\" data-element_type=\"widget\" data-settings=\"{&quot;share_url&quot;:{&quot;url&quot;:&quot;https:\\\/\\\/www.agenciasp.sp.gov.br\\\/governo-de-sp-deposita-nesta-quinta-feira-30-bonus-para-188-mil-profissionais-da-educacao\\\/&quot;,&quot;is_external&quot;:&quot;&quot;,&quot;nofollow&quot;:&quot;&quot;,&quot;custom_attributes&quot;:&quot;&quot;}}\" data-widget_type=\"share-buttons.default\">\n<div class=\"elementor-widget-container\">\n<div class=\"elementor-grid\">\n<div class=\"elementor-grid-item\">\n<div class=\"elementor-share-btn elementor-share-btn_whatsapp\" tabindex=\"0\" role=\"button\" aria-label=\"Compartilhar no whatsapp\"><\/div>\n<\/div>\n<div class=\"elementor-grid-item\">\n<div class=\"elementor-share-btn elementor-share-btn_facebook\" tabindex=\"0\" role=\"button\" aria-label=\"Compartilhar no facebook\"><\/div>\n<\/div>\n<div class=\"elementor-grid-item\">\n<div class=\"elementor-share-btn elementor-share-btn_x-twitter\" tabindex=\"0\" role=\"button\" aria-label=\"Compartilhar no x-twitter\"><\/div>\n<\/div>\n<div class=\"elementor-grid-item\">\n<div class=\"elementor-share-btn elementor-share-btn_email\" tabindex=\"0\" role=\"button\" aria-label=\"Compartilhar no email\"><\/div>\n<\/div>\n<\/div>\n<\/div>\n<\/div>\n<\/div>\n<\/div>\n<\/div>\n<\/div>\n<div class=\"elementor-element elementor-element-0e5ecd1 imagem-top-post e-flex e-con-boxed e-con e-parent e-lazyloaded\" data-id=\"0e5ecd1\" data-element_type=\"container\" data-settings=\"{&quot;background_background&quot;:&quot;classic&quot;,&quot;background_motion_fx_motion_fx_scrolling&quot;:&quot;yes&quot;,&quot;background_motion_fx_devices&quot;:[&quot;desktop&quot;,&quot;tablet&quot;,&quot;mobile&quot;],&quot;_ha_eqh_enable&quot;:false}\">\n<div class=\"e-con-inner\">\n<div class=\"elementor-element elementor-element-ced2435 elementor-widget__width-inherit capa-post elementor-widget elementor-widget-theme-post-featured-image elementor-widget-image\" data-id=\"ced2435\" data-element_type=\"widget\" data-widget_type=\"theme-post-featured-image.default\">\n<div class=\"elementor-widget-container\"><img loading=\"lazy\" decoding=\"async\" class=\"attachment-large size-large wp-image-139577\" src=\"https:\/\/www.agenciasp.sp.gov.br\/wp-content\/uploads\/2026\/04\/55119869245_951e563b6a_o-scaled-e1777330394726-1024x535.jpg\" sizes=\"auto, (max-width: 800px) 100vw, 800px\" srcset=\"https:\/\/www.agenciasp.sp.gov.br\/wp-content\/uploads\/2026\/04\/55119869245_951e563b6a_o-scaled-e1777330394726-1024x535.jpg 1024w, https:\/\/www.agenciasp.sp.gov.br\/wp-content\/uploads\/2026\/04\/55119869245_951e563b6a_o-scaled-e1777330394726-300x157.jpg 300w, https:\/\/www.agenciasp.sp.gov.br\/wp-content\/uploads\/2026\/04\/55119869245_951e563b6a_o-scaled-e1777330394726-768x401.jpg 768w, https:\/\/www.agenciasp.sp.gov.br\/wp-content\/uploads\/2026\/04\/55119869245_951e563b6a_o-scaled-e1777330394726-1536x802.jpg 1536w, https:\/\/www.agenciasp.sp.gov.br\/wp-content\/uploads\/2026\/04\/55119869245_951e563b6a_o-scaled-e1777330394726-2048x1069.jpg 2048w, https:\/\/www.agenciasp.sp.gov.br\/wp-content\/uploads\/2026\/04\/55119869245_951e563b6a_o-scaled-e1777330394726-150x78.jpg 150w\" alt=\"\" width=\"800\" height=\"418\" \/><\/div>\n<\/div>\n<div class=\"elementor-element elementor-element-ada156d e-grid e-con-full e-con e-child\" data-id=\"ada156d\" data-element_type=\"container\" data-settings=\"{&quot;_ha_eqh_enable&quot;:false}\">\n<div class=\"elementor-element elementor-element-a3dda2e btn-download-img elementor-align-left elementor-widget elementor-widget-button\" data-id=\"a3dda2e\" data-element_type=\"widget\" data-widget_type=\"button.default\">\n<div class=\"elementor-widget-container\">\n<div class=\"elementor-button-wrapper\"><a class=\"elementor-button elementor-button-link elementor-size-sm\" role=\"link\" href=\"https:\/\/www.agenciasp.sp.gov.br\/wp-content\/uploads\/2026\/04\/55119869245_951e563b6a_o.jpg\" target=\"_blank\" rel=\"noopener\" download=\"\"><span class=\"elementor-button-content-wrapper\"><span class=\"elementor-button-text\">Download<\/span><\/span><\/a><\/div>\n<\/div>\n<\/div>\n<\/div>\n<div class=\"elementor-element elementor-element-5c2830d elementor-align-center elementor-absolute tarja-categoria-leitura-materia elementor-widget elementor-widget-post-info\" data-id=\"5c2830d\" data-element_type=\"widget\" data-settings=\"{&quot;_position&quot;:&quot;absolute&quot;}\" data-widget_type=\"post-info.default\">\n<div class=\"elementor-widget-container\">\n<ul class=\"elementor-icon-list-items elementor-post-info\">\n<li class=\"elementor-icon-list-item elementor-repeater-item-78f4fb6\"><span class=\"elementor-icon-list-text elementor-post-info__item elementor-post-info__item--type-terms\"><span class=\"elementor-post-info__terms-list\"><a class=\"elementor-post-info__terms-list-item\" role=\"link\" href=\"https:\/\/www.agenciasp.sp.gov.br\/editoria\/educacao\/\">Educa\u00e7\u00e3o<\/a><\/span><\/span><\/li>\n<\/ul>\n<\/div>\n<\/div>\n<\/div>\n<\/div>\n<div class=\"elementor-element elementor-element-5c5279b noticias-content e-flex e-con-boxed e-con e-parent e-lazyloaded\" data-id=\"5c5279b\" data-element_type=\"container\" data-settings=\"{&quot;_ha_eqh_enable&quot;:false}\">\n<div class=\"e-con-inner\">\n<div class=\"elementor-element elementor-element-753696f legenda-fotos elementor-widget elementor-widget-text-editor\" data-id=\"753696f\" data-element_type=\"widget\" data-widget_type=\"text-editor.default\">\n<div class=\"elementor-widget-container\">Professora de matem\u00e1tica Adelaide Oliveira em uma aula na Escola Amador dos Santos Fernandes, no Jardim Robru ZL de Sao Paulo. Foto \u2013 Marco Ankosqui<\/div>\n<\/div>\n<div class=\"elementor-element elementor-element-cb76742 elementor-widget elementor-widget-post-info\" data-id=\"cb76742\" data-element_type=\"widget\" data-widget_type=\"post-info.default\">\n<div class=\"elementor-widget-container\">\n<ul class=\"elementor-inline-items elementor-icon-list-items elementor-post-info\">\n<li class=\"elementor-icon-list-item elementor-repeater-item-ca87380 elementor-inline-item\"><span class=\"elementor-icon-list-text elementor-post-info__item elementor-post-info__item--type-custom\">Ag\u00eancia SP<\/span><\/li>\n<\/ul>\n<\/div>\n<\/div>\n<div class=\"elementor-element elementor-element-8cc89f6 e-con-full e-flex e-con e-child\" data-id=\"8cc89f6\" data-element_type=\"container\" data-settings=\"{&quot;_ha_eqh_enable&quot;:false}\">\n<div class=\"elementor-element elementor-element-0b409b9 elementor-align-left data-atualizado elementor-widget elementor-widget-post-info\" data-id=\"0b409b9\" data-element_type=\"widget\" data-widget_type=\"post-info.default\">\n<div class=\"elementor-widget-container\">\n<ul class=\"elementor-inline-items elementor-icon-list-items elementor-post-info\">\n<li class=\"elementor-icon-list-item elementor-repeater-item-4b89d83 elementor-inline-item\"><span class=\"elementor-icon-list-text elementor-post-info__item elementor-post-info__item--type-date\"><span class=\"elementor-post-info__item-prefix\">Publicado em<\/span>\u00a0<time>30\/04\/2026 &#8211; 07:23<\/time><\/span><\/li>\n<\/ul>\n<\/div>\n<\/div>\n<div class=\"elementor-element elementor-element-d4b75ed data-atualizado elementor-widget elementor-widget-shortcode\" data-id=\"d4b75ed\" data-element_type=\"widget\" data-widget_type=\"shortcode.default\">\n<div class=\"elementor-widget-container\">\n<div class=\"elementor-shortcode\"><\/div>\n<\/div>\n<\/div>\n<\/div>\n<div class=\"elementor-element elementor-element-5a922b4 conteudo-post elementor-widget elementor-widget-theme-post-content\" data-id=\"5a922b4\" data-element_type=\"widget\" data-widget_type=\"theme-post-content.default\">\n<div class=\"elementor-widget-container\">\n<p>O Governo de S\u00e3o Paulo deposita nesta quinta-feira (30) o pagamento de quase R$ 1 bilh\u00e3o em b\u00f4nus a 188 mil profissionais da rede estadual de ensino. O valor, o maior dos \u00faltimos 10 anos, reconhece o trabalho de professores, gestores e equipes escolares na melhoria da aprendizagem dos estudantes.<\/p>\n<p>A bonifica\u00e7\u00e3o integra a pol\u00edtica da Secretaria da Educa\u00e7\u00e3o do Estado de S\u00e3o Paulo (Seduc-SP) de valoriza\u00e7\u00e3o dos profissionais da rede, com base nos resultados do Sistema de Avalia\u00e7\u00e3o de Rendimento Escolar do Estado de S\u00e3o Paulo (Saresp). Na edi\u00e7\u00e3o de 2025, as escolas estaduais alcan\u00e7aram a melhor m\u00e9dia da s\u00e9rie hist\u00f3rica em matem\u00e1tica no Ensino Fundamental, com avan\u00e7o em todos os anos.<\/p>\n<p><strong>LEIA TAMB\u00c9M:\u00a0<\/strong><a role=\"link\" href=\"https:\/\/www.agenciasp.sp.gov.br\/quase-90-dos-candidatos-no-vestibular-univesp-2026-vieram-de-escolas-publicas\/\">Quase 90% dos candidatos no Vestibular Univesp 2026 s\u00e3o de escolas p\u00fablicas<\/a><\/p>\n<h2 class=\"wp-block-heading\">Como funciona o b\u00f4nus<\/h2>\n<p>S\u00e3o bonificados servidores da Secretaria da Educa\u00e7\u00e3o do Estado de S\u00e3o Paulo (Seduc-SP) que atingiram as metas individuais e\/ou das unidades de ensino. No total, 3.760 escolas conquistaram a marca \u2018ouro\u2019. Desta vez, o valor m\u00e9dio do pagamento \u00e9 de R$ 5.066,89 por profissional.<\/p>\n<p>\u201cA marca de R$ 1 bilh\u00e3o em b\u00f4nus \u00e9 consequ\u00eancia de um trabalho cont\u00ednuo e de dedica\u00e7\u00e3o dos profissionais da rede paulista. Al\u00e9m de matem\u00e1tica, houve tamb\u00e9m melhora nas notas de todas as disciplinas em rela\u00e7\u00e3o \u00e0 prova de 2024. Com aumento das m\u00e9dias, o valor total da bonifica\u00e7\u00e3o e o n\u00famero de servidores tamb\u00e9m cresceram. Na compara\u00e7\u00e3o com o pagamento do ano passado, 18% a mais de profissionais ser\u00e3o contemplados com o b\u00f4nus\u201d, destaca o secret\u00e1rio da Educa\u00e7\u00e3o, Renato Feder.<\/p>\n<p>Neste ano, a bonifica\u00e7\u00e3o dos profissionais da educa\u00e7\u00e3o tamb\u00e9m ser\u00e1 atrelada aos resultados do Sistema de Avalia\u00e7\u00e3o da Educa\u00e7\u00e3o B\u00e1sica (Saeb) 2025, aplicado a cada dois anos pelo governo federal. Professores de l\u00edngua portuguesa e matem\u00e1tica dos 5\u00ba e 9\u00ba anos do Ensino Fundamental e da 3\u00aa s\u00e9rie do Ensino M\u00e9dio e equipes gestoras das escolas que cumprirem as metas estipuladas pela Seduc-SP podem receber um segundo b\u00f4nus. As m\u00e9dias da rede estadual de S\u00e3o Paulo devem ser divulgadas pelo Instituto Nacional de Estudos e Pesquisas Educacionais An\u00edsio Teixeira (Inep) em agosto e o dep\u00f3sito est\u00e1 previsto para o m\u00eas de setembro.<\/p>\n<p><strong>LEIA TAMB\u00c9M:\u00a0<\/strong><a role=\"link\" href=\"https:\/\/www.agenciasp.sp.gov.br\/fatec-sp-sustentabilidade-modernizacao\/\">Fatec S\u00e3o Paulo avan\u00e7a em sustentabilidade com moderniza\u00e7\u00e3o energ\u00e9tica<\/a><\/p>\n<h2 class=\"wp-block-heading\">Recomposi\u00e7\u00e3o de aprendizagem e forma\u00e7\u00e3o de professores<\/h2>\n<p>Para reverter resultados ou manter metas j\u00e1 elevadas, gestores de escolas paulistas tra\u00e7aram diferentes estrat\u00e9gias ao longo do ano letivo. Em Santos, na E.E. Visconde de S\u00e3o Leopoldo, a aposta foi em uma combina\u00e7\u00e3o de tr\u00eas fatores: alinhamento da equipe, forma\u00e7\u00e3o de professores e an\u00e1lise de dados. \u201cA gente precisa de um professor bem instru\u00eddo que chegue na sala de aula e consiga desenvolver com os estudantes as atividades previstas no curr\u00edculo. Depois \u00e9 a vez de analisar a Prova Paulista (avalia\u00e7\u00e3o bimestral da rede). A cada avalia\u00e7\u00e3o, sentamos juntos e discutimos quais aspectos houve evolu\u00e7\u00e3o e quais precisavam de ajustes\u201d, explica Analdina Martes dos Santos, diretora da escola.<\/p>\n<p>\u201cOutro caminho foi o foco nas pr\u00f3prias\u00a0 avalia\u00e7\u00f5es do Saresp e Saeb. Organizamos as aulas de estudo, tutoria e tamb\u00e9m eletiva para trabalhar a recomposi\u00e7\u00e3o e o aprofundamento das disciplinas, especialmente matem\u00e1tica e l\u00edngua portuguesa\u201d, acrescenta a gestora. Com a meta prevista de 5.2 pontos, a unidade fechou o ciclo com 6.7 \u2014 1,5 p.p. do que o estipulado pela Seduc-SP para a edi\u00e7\u00e3o de 2025.<\/p>\n<p>Na E.E. Professor Amador dos Santos Fernandes, na zona leste da capital, o ensino da matem\u00e1tica extrapolou as avalia\u00e7\u00f5es formais e foi um dos caminhos para atrair os estudantes e garantir um bom desempenho no Saresp. Entre as a\u00e7\u00f5es, a unidade criou uma moeda pr\u00f3pria, o\u00a0<em>Amadolar<\/em>, como pagamento para alunos que realizam atividades e atingem boas notas. Al\u00e9m disso, ao longo do ano, as turmas foram agrupadas por n\u00edvel de profici\u00eancia. As mudan\u00e7as j\u00e1 haviam sido notadas antes mesmo com os resultados da Prova Paulista. N\u00e3o por acaso, a escola ultrapassou a meta (que era de 5.2) e chegou em 2025 aos 7.2 pontos. \u201cOs professores est\u00e3o muito felizes por atingirem as metas. N\u00f3s temos um grupo muito engajado e nossa palavra aqui \u00e9 \u2018uni\u00e3o\u2019. Ent\u00e3o, n\u00e3o se trata de apenas uma a\u00e7\u00e3o. Mas \u00e9 um trabalho de equipe\u201d, admite M\u00e1rcia Marcusso, diretora da unidade.<\/p>\n<figure class=\"wp-block-image size-large\"><img loading=\"lazy\" decoding=\"async\" class=\"wp-image-139580\" src=\"https:\/\/www.agenciasp.sp.gov.br\/wp-content\/uploads\/2026\/04\/55119679118_7a9694c085_o-1024x682.jpg\" sizes=\"auto, (max-width: 1024px) 100vw, 1024px\" srcset=\"https:\/\/www.agenciasp.sp.gov.br\/wp-content\/uploads\/2026\/04\/55119679118_7a9694c085_o-1024x682.jpg 1024w, https:\/\/www.agenciasp.sp.gov.br\/wp-content\/uploads\/2026\/04\/55119679118_7a9694c085_o-300x200.jpg 300w, https:\/\/www.agenciasp.sp.gov.br\/wp-content\/uploads\/2026\/04\/55119679118_7a9694c085_o-768x511.jpg 768w, https:\/\/www.agenciasp.sp.gov.br\/wp-content\/uploads\/2026\/04\/55119679118_7a9694c085_o-1536x1022.jpg 1536w, https:\/\/www.agenciasp.sp.gov.br\/wp-content\/uploads\/2026\/04\/55119679118_7a9694c085_o-2048x1363.jpg 2048w, https:\/\/www.agenciasp.sp.gov.br\/wp-content\/uploads\/2026\/04\/55119679118_7a9694c085_o-150x100.jpg 150w\" alt=\"\" width=\"1024\" height=\"682\" \/><figcaption class=\"wp-element-caption\">Giovanna, aluna da Escola Estadual Professor Amador dos Santos Fernandes, na zona leste da capital. Foto \u2013 Marco Ankosqui<\/figcaption><\/figure>\n<p><strong>LEIA TAMB\u00c9M:\u00a0<\/strong><a role=\"link\" href=\"https:\/\/www.agenciasp.sp.gov.br\/estimulo-da-coordenacao-motora-e-memoria-especialistas-da-usp-mostram-os-beneficios-da-letra-cursiva\/\">Est\u00edmulo da coordena\u00e7\u00e3o motora e mem\u00f3ria: especialistas da USP mostram os benef\u00edcios da letra cursiva<\/a><\/p>\n<h2 class=\"wp-block-heading\">Acompanhamento individualizado e acolhimento di\u00e1rio<\/h2>\n<p>J\u00e1 na E.E. Professor Jos\u00e9 Juliano Neto, de S\u00e3o Carlos, o desafio da gest\u00e3o era atender uma escola numerosa, com quase 650 alunos, nos tr\u00eas turnos escolares. \u201cO trabalho realizado pela escola teve como foco os alunos com maior dificuldade, por meio de acompanhamento individualizado ou em pequenos grupos, especialmente nos hor\u00e1rios de tutoria e nas disciplinas eletivas. Esse apoio foi conduzido pelos professores da pr\u00f3pria escola, com a colabora\u00e7\u00e3o de alunos monitores\u201d, conta a diretora Regina Corsi. Para a edi\u00e7\u00e3o de 2025, a meta era de 4.1. As iniciativas, no entanto, garantiram exatos 4.4. Al\u00e9m de ultrapassar com folga a marca definida pela Secretaria da Educa\u00e7\u00e3o, 37 alunos da unidade foram aprovados no Prov\u00e3o Paulista e em outros vestibulares, incluindo dois estudantes matriculados no ensino noturno.<\/p>\n<p>Em Campinas, por sua vez, a miss\u00e3o da E.E. Professora Consuelo Freire Brand\u00e3o era como manter uma meta t\u00e3o elevada. Para chegar aos 8.4, Vandete Ribeiro, diretora da unidade, acredita em uma t\u00e1tica que vai al\u00e9m da sala de aula: o acolhimento di\u00e1rio. \u201cS\u00e3o 272 estudantes distribu\u00eddos em nove turmas com jornada integral de nove horas di\u00e1rias. Todos os dias os alunos s\u00e3o recebidos na porta. Sabemos o nome de cada um. Tamb\u00e9m contamos com o apoio de pais e respons\u00e1veis. Esse, sem d\u00favida, foi o principal incentivo para chegarmos t\u00e3o longe\u201d, diz.<\/p>\n<h2 class=\"wp-block-heading\">C\u00e1lculo do b\u00f4nus do Saresp<\/h2>\n<p>O c\u00e1lculo do b\u00f4nus para os profissionais da educa\u00e7\u00e3o \u00e9 feito com base<br \/>\nnas notas dos estudantes de todas as s\u00e9ries e disciplinas avaliadas no Saresp do Ensino Fundamental e M\u00e9dio e nas metas por escola. S\u00e3o computadas a evolu\u00e7\u00e3o na aprendizagem, a frequ\u00eancia do aluno e a participa\u00e7\u00e3o dos estudantes no Saresp.<\/p>\n<p>As metas por unidade de ensino servem de baliza para estipular o valor a ser pago a docentes dos anos iniciais do Ensino Fundamental e de disciplinas que n\u00e3o est\u00e3o no Saresp (tais como Educa\u00e7\u00e3o F\u00edsica e eletivas), al\u00e9m de gestores e profissionais do quadro de apoio e projetos.<\/p>\n<p>J\u00e1 para professores regentes de disciplinas avaliadas, a apura\u00e7\u00e3o dos resultados \u00e9 proporcional \u00e0 carga hor\u00e1ria. Para aqueles que atribuem em mais de uma escola ou, ao mesmo tempo, em disciplinas avaliadas e n\u00e3o-avaliadas (tais como matem\u00e1tica e educa\u00e7\u00e3o financeira), a composi\u00e7\u00e3o do benef\u00edcio \u00e9 a pondera\u00e7\u00e3o entre a meta escola e a meta<\/p>\n<p>Fonte: Agencia Sp Gov<\/p>\n<\/div>\n<\/div>\n<\/div>\n<\/div>\n","protected":false},"excerpt":{"rendered":"<p>Dinheiro na conta: Governo de SP deposita R$ 1 bi em b\u00f4nus para quase 200 mil professores Com quase R$<\/p>\n","protected":false},"author":1,"featured_media":13960,"comment_status":"open","ping_status":"open","sticky":false,"template":"","format":"standard","meta":{"colormag_page_container_layout":"default_layout","colormag_page_sidebar_layout":"default_layout","footnotes":""},"categories":[101],"tags":[],"class_list":["post-13951","post","type-post","status-publish","format-standard","has-post-thumbnail","hentry","category-educacao"],"_links":{"self":[{"href":"http:\/\/metropoleemfoco.com.br\/index.php?rest_route=\/wp\/v2\/posts\/13951","targetHints":{"allow":["GET"]}}],"collection":[{"href":"http:\/\/metropoleemfoco.com.br\/index.php?rest_route=\/wp\/v2\/posts"}],"about":[{"href":"http:\/\/metropoleemfoco.com.br\/index.php?rest_route=\/wp\/v2\/types\/post"}],"author":[{"embeddable":true,"href":"http:\/\/metropoleemfoco.com.br\/index.php?rest_route=\/wp\/v2\/users\/1"}],"replies":[{"embeddable":true,"href":"http:\/\/metropoleemfoco.com.br\/index.php?rest_route=%2Fwp%2Fv2%2Fcomments&post=13951"}],"version-history":[{"count":1,"href":"http:\/\/metropoleemfoco.com.br\/index.php?rest_route=\/wp\/v2\/posts\/13951\/revisions"}],"predecessor-version":[{"id":13961,"href":"http:\/\/metropoleemfoco.com.br\/index.php?rest_route=\/wp\/v2\/posts\/13951\/revisions\/13961"}],"wp:featuredmedia":[{"embeddable":true,"href":"http:\/\/metropoleemfoco.com.br\/index.php?rest_route=\/wp\/v2\/media\/13960"}],"wp:attachment":[{"href":"http:\/\/metropoleemfoco.com.br\/index.php?rest_route=%2Fwp%2Fv2%2Fmedia&parent=13951"}],"wp:term":[{"taxonomy":"category","embeddable":true,"href":"http:\/\/metropoleemfoco.com.br\/index.php?rest_route=%2Fwp%2Fv2%2Fcategories&post=13951"},{"taxonomy":"post_tag","embeddable":true,"href":"http:\/\/metropoleemfoco.com.br\/index.php?rest_route=%2Fwp%2Fv2%2Ftags&post=13951"}],"curies":[{"name":"wp","href":"https:\/\/api.w.org\/{rel}","templated":true}]}}