{"id":13950,"date":"2026-04-30T10:17:52","date_gmt":"2026-04-30T13:17:52","guid":{"rendered":"http:\/\/metropoleemfoco.com.br\/?p=13950"},"modified":"2026-04-30T10:17:52","modified_gmt":"2026-04-30T13:17:52","slug":"13950","status":"publish","type":"post","link":"http:\/\/metropoleemfoco.com.br\/?p=13950","title":{"rendered":""},"content":{"rendered":"<div class=\"mc-article-header\">\n<div class=\"row content-head mc-column non-featured \">\n<div class=\"title\" data-block-type=\"title\" data-block-id=\"0\">\n<h1 class=\"content-head__title\">&#8220;Vou deixar de ser escudo&#8221;: Abel diz que mudar\u00e1 postura no Palmeiras ap\u00f3s advert\u00eancia por cr\u00edtica ao VAR<\/h1>\n<\/div>\n<div class=\"medium-centered subtitle\">\n<h2 class=\"content-head__subtitle\">Treinador portugu\u00eas recebeu &#8220;recado&#8221; da Conmebol por declara\u00e7\u00f5es sobre a final da Libertadores de 2025<\/h2>\n<\/div>\n<\/div>\n<div class=\"content__signa-share mc-column\">\n<div class=\"content__signature\">\n<div class=\"content-publication-data\">\n<div class=\"content-publication-data__text\">\n<p class=\"content-publication-data__from\" title=\"Thiago Ferri\">Por Thiago Ferri\u00a0\u2014 Assun\u00e7\u00e3o, Paraguai<\/p>\n<\/div>\n<\/div>\n<\/div>\n<\/div>\n<div class=\"glb-share-bar content__share-bar\">\n<div class=\"glb-share-bar_icons\">\n<div class=\"glb-share-bar_button-img\"><\/div>\n<div class=\"glb-share-bar_button-img\"><\/div>\n<div class=\"glb-share-bar_button-img\"><\/div>\n<\/div>\n<\/div>\n<hr class=\"content__divider \" \/>\n<\/div>\n<div class=\"mc-article-body\">\n<article>\n<div id=\"chunk-b777k\">\n<div class=\"cxm-block-video content-media mc-column \" data-block-type=\"backstage-video\" data-block-id=\"1\">\n<div class=\"cxm-block-video__container \">\n<div class=\"cxm-block-video__player-fixer\">\n<article class=\"cxm-block-video__player-wrapper\">\n<section class=\"cxm-block-video__player\">\n<div class=\"cxm-block-video__placeholder\" data-video-id=\"14570582\"><img decoding=\"async\" class=\"cxm-block-video__thumb\" title=\"Veja a entrevista coletiva de Abel Ferreira ap\u00f3s Cerro Porte\u00f1o 1 x 1 Palmeiras\" src=\"https:\/\/s03.video.glbimg.com\/x240\/14570582.jpg\" alt=\"Veja a entrevista coletiva de Abel Ferreira ap\u00f3s Cerro Porte\u00f1o 1 x 1 Palmeiras\" \/><\/div>\n<\/section>\n<\/article>\n<\/div>\n<div class=\"cxm-block-video__caption-container\">\n<p class=\"codex-caption codex-caption--small\">Veja a entrevista coletiva de Abel Ferreira ap\u00f3s Cerro Porte\u00f1o 1 x 1 Palmeiras<\/p>\n<\/div>\n<\/div>\n<\/div>\n<\/div>\n<div id=\"chunk-1aotu\">\n<div class=\"mc-column content-text active-extra-styles \" data-block-type=\"unstyled\" data-block-weight=\"33\" data-block-id=\"2\">\n<p class=\" content-text__container \" data-track-category=\"Link no Texto\" data-track-links=\"\">Abel Ferreira avisou que vai mudar o estilo de suas entrevistas no\u00a0<a class=\"\" href=\"https:\/\/globoesporte.globo.com\/futebol\/times\/palmeiras\/\">Palmeiras<\/a>.\u00a0<a class=\"\" href=\"https:\/\/ge.globo.com\/futebol\/times\/palmeiras\/noticia\/2026\/04\/24\/abel-ferreira-do-palmeiras-recebe-advertencia-da-conmebol-por-criticas-ao-var.ghtml\">Advertido pela Conmebol<\/a>\u00a0pelas cr\u00edticas que fez ao VAR da final da Conmebol Libertadores passada, o t\u00e9cnico mostrou sua contrariedade.<\/p>\n<\/div>\n<\/div>\n<div class=\"wall protected-content\">\n<div id=\"chunk-d6g72\">\n<div class=\"mc-column content-text active-extra-styles \" data-block-type=\"unstyled\" data-block-weight=\"42\" data-block-id=\"4\">\n<p class=\" content-text__container \" data-track-category=\"Link no Texto\" data-track-links=\"\">\u2013 N\u00e3o posso falar na Conmebol, parece que estamos proibidos de falar. N\u00e3o me fa\u00e7a perguntas disso \u2013 declarou, ap\u00f3s uma pergunta sobre\u00a0<a class=\"\" href=\"https:\/\/ge.globo.com\/futebol\/times\/palmeiras\/noticia\/2026\/04\/30\/cerro-porteno-encurta-gramado-para-enfrentar-o-palmeiras-e-abel-critica-em-que-seculo-estamos.ghtml\">o fato de o Cerro Porte\u00f1o ter encurtado o campo para o empate em 1 a 1 desta quarta-feira<\/a>.<\/p>\n<\/div>\n<\/div>\n<div id=\"chunk-avgah\">\n<div class=\"mc-column content-text active-extra-styles \" data-block-type=\"unstyled\" data-block-weight=\"7\" data-block-id=\"5\">\n<p class=\" content-text__container \" data-track-category=\"Link no Texto\" data-track-links=\"\"><a class=\"\" href=\"https:\/\/www.whatsapp.com\/channel\/0029Va9zoIdD38CLPTQGtX3E\" target=\"_blank\" rel=\"noopener\">+ Siga o ge Palmeiras no WhatsApp<\/a><\/p>\n<\/div>\n<\/div>\n<div id=\"chunk-8l40c\">\n<div class=\"mc-column content-text active-extra-styles \" data-block-type=\"unstyled\" data-block-weight=\"41\" data-block-id=\"6\">\n<p class=\" content-text__container \" data-track-category=\"Link no Texto\" data-track-links=\"\">\u2013 Dizem que o Abel n\u00e3o fala de futebol. Se perguntar de futebol, vou falar de futebol. Vou deixar de ser escudo. Calend\u00e1rio a diretoria pode falar, fora de campo, a diretoria pode falar. Vou s\u00f3 falar de futebol \u2013 prosseguiu.<\/p>\n<\/div>\n<\/div>\n<div id=\"chunk-innf\">\n<div class=\"mc-column content-text active-extra-styles \" data-block-type=\"unstyled\" data-block-weight=\"39\" data-block-id=\"8\">\n<p class=\" content-text__container \" data-track-category=\"Link no Texto\" data-track-links=\"\"><a class=\"\" href=\"https:\/\/ge.globo.com\/futebol\/times\/palmeiras\/noticia\/2026\/04\/30\/cerro-porteno-encurta-gramado-para-enfrentar-o-palmeiras-e-abel-critica-em-que-seculo-estamos.ghtml\">Na estreia da Libertadores deste ano<\/a>, Abel ironizou a arbitragem da final contra o Flamengo, em 2025, por n\u00e3o ter expulsado Pulgar ap\u00f3s entrada em Bruno Fuchs, ainda no primeiro tempo. O Verd\u00e3o acabou derrotado por 1 a 0.<\/p>\n<\/div>\n<\/div>\n<div id=\"chunk-6co6c\">\n<div class=\"mc-column content-text active-extra-styles \" data-block-type=\"unstyled\" data-block-weight=\"40\" data-block-id=\"9\">\n<p class=\" content-text__container \" data-track-category=\"Link no Texto\" data-track-links=\"\">\u2013 Parece que esse ano o VAR vai funcionar. Isto \u00e9 bom, ano passado o VAR da Conmebol n\u00e3o funcionou e esse ano parece que vai funcionar, e isso \u00e9 bom \u2013 cutucou, durante an\u00e1lise do p\u00eanalti cometido por Mauricio.<\/p>\n<\/div>\n<\/div>\n<div id=\"chunk-1mgtp\">\n<div class=\"row medium-uncollapsed content-media content-photo\" data-block-type=\"backstage-photo\" data-block-id=\"10\">\n<div class=\" mc-column  content-media__container\">\n<div class=\"content-media-container glb-skeleton-box\">\n<figure class=\"content-media-figure\"><img decoding=\"async\" class=\"i-amphtml-fill-content i-amphtml-replaced-content\" src=\"https:\/\/s2-ge.glbimg.com\/1I4spivGCVwE3Nx_lfLMgkWE21g=\/0x0:4474x2982\/984x0\/smart\/filters:strip_icc()\/i.s3.glbimg.com\/v1\/AUTH_bc8228b6673f488aa253bbcb03c80ec5\/internal_photos\/bs\/2026\/3\/A\/WzdH98RVuIfL2hvmLBsQ\/rib2387.jpg\" sizes=\"(max-width: 1600px) 648px, 100vw\" srcset=\"https:\/\/s2-ge.glbimg.com\/F_ISXSm5CFaNaQO9Sokc0xNkTaI=\/0x0:4474x2982\/1000x0\/smart\/filters:strip_icc()\/i.s3.glbimg.com\/v1\/AUTH_bc8228b6673f488aa253bbcb03c80ec5\/internal_photos\/bs\/2026\/3\/A\/WzdH98RVuIfL2hvmLBsQ\/rib2387.jpg 1000w, https:\/\/s2-ge.glbimg.com\/1I4spivGCVwE3Nx_lfLMgkWE21g=\/0x0:4474x2982\/984x0\/smart\/filters:strip_icc()\/i.s3.glbimg.com\/v1\/AUTH_bc8228b6673f488aa253bbcb03c80ec5\/internal_photos\/bs\/2026\/3\/A\/WzdH98RVuIfL2hvmLBsQ\/rib2387.jpg 984w, https:\/\/s2-ge.glbimg.com\/jrcQDcJEcQL0oG65bAFo1lTx3Yo=\/0x0:4474x2982\/640x0\/smart\/filters:strip_icc()\/i.s3.glbimg.com\/v1\/AUTH_bc8228b6673f488aa253bbcb03c80ec5\/internal_photos\/bs\/2026\/3\/A\/WzdH98RVuIfL2hvmLBsQ\/rib2387.jpg 640w, https:\/\/s2-ge.glbimg.com\/cjyt259q2gK_8rWIaCAj4SBN3cA=\/0x0:4474x2982\/600x0\/smart\/filters:strip_icc()\/i.s3.glbimg.com\/v1\/AUTH_bc8228b6673f488aa253bbcb03c80ec5\/internal_photos\/bs\/2026\/3\/A\/WzdH98RVuIfL2hvmLBsQ\/rib2387.jpg 600w\" alt=\"Abel Ferreira, t\u00e9cnico do Palmeiras \u2014 Foto: Marcos Ribolli\" \/><\/figure>\n<\/div>\n<p class=\"content-media__description  \">Abel Ferreira, t\u00e9cnico do Palmeiras \u2014 Foto: Marcos Ribolli<\/p>\n<\/div>\n<\/div>\n<\/div>\n<div id=\"chunk-2por\">\n<div class=\"mc-column content-text active-extra-styles \" data-block-type=\"unstyled\" data-block-weight=\"23\" data-block-id=\"11\">\n<p class=\" content-text__container \" data-track-category=\"Link no Texto\" data-track-links=\"\">A declara\u00e7\u00e3o fez a Conmebol abrir um processo disciplinar contra o treinador. Ele acabou advertido, semana passada, sem necessidade de cumprir suspens\u00e3o.<\/p>\n<\/div>\n<\/div>\n<div id=\"chunk-ackha\">\n<div class=\"mc-column content-text active-extra-styles \" data-block-type=\"unstyled\" data-block-weight=\"36\" data-block-id=\"13\">\n<p class=\" content-text__container \" data-track-category=\"Link no Texto\" data-track-links=\"\">\u2013 Triste no s\u00e9culo 21 ver isto. Mas tenho que ter cuidado com o que falo. Quase fui penalizado por ter dito o que ouviram. Tenho que ter muito cuidado com o que falo \u2013 prosseguiu.<\/p>\n<\/div>\n<\/div>\n<div id=\"chunk-5lbve\">\n<div class=\"mc-column content-text active-extra-styles \" data-block-type=\"unstyled\" data-block-weight=\"17\" data-block-id=\"14\">\n<p class=\" content-text__container \" data-track-category=\"Link no Texto\" data-track-links=\"\">O caso com a Conmebol n\u00e3o foi o \u00fanico julgamento que envolveu o treinador do\u00a0<a class=\"\" href=\"https:\/\/globoesporte.globo.com\/futebol\/times\/palmeiras\/\">Palmeiras<\/a> recentemente.<\/p>\n<\/div>\n<\/div>\n<div id=\"chunk-csoes\">\n<div class=\"mc-column content-text active-extra-styles \" data-block-type=\"unstyled\" data-block-weight=\"23\" data-block-id=\"16\">\n<p class=\" content-text__container \" data-track-category=\"Link no Texto\" data-track-links=\"\">Atualmente, ele est\u00e1 cumprindo uma s\u00e9rie de sete jogos de suspens\u00e3o no Campeonato Brasileiro, por conta das expuls\u00f5es contra Fluminense e S\u00e3o Paulo.<\/p>\n<\/div>\n<\/div>\n<div id=\"chunk-e2b7e\">\n<div class=\"mc-column content-text active-extra-styles \" data-block-type=\"unstyled\" data-block-weight=\"38\" data-block-id=\"17\">\n<p class=\" content-text__container \" data-track-category=\"Link no Texto\" data-track-links=\"\">O portugu\u00eas chegou a tomar oito jogos de gancho, puni\u00e7\u00e3o considerada sem precedentes pelo Verd\u00e3o. Depois, a suspens\u00e3o baixou para sete, mas ele ainda tem que ficar mais dois jogos fora do banco de reservas na competi\u00e7\u00e3o nacional.<\/p>\n<\/div>\n<\/div>\n<div id=\"chunk-20b2m\">\n<div class=\"cxm-block-video content-media mc-column \" data-block-type=\"backstage-video\" data-block-id=\"18\">\n<div class=\"cxm-block-video__container \">\n<div class=\"cxm-block-video__player-fixer\">\n<article class=\"cxm-block-video__player-wrapper\">\n<section class=\"cxm-block-video__player\">\n<div class=\"cxm-block-video__placeholder\" data-video-id=\"14570574\"><img decoding=\"async\" class=\"cxm-block-video__thumb\" title=\"Voz da Torcida do Palmeiras: &quot;Como o Palmeiras consegue complicar o incomplic\u00e1vel?&quot;\" src=\"https:\/\/s03.video.glbimg.com\/x240\/14570574.jpg\" alt=\"Voz da Torcida do Palmeiras: &quot;Como o Palmeiras consegue complicar o incomplic\u00e1vel?&quot;\" \/><\/p>\n<div><\/div>\n<\/div>\n<\/section>\n<\/article>\n<\/div>\n<div class=\"cxm-block-video__caption-container\">\n<p class=\"codex-caption codex-caption--small\">Voz da Torcida do Palmeiras: &#8220;Como o Palmeiras consegue complicar o incomplic\u00e1vel?&#8221;<\/p>\n<\/div>\n<\/div>\n<\/div>\n<\/div>\n<div id=\"chunk-31s9c\">\n<div class=\"content-ads content-ads--reveal\" data-block-type=\"ads\" data-block-id=\"19\">\n<div id=\"banner_materia__903dab7b-c63e-4d1a-a6f0-32f5ac9bd067\" class=\"tag-manager-publicidade-container tag-manager-publicidade-banner_materia__903dab7b-c63e-4d1a-a6f0-32f5ac9bd067 tag-manager-publicidade-container--carregado tag-manager-publicidade-container--visivel\" data-google-query-id=\"CMaAlK7UlZQDFRJtuAQdxzM8og\">Fonte: Ge<\/div>\n<\/div>\n<\/div>\n<\/div>\n<\/article>\n<\/div>\n","protected":false},"excerpt":{"rendered":"<p>&#8220;Vou deixar de ser escudo&#8221;: Abel diz que mudar\u00e1 postura no Palmeiras ap\u00f3s advert\u00eancia por cr\u00edtica ao VAR Treinador portugu\u00eas<\/p>\n","protected":false},"author":1,"featured_media":13955,"comment_status":"open","ping_status":"open","sticky":false,"template":"","format":"standard","meta":{"colormag_page_container_layout":"default_layout","colormag_page_sidebar_layout":"default_layout","footnotes":""},"categories":[102],"tags":[],"class_list":["post-13950","post","type-post","status-publish","format-standard","has-post-thumbnail","hentry","category-esportes"],"_links":{"self":[{"href":"http:\/\/metropoleemfoco.com.br\/index.php?rest_route=\/wp\/v2\/posts\/13950","targetHints":{"allow":["GET"]}}],"collection":[{"href":"http:\/\/metropoleemfoco.com.br\/index.php?rest_route=\/wp\/v2\/posts"}],"about":[{"href":"http:\/\/metropoleemfoco.com.br\/index.php?rest_route=\/wp\/v2\/types\/post"}],"author":[{"embeddable":true,"href":"http:\/\/metropoleemfoco.com.br\/index.php?rest_route=\/wp\/v2\/users\/1"}],"replies":[{"embeddable":true,"href":"http:\/\/metropoleemfoco.com.br\/index.php?rest_route=%2Fwp%2Fv2%2Fcomments&post=13950"}],"version-history":[{"count":1,"href":"http:\/\/metropoleemfoco.com.br\/index.php?rest_route=\/wp\/v2\/posts\/13950\/revisions"}],"predecessor-version":[{"id":13956,"href":"http:\/\/metropoleemfoco.com.br\/index.php?rest_route=\/wp\/v2\/posts\/13950\/revisions\/13956"}],"wp:featuredmedia":[{"embeddable":true,"href":"http:\/\/metropoleemfoco.com.br\/index.php?rest_route=\/wp\/v2\/media\/13955"}],"wp:attachment":[{"href":"http:\/\/metropoleemfoco.com.br\/index.php?rest_route=%2Fwp%2Fv2%2Fmedia&parent=13950"}],"wp:term":[{"taxonomy":"category","embeddable":true,"href":"http:\/\/metropoleemfoco.com.br\/index.php?rest_route=%2Fwp%2Fv2%2Fcategories&post=13950"},{"taxonomy":"post_tag","embeddable":true,"href":"http:\/\/metropoleemfoco.com.br\/index.php?rest_route=%2Fwp%2Fv2%2Ftags&post=13950"}],"curies":[{"name":"wp","href":"https:\/\/api.w.org\/{rel}","templated":true}]}}