{"id":13949,"date":"2026-04-30T10:16:10","date_gmt":"2026-04-30T13:16:10","guid":{"rendered":"http:\/\/metropoleemfoco.com.br\/?p=13949"},"modified":"2026-04-30T10:16:10","modified_gmt":"2026-04-30T13:16:10","slug":"13949","status":"publish","type":"post","link":"http:\/\/metropoleemfoco.com.br\/?p=13949","title":{"rendered":""},"content":{"rendered":"<div id=\"noticias-interna\" class=\"elementor-element elementor-element-c4536fa header-noticias-leitura e-flex e-con-boxed e-con e-parent e-lazyloaded\" data-id=\"c4536fa\" data-element_type=\"container\" data-settings=\"{&quot;_ha_eqh_enable&quot;:false}\">\n<div class=\"e-con-inner\">\n<div class=\"elementor-element elementor-element-2028351 elementor-widget__width-initial titulo-conteudo elementor-widget elementor-widget-theme-post-title elementor-page-title elementor-widget-heading\" data-id=\"2028351\" data-element_type=\"widget\" data-widget_type=\"theme-post-title.default\">\n<div class=\"elementor-widget-container\">\n<h1 class=\"elementor-heading-title elementor-size-default\">Jogos Escolares Paral\u00edmpicos do Estado de S\u00e3o Paulo come\u00e7am com disputa no atletismo, bocha e futebol<\/h1>\n<\/div>\n<\/div>\n<div class=\"elementor-element elementor-element-4784657 elementor-widget__width-initial elementor-widget elementor-widget-theme-post-excerpt\" data-id=\"4784657\" data-element_type=\"widget\" data-widget_type=\"theme-post-excerpt.default\">\n<div class=\"elementor-widget-container\">Destaque da abertura do Jogos Escolares Paral\u00edmpicos do Estado de S\u00e3o Paulo foi atleta de 18 anos do Time S\u00e3o Paulo que venceu os 100 metros com aux\u00edlio de tricicleta sem pedais<\/div>\n<\/div>\n<div class=\"elementor-element elementor-element-2133f16 compartilhe e-con-full e-flex e-con e-child\" data-id=\"2133f16\" data-element_type=\"container\" data-settings=\"{&quot;_ha_eqh_enable&quot;:false}\">\n<div class=\"elementor-element elementor-element-a8be681 e-con-full e-flex e-con e-child\" data-id=\"a8be681\" data-element_type=\"container\" data-settings=\"{&quot;_ha_eqh_enable&quot;:false}\">\n<div class=\"elementor-element elementor-element-4b063fb elementor-widget elementor-widget-image\" data-id=\"4b063fb\" data-element_type=\"widget\" data-widget_type=\"image.default\"><\/div>\n<div class=\"elementor-element elementor-element-888f86d elementor-share-buttons--view-icon elementor-share-buttons--skin-framed elementor-share-buttons--shape-circle elementor-share-buttons--align-left elementor-share-buttons--color-custom elementor-grid-0 elementor-widget elementor-widget-share-buttons\" data-id=\"888f86d\" data-element_type=\"widget\" data-settings=\"{&quot;share_url&quot;:{&quot;url&quot;:&quot;https:\\\/\\\/www.agenciasp.sp.gov.br\\\/jogos-escolares-paralimpicos-do-estado-de-sao-paulo-comecam-com-disputa-no-atletismo-bocha-e-futebol\\\/&quot;,&quot;is_external&quot;:&quot;&quot;,&quot;nofollow&quot;:&quot;&quot;,&quot;custom_attributes&quot;:&quot;&quot;}}\" data-widget_type=\"share-buttons.default\">\n<div class=\"elementor-widget-container\">\n<div class=\"elementor-grid\">\n<div class=\"elementor-grid-item\">\n<div class=\"elementor-share-btn elementor-share-btn_x-twitter\" tabindex=\"0\" role=\"button\" aria-label=\"Compartilhar no x-twitter\"><\/div>\n<\/div>\n<div class=\"elementor-grid-item\">\n<div class=\"elementor-share-btn elementor-share-btn_email\" tabindex=\"0\" role=\"button\" aria-label=\"Compartilhar no email\"><\/div>\n<\/div>\n<\/div>\n<\/div>\n<\/div>\n<\/div>\n<\/div>\n<\/div>\n<\/div>\n<div class=\"elementor-element elementor-element-0e5ecd1 imagem-top-post e-flex e-con-boxed e-con e-parent e-lazyloaded\" data-id=\"0e5ecd1\" data-element_type=\"container\" data-settings=\"{&quot;background_background&quot;:&quot;classic&quot;,&quot;background_motion_fx_motion_fx_scrolling&quot;:&quot;yes&quot;,&quot;background_motion_fx_devices&quot;:[&quot;desktop&quot;,&quot;tablet&quot;,&quot;mobile&quot;],&quot;_ha_eqh_enable&quot;:false}\">\n<div class=\"e-con-inner\">\n<div class=\"elementor-element elementor-element-ced2435 elementor-widget__width-inherit capa-post elementor-widget elementor-widget-theme-post-featured-image elementor-widget-image\" data-id=\"ced2435\" data-element_type=\"widget\" data-widget_type=\"theme-post-featured-image.default\">\n<div class=\"elementor-widget-container\"><img loading=\"lazy\" decoding=\"async\" class=\"attachment-large size-large wp-image-139983\" src=\"https:\/\/www.agenciasp.sp.gov.br\/wp-content\/uploads\/2026\/04\/WhatsApp-Image-2026-04-28-at-18.04.59-1024x682.jpeg\" sizes=\"auto, (max-width: 800px) 100vw, 800px\" srcset=\"https:\/\/www.agenciasp.sp.gov.br\/wp-content\/uploads\/2026\/04\/WhatsApp-Image-2026-04-28-at-18.04.59-1024x682.jpeg 1024w, https:\/\/www.agenciasp.sp.gov.br\/wp-content\/uploads\/2026\/04\/WhatsApp-Image-2026-04-28-at-18.04.59-300x200.jpeg 300w, https:\/\/www.agenciasp.sp.gov.br\/wp-content\/uploads\/2026\/04\/WhatsApp-Image-2026-04-28-at-18.04.59-768x512.jpeg 768w, https:\/\/www.agenciasp.sp.gov.br\/wp-content\/uploads\/2026\/04\/WhatsApp-Image-2026-04-28-at-18.04.59-1536x1023.jpeg 1536w, https:\/\/www.agenciasp.sp.gov.br\/wp-content\/uploads\/2026\/04\/WhatsApp-Image-2026-04-28-at-18.04.59-150x100.jpeg 150w, https:\/\/www.agenciasp.sp.gov.br\/wp-content\/uploads\/2026\/04\/WhatsApp-Image-2026-04-28-at-18.04.59.jpeg 1600w\" alt=\"\" width=\"800\" height=\"533\" \/><\/div>\n<\/div>\n<\/div>\n<\/div>\n<div class=\"elementor-element elementor-element-5c5279b noticias-content e-flex e-con-boxed e-con e-parent e-lazyloaded\" data-id=\"5c5279b\" data-element_type=\"container\" data-settings=\"{&quot;_ha_eqh_enable&quot;:false}\">\n<div class=\"e-con-inner\">\n<div class=\"elementor-element elementor-element-753696f legenda-fotos elementor-widget elementor-widget-text-editor\" data-id=\"753696f\" data-element_type=\"widget\" data-widget_type=\"text-editor.default\">\n<div class=\"elementor-widget-container\">As competi\u00e7\u00f5es aconteceram simultaneamente, de manh\u00e3 e de tarde, promovendo a inclus\u00e3o e o interc\u00e2mbio entre estudantes de escolas p\u00fablicas, privadas e t\u00e9cnicas. Fotos: Jessica Mariz\/SEDPcD\/Divulga\u00e7\u00e3o<\/div>\n<\/div>\n<div class=\"elementor-element elementor-element-cb76742 elementor-widget elementor-widget-post-info\" data-id=\"cb76742\" data-element_type=\"widget\" data-widget_type=\"post-info.default\">\n<div class=\"elementor-widget-container\">\n<ul class=\"elementor-inline-items elementor-icon-list-items elementor-post-info\">\n<li class=\"elementor-icon-list-item elementor-repeater-item-ca87380 elementor-inline-item\"><span class=\"elementor-icon-list-text elementor-post-info__item elementor-post-info__item--type-custom\">Ag\u00eancia SP<\/span><\/li>\n<\/ul>\n<\/div>\n<\/div>\n<div class=\"elementor-element elementor-element-8cc89f6 e-con-full e-flex e-con e-child\" data-id=\"8cc89f6\" data-element_type=\"container\" data-settings=\"{&quot;_ha_eqh_enable&quot;:false}\">\n<div class=\"elementor-element elementor-element-0b409b9 elementor-align-left data-atualizado elementor-widget elementor-widget-post-info\" data-id=\"0b409b9\" data-element_type=\"widget\" data-widget_type=\"post-info.default\">\n<div class=\"elementor-widget-container\">\n<ul class=\"elementor-inline-items elementor-icon-list-items elementor-post-info\">\n<li class=\"elementor-icon-list-item elementor-repeater-item-4b89d83 elementor-inline-item\"><span class=\"elementor-icon-list-text elementor-post-info__item elementor-post-info__item--type-date\"><span class=\"elementor-post-info__item-prefix\">Publicado em<\/span>\u00a0<time>29\/04\/2026 &#8211; 11:02<\/time><\/span><\/li>\n<\/ul>\n<\/div>\n<\/div>\n<div class=\"elementor-element elementor-element-d4b75ed data-atualizado elementor-widget elementor-widget-shortcode\" data-id=\"d4b75ed\" data-element_type=\"widget\" data-widget_type=\"shortcode.default\"><\/div>\n<\/div>\n<div class=\"elementor-element elementor-element-5a922b4 conteudo-post elementor-widget elementor-widget-theme-post-content\" data-id=\"5a922b4\" data-element_type=\"widget\" data-widget_type=\"theme-post-content.default\">\n<div class=\"elementor-widget-container\">\n<p>A 1\u00aa seletiva dos Jogos Escolares Paral\u00edmpicos do Estado de S\u00e3o Paulo (JEESP) foi disputada nesta ter\u00e7a-feira (28) com provas de atletismo, jogos de bocha e futebol para pessoas com paralisia cerebral realizados no Centro de Treinamento Paral\u00edmpico Brasileiro.<\/p>\n<p>As competi\u00e7\u00f5es aconteceram simultaneamente, de manh\u00e3 e de tarde, promovendo a inclus\u00e3o e o interc\u00e2mbio entre estudantes de escolas p\u00fablicas, privadas e t\u00e9cnicas, que est\u00e3o iniciando sua jornada no paradesporto. Al\u00e9m de competir, todos puderam se alimentar no local, tendo uma dimens\u00e3o do n\u00famero de envolvidos no evento, entre organizadores, jovens atletas e comiss\u00f5es t\u00e9cnicas.<\/p>\n<h2 class=\"wp-block-heading\">Resultados dos jogos<\/h2>\n<p>O secret\u00e1rio dos Direitos da Pessoa com Defici\u00eancia, Marcos da Costa, acompanhou as primeiras competi\u00e7\u00f5es do JEESP Paral\u00edmpico.<\/p>\n<figure class=\"wp-block-image size-large\"><img loading=\"lazy\" decoding=\"async\" class=\"wp-image-140146\" src=\"https:\/\/www.agenciasp.sp.gov.br\/wp-content\/uploads\/2026\/04\/WhatsApp-Image-2026-04-28-at-18.05.00-1024x682.jpeg\" sizes=\"auto, (max-width: 1024px) 100vw, 1024px\" srcset=\"https:\/\/www.agenciasp.sp.gov.br\/wp-content\/uploads\/2026\/04\/WhatsApp-Image-2026-04-28-at-18.05.00-1024x682.jpeg 1024w, https:\/\/www.agenciasp.sp.gov.br\/wp-content\/uploads\/2026\/04\/WhatsApp-Image-2026-04-28-at-18.05.00-300x200.jpeg 300w, https:\/\/www.agenciasp.sp.gov.br\/wp-content\/uploads\/2026\/04\/WhatsApp-Image-2026-04-28-at-18.05.00-768x512.jpeg 768w, https:\/\/www.agenciasp.sp.gov.br\/wp-content\/uploads\/2026\/04\/WhatsApp-Image-2026-04-28-at-18.05.00-1536x1023.jpeg 1536w, https:\/\/www.agenciasp.sp.gov.br\/wp-content\/uploads\/2026\/04\/WhatsApp-Image-2026-04-28-at-18.05.00-150x100.jpeg 150w, https:\/\/www.agenciasp.sp.gov.br\/wp-content\/uploads\/2026\/04\/WhatsApp-Image-2026-04-28-at-18.05.00.jpeg 1600w\" alt=\"\" width=\"1024\" height=\"682\" \/><\/figure>\n<p>\u201cJuntando todas as quatro seletivas temos quase 300 inscritos e ficamos na torcida para que os atletas melhores colocados no JEESP sigam fazendo de S\u00e3o Paulo o estado vitorioso nas Paralimp\u00edadas Escolares. Estou certo de que os Jogos Escolares Paral\u00edmpicos seguir\u00e3o revelando grandes talentos e veremos alguns deles representando o Brasil nas pr\u00f3ximas Paralimp\u00edadas\u201d, projetou o secret\u00e1rio.<\/p>\n<p>Um jovem representante do Time S\u00e3o Paulo esteve em a\u00e7\u00e3o e saiu vencedor da prova Petra (corrida com aux\u00edlio de uma tricicleta sem pedais) nos 100m rasos. Yuri Cabral, 18 anos, \u00e9 o atual recordista da prova com 14s35.<\/p>\n<p>\u201cFa\u00e7o parte do Time S\u00e3o Paulo h\u00e1 um ano e nesse intervalo de tempo os treinos se intensificaram contribuindo com minha evolu\u00e7\u00e3o. Quero seguir no esporte, disputar uma Paralimp\u00edada, quem sabe na edi\u00e7\u00e3o de 2032 em Brisbane, e cursar educa\u00e7\u00e3o f\u00edsica\u201d, contou ele que tamb\u00e9m compete no arremesso de peso.<\/p>\n<p>A programa\u00e7\u00e3o do JEESP contempla 15 modalidades distribu\u00eddas em quatro seletivas, todas realizadas no mesmo local, entre abril e maio. Essas seletivas antecedem a final estadual, agendada para o m\u00eas de agosto, envolvendo as modalidades de atletismo e nata\u00e7\u00e3o.<\/p>\n<h2 class=\"wp-block-heading\">Calend\u00e1rio do JEESP:<\/h2>\n<ul class=\"wp-block-list\">\n<li>1\u00aa Seletiva (26-29\/Abr): Atletismo F\u00edsico\/Visual, Bocha, Futebol PC<\/li>\n<li>2\u00aa Seletiva (29\/Abr-01\/Mai): Nata\u00e7\u00e3o (F\u00edsica, Visual, Intelectual), Basquete em Cadeira .<\/li>\n<li>3\u00aa Seletiva (\/07-09\/Mai): Badminton, Goalball, Jud\u00f4, T\u00eanis de Mesa, T\u00eanis em Cadeira, V\u00f4lei Sentado<\/li>\n<li>4\u00aa Seletiva (11-13\/Mai): Atletismo para pessoas com defici\u00eancia intelectual.<\/li>\n<li>Final Estadual: Agendada para agosto para os melhores \u00edndices de atletismo e nata\u00e7\u00e3o<\/li>\n<\/ul>\n<h2 class=\"wp-block-heading\">Sobre o JEESP Paral\u00edmpico<\/h2>\n<p>Os Jogos Escolares Paral\u00edmpicos do Estado de S\u00e3o Paulo \u00e9 promovido pelas secretarias de Estado dos Direitos da Pessoa com Defici\u00eancia, Esportes, Educa\u00e7\u00e3o e o Centro Paula Souza.<br \/>\nAl\u00e9m de promover a inclus\u00e3o, o JEESP busca descobrir mais paradesportistas para programas como o Bolsa Talento Esportivo e o Centro de Excel\u00eancia Esportiva, e selecionar atletas para representar o Estado de S\u00e3o Paulo nas Paralimp\u00edadas Escolares.<\/p>\n<p>A competi\u00e7\u00e3o contempla jovens atletas de 11 a 19 anos, dependendo da modalidade, e seleciona os de maior destaque para representar o estado de S\u00e3o Paulo nas Paralimp\u00edadas Escolares, que ser\u00e1 realizada em novembro. Ao todo, s\u00e3o 15 modalidades diferentes: atletismo, badminton, bocha, goalball, jud\u00f4, futebol de cegos, futebol de pessoas com paralisia cerebral, halterofilismo, nata\u00e7\u00e3o, t\u00eanis de mesa, t\u00eanis em cadeira, taekwondo, r\u00fagbi em cadeira de roda, basquete em cadeira e v\u00f4lei sentado<\/p>\n<p>Fonte: Agencia SP Gov<\/p>\n<\/div>\n<\/div>\n<\/div>\n<\/div>\n","protected":false},"excerpt":{"rendered":"<p>Jogos Escolares Paral\u00edmpicos do Estado de S\u00e3o Paulo come\u00e7am com disputa no atletismo, bocha e futebol Destaque da abertura do<\/p>\n","protected":false},"author":1,"featured_media":13953,"comment_status":"open","ping_status":"open","sticky":false,"template":"","format":"standard","meta":{"colormag_page_container_layout":"default_layout","colormag_page_sidebar_layout":"default_layout","footnotes":""},"categories":[95],"tags":[],"class_list":["post-13949","post","type-post","status-publish","format-standard","has-post-thumbnail","hentry","category-paralimpicos"],"_links":{"self":[{"href":"http:\/\/metropoleemfoco.com.br\/index.php?rest_route=\/wp\/v2\/posts\/13949","targetHints":{"allow":["GET"]}}],"collection":[{"href":"http:\/\/metropoleemfoco.com.br\/index.php?rest_route=\/wp\/v2\/posts"}],"about":[{"href":"http:\/\/metropoleemfoco.com.br\/index.php?rest_route=\/wp\/v2\/types\/post"}],"author":[{"embeddable":true,"href":"http:\/\/metropoleemfoco.com.br\/index.php?rest_route=\/wp\/v2\/users\/1"}],"replies":[{"embeddable":true,"href":"http:\/\/metropoleemfoco.com.br\/index.php?rest_route=%2Fwp%2Fv2%2Fcomments&post=13949"}],"version-history":[{"count":1,"href":"http:\/\/metropoleemfoco.com.br\/index.php?rest_route=\/wp\/v2\/posts\/13949\/revisions"}],"predecessor-version":[{"id":13954,"href":"http:\/\/metropoleemfoco.com.br\/index.php?rest_route=\/wp\/v2\/posts\/13949\/revisions\/13954"}],"wp:featuredmedia":[{"embeddable":true,"href":"http:\/\/metropoleemfoco.com.br\/index.php?rest_route=\/wp\/v2\/media\/13953"}],"wp:attachment":[{"href":"http:\/\/metropoleemfoco.com.br\/index.php?rest_route=%2Fwp%2Fv2%2Fmedia&parent=13949"}],"wp:term":[{"taxonomy":"category","embeddable":true,"href":"http:\/\/metropoleemfoco.com.br\/index.php?rest_route=%2Fwp%2Fv2%2Fcategories&post=13949"},{"taxonomy":"post_tag","embeddable":true,"href":"http:\/\/metropoleemfoco.com.br\/index.php?rest_route=%2Fwp%2Fv2%2Ftags&post=13949"}],"curies":[{"name":"wp","href":"https:\/\/api.w.org\/{rel}","templated":true}]}}