{"id":13940,"date":"2026-04-30T10:14:10","date_gmt":"2026-04-30T13:14:10","guid":{"rendered":"http:\/\/metropoleemfoco.com.br\/?p=13940"},"modified":"2026-04-30T10:23:37","modified_gmt":"2026-04-30T13:23:37","slug":"13940","status":"publish","type":"post","link":"http:\/\/metropoleemfoco.com.br\/?p=13940","title":{"rendered":"Motorista com fac\u00e3o \u00e9 morto a tiros pela PM ap\u00f3s discuss\u00e3o de tr\u00e2nsito"},"content":{"rendered":"<div class=\"mc-article-header\">\n<div class=\"row content-head mc-column non-featured \">\n<div class=\"title\" data-block-type=\"title\" data-block-id=\"0\">\n<h1 class=\"content-head__title\">Motorista com fac\u00e3o \u00e9 morto a tiros pela PM ap\u00f3s discuss\u00e3o de tr\u00e2nsito com motociclista na Zona Norte de SP<\/h1>\n<\/div>\n<div class=\"medium-centered subtitle\">\n<h2 class=\"content-head__subtitle\">Pol\u00edcia Militar alega que condutor amea\u00e7ou piloto e agentes com fac\u00e3o de 30 cent\u00edmetros durante discuss\u00e3o, na quarta (29), em avenida no Jaragu\u00e1.<\/h2>\n<\/div>\n<\/div>\n<div class=\"content__signa-share mc-column\">\n<div class=\"content__signature\">\n<div class=\"content-publication-data\">\n<div class=\"content-publication-data__text\">\n<p class=\"content-publication-data__from\" title=\"Bruno Tavares\">Por Bruno Tavares, TV Globo e g1 SP\u00a0\u2014 S\u00e3o Paulo<\/p>\n<\/div>\n<\/div>\n<\/div>\n<\/div>\n<div class=\"glb-share-bar content__share-bar\">\n<div class=\"glb-share-bar_icons\">\n<div class=\"glb-share-bar_button-img\"><\/div>\n<div class=\"glb-share-bar_button-img\"><\/div>\n<div class=\"glb-share-bar_button-img\"><\/div>\n<\/div>\n<\/div>\n<div class=\"mc-summary mc-column\" data-block-type=\"summary\" data-block-id=\"1\">\n<details class=\"mc-summary-card bs-block--exclude-chunk-children\">\n<div class=\"mc-summary-card__summary-container\"><\/div>\n<div class=\"mc-summary-card__content\">\n<ul class=\"mc-summary-card__list\">\n<li class=\"mc-summary-card__item\">\n<div id=\"chunk-eupcg\">\n<div class=\"mc-column content-text active-extra-styles \" data-block-type=\"unstyled\" data-block-weight=\"\">\n<p class=\" content-text__container \" data-track-category=\"Link no Texto\" data-track-links=\"\" data-mrf-recirculation=\"Mat\u00e9ria - Links no Texto\">Motorista de um carro foi baleado e morto por policiais militares depois de se envolver numa discuss\u00e3o de tr\u00e2nsito com um motociclista, na tarde de quarta-feira (29), na Zona Norte de S\u00e3o Paulo.<\/p>\n<\/div>\n<\/div>\n<\/li>\n<li class=\"mc-summary-card__item\">\n<div id=\"chunk-3h2ec\">\n<div class=\"mc-column content-text active-extra-styles \" data-block-type=\"unstyled\" data-block-weight=\"\">\n<p class=\" content-text__container \" data-track-category=\"Link no Texto\" data-track-links=\"\" data-mrf-recirculation=\"Mat\u00e9ria - Links no Texto\">De acordo com a Pol\u00edcia Militar (PM), o condutor estava armado com um fac\u00e3o de 30 cent\u00edmetros e amea\u00e7ou o piloto da moto e tamb\u00e9m os agentes, que atiram sete vezes na dire\u00e7\u00e3o do homem para se defender.<\/p>\n<\/div>\n<\/div>\n<\/li>\n<li class=\"mc-summary-card__item\">\n<div id=\"chunk-cagh\">\n<div class=\"mc-column content-text active-extra-styles \" data-block-type=\"unstyled\" data-block-weight=\"\">\n<p class=\" content-text__container \" data-track-category=\"Link no Texto\" data-track-links=\"\" data-mrf-recirculation=\"Mat\u00e9ria - Links no Texto\">Quatro tiros atingiram o motorista. Ele ainda foi socorrido por uma ambul\u00e2ncia, que o levou ao Hospital Parada de Taipas, onde o homem n\u00e3o resistiu aos ferimentos e morreu.<\/p>\n<\/div>\n<\/div>\n<\/li>\n<\/ul>\n<\/div>\n<\/details>\n<\/div>\n<\/div>\n<div class=\"mc-article-body\">\n<article>\n<div id=\"chunk-71ls0\">\n<div class=\"row medium-uncollapsed content-media content-photo\" data-block-type=\"backstage-photo\" data-block-id=\"2\">\n<div class=\" mc-column content-media__container\">\n<div class=\"content-media-container glb-skeleton-box\">\n<figure class=\"content-media-figure\"><img decoding=\"async\" class=\"i-amphtml-fill-content i-amphtml-replaced-content\" src=\"https:\/\/s2-g1.glbimg.com\/Z-DJRoAP2lfx0WwSXACXrWoQrZk=\/0x0:1200x670\/984x0\/smart\/filters:strip_icc()\/i.s3.glbimg.com\/v1\/AUTH_59edd422c0c84a879bd37670ae4f538a\/internal_photos\/bs\/2026\/A\/R\/BR55BXTQivcIZKimEABg\/fotojet-32-.jpg\" sizes=\"(max-width: 1600px) 648px, 100vw\" srcset=\"https:\/\/s2-g1.glbimg.com\/ovFAdRVQc7BjcHXgRElD8PtKIxs=\/0x0:1200x670\/1000x0\/smart\/filters:strip_icc()\/i.s3.glbimg.com\/v1\/AUTH_59edd422c0c84a879bd37670ae4f538a\/internal_photos\/bs\/2026\/A\/R\/BR55BXTQivcIZKimEABg\/fotojet-32-.jpg 1000w, https:\/\/s2-g1.glbimg.com\/Z-DJRoAP2lfx0WwSXACXrWoQrZk=\/0x0:1200x670\/984x0\/smart\/filters:strip_icc()\/i.s3.glbimg.com\/v1\/AUTH_59edd422c0c84a879bd37670ae4f538a\/internal_photos\/bs\/2026\/A\/R\/BR55BXTQivcIZKimEABg\/fotojet-32-.jpg 984w, https:\/\/s2-g1.glbimg.com\/s7rTt_mZgWNIo1aBkU9T0MdQE-E=\/0x0:1200x670\/640x0\/smart\/filters:strip_icc()\/i.s3.glbimg.com\/v1\/AUTH_59edd422c0c84a879bd37670ae4f538a\/internal_photos\/bs\/2026\/A\/R\/BR55BXTQivcIZKimEABg\/fotojet-32-.jpg 640w, https:\/\/s2-g1.glbimg.com\/dIWbsCt9nrb2gVCKRCMoO-zIP2g=\/0x0:1200x670\/600x0\/smart\/filters:strip_icc()\/i.s3.glbimg.com\/v1\/AUTH_59edd422c0c84a879bd37670ae4f538a\/internal_photos\/bs\/2026\/A\/R\/BR55BXTQivcIZKimEABg\/fotojet-32-.jpg 600w\" alt=\"Caso foi registrado no 74\u00ba DP, Parada de Taipas, na Zona Norte de S\u00e3o Paulo \u2014 Foto: Reprodu\u00e7\u00e3o\/Google Maps\" \/><\/figure>\n<\/div>\n<p class=\"content-media__description \">Caso foi registrado no 74\u00ba DP, Parada de Taipas, na Zona Norte de S\u00e3o Paulo \u2014 Foto: Reprodu\u00e7\u00e3o\/Google Maps<\/p>\n<\/div>\n<\/div>\n<\/div>\n<div id=\"chunk-ea61h\">\n<div class=\"mc-column content-text active-extra-styles \" data-block-type=\"unstyled\" data-block-weight=\"37\" data-block-id=\"3\">\n<p class=\" content-text__container \" data-track-category=\"Link no Texto\" data-track-links=\"\" data-mrf-recirculation=\"Mat\u00e9ria - Links no Texto\">O motorista de um carro foi baleado e morto por policiais militares depois de se envolver com um fac\u00e3o numa discuss\u00e3o de tr\u00e2nsito com um motociclista, na tarde de quarta-feira (29), na Zona Norte de S\u00e3o Paulo.<\/p>\n<\/div>\n<\/div>\n<div class=\"wall protected-content\">\n<div id=\"chunk-7npg5\">\n<div class=\"mc-column content-text active-extra-styles \" data-block-type=\"unstyled\" data-block-weight=\"50\" data-block-id=\"5\">\n<p class=\" content-text__container \" data-track-category=\"Link no Texto\" data-track-links=\"\" data-mrf-recirculation=\"Mat\u00e9ria - Links no Texto\">De acordo com a Pol\u00edcia Militar (PM), o condutor estava armado com um fac\u00e3o de 30 cent\u00edmetros e amea\u00e7ou o piloto da moto e tamb\u00e9m os agentes, que atiraram sete vezes na dire\u00e7\u00e3o do homem. O caso ocorreu por volta das 17h na Avenida Raimundo Pereira de Magalh\u00e3es, no Jaragu\u00e1.<\/p>\n<\/div>\n<\/div>\n<div id=\"chunk-51t5r\">\n<div class=\"mc-column content-text active-extra-styles \" data-block-type=\"unstyled\" data-block-weight=\"36\" data-block-id=\"6\">\n<p class=\" content-text__container \" data-track-category=\"Link no Texto\" data-track-links=\"\" data-mrf-recirculation=\"Mat\u00e9ria - Links no Texto\">Quatro tiros atingiram o motorista. Ele ainda foi socorrido por uma ambul\u00e2ncia, que o levou ao Hospital Parada de Taipas, onde n\u00e3o resistiu aos ferimentos e morreu. O motociclista e os PMs n\u00e3o se machucaram.<\/p>\n<\/div>\n<\/div>\n<div id=\"chunk-6i0kn\">\n<div class=\"mc-column content-text active-extra-styles \" data-block-type=\"unstyled\" data-block-weight=\"44\" data-block-id=\"9\">\n<p class=\" content-text__container \" data-track-category=\"Link no Texto\" data-track-links=\"\" data-mrf-recirculation=\"Mat\u00e9ria - Links no Texto\">O caso foi registrado no 74\u00ba Distrito Policial (DP), Parada de Taipas, como resist\u00eancia e morte decorrente de interven\u00e7\u00e3o policial. Como h\u00e1 envolvimento de policiais militares, a investiga\u00e7\u00e3o ser\u00e1 feita pelo Departamento de Homic\u00eddios e de Prote\u00e7\u00e3o \u00e0 Pessoa (DHPP) da Pol\u00edcia Civil.<\/p>\n<\/div>\n<\/div>\n<div id=\"chunk-62l52\">\n<div class=\"mc-column content-text active-extra-styles \" data-block-type=\"unstyled\" data-block-weight=\"41\" data-block-id=\"10\">\n<p class=\" content-text__container \" data-track-category=\"Link no Texto\" data-track-links=\"\" data-mrf-recirculation=\"Mat\u00e9ria - Links no Texto\">De acordo com o boletim de ocorr\u00eancia, o motorista que morreu foi identificado como Igor Eduardo Hyppolito Rodrigues, de 45 anos. Os PMs informaram que agiram em leg\u00edtima defesa depois de pedirem para o homem largar o fac\u00e3o e se render.<\/p>\n<\/div>\n<\/div>\n<div id=\"chunk-4r71i\">\n<div class=\"mc-column content-text active-extra-styles \" data-block-type=\"unstyled\" data-block-weight=\"28\" data-block-id=\"11\">\n<p class=\" content-text__container \" data-track-category=\"Link no Texto\" data-track-links=\"\" data-mrf-recirculation=\"Mat\u00e9ria - Links no Texto\">Ele desobedeceu \u00e0s ordens e partiu para cima do motociclista e dos agentes, que dispararam. As armas dos policiais foram apreendidas para per\u00edcia, assim como o fac\u00e3o.<\/p>\n<\/div>\n<\/div>\n<div id=\"chunk-3pg6a\">\n<div class=\"mc-column content-text active-extra-styles \" data-block-type=\"unstyled\" data-block-weight=\"36\" data-block-id=\"13\">\n<p class=\" content-text__container \" data-track-category=\"Link no Texto\" data-track-links=\"\" data-mrf-recirculation=\"Mat\u00e9ria - Links no Texto\">O local onde o motorista foi baleado fica em frente uma lanchonete, em uma via comercial da regi\u00e3o. A equipe de reportagem n\u00e3o conseguiu localizar nenhum representante ou advogado de Igor para comentar o assunto.<\/p>\n<p>Fonte: G1<\/p>\n<\/div>\n<\/div>\n<\/div>\n<\/article>\n<\/div>\n","protected":false},"excerpt":{"rendered":"<p>Motorista com fac\u00e3o \u00e9 morto a tiros pela PM ap\u00f3s discuss\u00e3o de tr\u00e2nsito com motociclista na Zona Norte de SP<\/p>\n","protected":false},"author":1,"featured_media":13947,"comment_status":"open","ping_status":"open","sticky":false,"template":"","format":"standard","meta":{"colormag_page_container_layout":"default_layout","colormag_page_sidebar_layout":"default_layout","footnotes":""},"categories":[99],"tags":[],"class_list":["post-13940","post","type-post","status-publish","format-standard","has-post-thumbnail","hentry","category-sp"],"_links":{"self":[{"href":"http:\/\/metropoleemfoco.com.br\/index.php?rest_route=\/wp\/v2\/posts\/13940","targetHints":{"allow":["GET"]}}],"collection":[{"href":"http:\/\/metropoleemfoco.com.br\/index.php?rest_route=\/wp\/v2\/posts"}],"about":[{"href":"http:\/\/metropoleemfoco.com.br\/index.php?rest_route=\/wp\/v2\/types\/post"}],"author":[{"embeddable":true,"href":"http:\/\/metropoleemfoco.com.br\/index.php?rest_route=\/wp\/v2\/users\/1"}],"replies":[{"embeddable":true,"href":"http:\/\/metropoleemfoco.com.br\/index.php?rest_route=%2Fwp%2Fv2%2Fcomments&post=13940"}],"version-history":[{"count":3,"href":"http:\/\/metropoleemfoco.com.br\/index.php?rest_route=\/wp\/v2\/posts\/13940\/revisions"}],"predecessor-version":[{"id":13963,"href":"http:\/\/metropoleemfoco.com.br\/index.php?rest_route=\/wp\/v2\/posts\/13940\/revisions\/13963"}],"wp:featuredmedia":[{"embeddable":true,"href":"http:\/\/metropoleemfoco.com.br\/index.php?rest_route=\/wp\/v2\/media\/13947"}],"wp:attachment":[{"href":"http:\/\/metropoleemfoco.com.br\/index.php?rest_route=%2Fwp%2Fv2%2Fmedia&parent=13940"}],"wp:term":[{"taxonomy":"category","embeddable":true,"href":"http:\/\/metropoleemfoco.com.br\/index.php?rest_route=%2Fwp%2Fv2%2Fcategories&post=13940"},{"taxonomy":"post_tag","embeddable":true,"href":"http:\/\/metropoleemfoco.com.br\/index.php?rest_route=%2Fwp%2Fv2%2Ftags&post=13940"}],"curies":[{"name":"wp","href":"https:\/\/api.w.org\/{rel}","templated":true}]}}