{"id":13932,"date":"2026-04-30T10:05:46","date_gmt":"2026-04-30T13:05:46","guid":{"rendered":"http:\/\/metropoleemfoco.com.br\/?p=13932"},"modified":"2026-04-30T10:05:46","modified_gmt":"2026-04-30T13:05:46","slug":"13932","status":"publish","type":"post","link":"http:\/\/metropoleemfoco.com.br\/?p=13932","title":{"rendered":""},"content":{"rendered":"<header class=\"group\/header group mx-auto box-border flex w-full max-w-full flex-col gap-4 pb-4 md:border-b md:border-neutral-200 [&amp;_.gallery]:-mx-4 [&amp;_.gallery]:outline [&amp;_.gallery]:outline-2 [&amp;_.gallery]:outline-neutral-950 [&amp;_.gallery]:lg:-mx-0 [&amp;_.gallery]:lg:outline-none\">\n<div class=\"flex w-full flex-col gap-4\">\n<div class=\"border-b pb-4 lg:border-b-0 lg:pb-0\" tabindex=\"1\">\n<h1 class=\"font-bold text-3xl lg:text-4xl\" data-single-title=\"true\">Derrota de Messias imp\u00f5e dilema a Lula sobre nova indica\u00e7\u00e3o<\/h1>\n<\/div>\n<div tabindex=\"2\">\n<h2 class=\"text-lg font-normal group-[.isActiveSource]:text-xl\" data-single-excerpt=\"true\">Planalto precisa decidir se faz nova indica\u00e7\u00e3o ou deixa vaga aberta at\u00e9 2027; Alcolumbre sinalizou que seguraria nova vota\u00e7\u00e3o para depois das elei\u00e7\u00f5es<\/h2>\n<\/div>\n<\/div>\n<div class=\"flex w-full flex-col gap-1\" data-single-author=\"true\"><span class=\"text-sm font-normal\"><a class=\"text-sm underline\" href=\"https:\/\/www.cnnbrasil.com.br\/autor\/lorenzo-santiago\/\" target=\"_self\" aria-label=\"Ver mais mat\u00e9rias de Lorenzo Santiago\"><span class=\"text-sm font-medium\">Lorenzo Santiago<\/span><\/a>,\u00a0<a class=\"text-sm underline\" href=\"https:\/\/www.cnnbrasil.com.br\/autor\/davi-alencar\/\" target=\"_self\" aria-label=\"Ver mais mat\u00e9rias de Davi Alencar\"><span class=\"text-sm font-medium\">Davi Alencar<\/span><\/a>\u00a0e\u00a0<a class=\"text-sm underline\" href=\"https:\/\/www.cnnbrasil.com.br\/autor\/danilo-moliterno\/\" target=\"_self\" aria-label=\"Ver mais mat\u00e9rias de Danilo Moliterno\"><span class=\"text-sm font-medium\">Danilo Moliterno<\/span><\/a>, da CNN, Bras\u00edlia<\/span><\/div>\n<div id=\"aHZ2gCCTk2o\" class=\"group relative my-4 flex aspect-video w-full cursor-pointer items-center justify-center overflow-hidden rounded-lg bg-black bg-cover bg-center [&amp;_div]:!absolute [&amp;_div]:!aspect-video [&amp;_div]:!size-full [&amp;_iframe]:!absolute [&amp;_iframe]:!aspect-video [&amp;_iframe]:!size-full\" aria-label=\"Reproduzir v\u00eddeo: Derrota de Messias imp\u00f5e dilema a Lula sobre nova indica\u00e7\u00e3o | CNN NOVO DIA\" aria-labelledby=\"video-title-aHZ2gCCTk2o\" data-video=\"youtube\"><iframe loading=\"lazy\" id=\"aHZ2gCCTk2o-player\" title=\"Derrota de Messias imp\u00f5e dilema a Lula sobre nova indica\u00e7\u00e3o | CNN NOVO DIA\" src=\"https:\/\/www.youtube.com\/embed\/aHZ2gCCTk2o?embed_config=%7B%22adsConfig%22%3A%7B%22disableAds%22%3Atrue%7D%2C%22enableIma%22%3Atrue%7D&amp;enablejsapi=1&amp;origin=https%3A%2F%2Fwww.cnnbrasil.com.br&amp;widgetid=1&amp;forigin=https%3A%2F%2Fwww.cnnbrasil.com.br%2Fpolitica%2Fderrota-de-messias-impoe-dilema-a-lula-sobre-nova-indicacao%2F&amp;aoriginsup=1&amp;gporigin=https%3A%2F%2Fwww.google.com%2F&amp;vf=3\" width=\"1280px\" height=\"720px\" frameborder=\"0\" allowfullscreen=\"allowfullscreen\" data-gtm-yt-inspected-33=\"true\" data-gtm-yt-inspected-46=\"true\" data-mce-fragment=\"1\"><\/iframe><\/div>\n<\/header>\n<div class=\"text-lg w-full pt-6 font-light text-neutral-800 group-[.isActiveSource&gt;*]:text-xl md:pt-10 [&amp;&gt;*:not(.single-product)]:mx-auto [&amp;&gt;*:not(.single-product)]:max-w-2xl [&amp;_.gallery]:mb-4 [&amp;_p]:my-4 first:[&amp;_p]:mt-0 [&amp;_strong]:font-medium\" data-single-content=\"true\">\n<p class=\"my-5 break-words group-[.isActiveSource]:text-xl\"><span class=\"\">A derrota de Jorge Messias no Senado imp\u00f5e um dilema ao governo Luiz In\u00e1cio Lula da Silva (PT). Com as elei\u00e7\u00f5es pr\u00f3ximas e o tempo escasso para uma nova vota\u00e7\u00e3o ainda este ano, o Planalto avalia dois caminhos: for\u00e7ar uma indica\u00e7\u00e3o imediata em rito acelerado ou adiar a decis\u00e3o para o ano que vem, correndo o risco de deixar a escolha para uma nova gest\u00e3o.<\/span><\/p>\n<p class=\"my-5 break-words group-[.isActiveSource]:text-xl\"><span class=\"\">Senadores da base do governo ouvidos pela\u00a0<strong class=\"group-[.isActiveSource]:text-xl group-[.isActiveSource]:font-bold\">CNN<\/strong>\u00a0entendem que o Planalto precisa fazer um c\u00e1lculo pol\u00edtico para uma poss\u00edvel nova indica\u00e7\u00e3o. Eles consideram que Lula pode partir para o enfrentamento ao Senado e\u00a0<a class=\"text-red-600 underline hover:text-red-500 font-medium break-words group-[.isActiveSource]:text-xl\" href=\"https:\/\/www.cnnbrasil.com.br\/politica\/senado-rejeita-messias-e-impoe-derrota-historica-do-governo-lula\/\" target=\"_self\" rel=\"\">apresentar um novo nome na tentativa de capitalizar politicamente<\/a> o embate.\u00a0<\/span><\/p>\n<p class=\"my-5 break-words group-[.isActiveSource]:text-xl\"><span class=\"\">A ideia seria indicar um nome mais palat\u00e1vel que, em caso de nova rejei\u00e7\u00e3o,\u00a0<a class=\"text-red-600 underline hover:text-red-500 font-medium break-words group-[.isActiveSource]:text-xl\" href=\"https:\/\/www.cnnbrasil.com.br\/politica\/ccj-aprova-jorge-messias-para-o-stf-indicacao-segue-para-o-plenario\/\" target=\"_self\" rel=\"\">desgastaria a imagem do Congresso<\/a>\u00a0como um agente pol\u00edtico com inten\u00e7\u00e3o deliberada de prejudicar o Executivo. Uma possibilidade, por exemplo, seria indicar atendendo \u00e0 cobran\u00e7a de movimentos sociais que, desde o in\u00edcio da gest\u00e3o petista, pleiteiam maior presen\u00e7a feminina no Supremo. Atualmente, o STF conta apenas com C\u00e1rmen L\u00facia e outros nove ministros.<\/span><\/p>\n<p class=\"my-5 break-words group-[.isActiveSource]:text-xl\"><span class=\"\">Essa alternativa, no entanto, colide com a postura do presidente do Senado, Davi Alcolumbre (Uni\u00e3o-AP). Segundo parlamentares ouvidos pela reportagem, o<a class=\"text-red-600 underline hover:text-red-500 font-medium break-words group-[.isActiveSource]:text-xl\" href=\"https:\/\/www.cnnbrasil.com.br\/politica\/a-senadores-alcolumbre-diz-que-so-avalia-nova-indicacao-apos-eleicoes\/\" target=\"_self\" rel=\"\">\u00a0senador tem sinalizado que n\u00e3o pretende submeter a plen\u00e1rio nenhum outro nome indicado pelo governo antes das elei\u00e7\u00f5es<\/a>.<\/span><\/p>\n<p class=\"my-5 break-words group-[.isActiveSource]:text-xl\"><span class=\"\">Nesse caso, a vota\u00e7\u00e3o poderia ocorrer no final deste ano, ap\u00f3s o pleito, ou ficaria para o ano que vem, j\u00e1 sob uma nova composi\u00e7\u00e3o da Casa Alta. Interlocutores da base governista entendem que, se Alcolumbre seguisse esse caminho, refor\u00e7aria a narrativa do Planalto de que o \u201cCongresso \u00e9 inimigo do povo\u201d e quer barrar o trabalho do governo.<\/span><\/p>\n<div id=\"vK_EtwIyjJQ\" class=\"group relative my-4 flex aspect-video w-full cursor-pointer items-center justify-center overflow-hidden rounded-lg bg-black bg-cover bg-center [&amp;_div]:!absolute [&amp;_div]:!aspect-video [&amp;_div]:!size-full [&amp;_iframe]:!absolute [&amp;_iframe]:!aspect-video [&amp;_iframe]:!size-full\" aria-label=\"Reproduzir v\u00eddeo: \" aria-labelledby=\"video-title-vK_EtwIyjJQ\" data-video=\"youtube\"><iframe loading=\"lazy\" id=\"vK_EtwIyjJQ-player\" title=\"An\u00e1lise: Rejei\u00e7\u00e3o de Messias pode ter tido uni\u00e3o de ala do STF e c\u00fapula do Senado | CNN BRASIL\" src=\"https:\/\/www.youtube.com\/embed\/vK_EtwIyjJQ?embed_config=%7B%22adsConfig%22%3A%7B%22disableAds%22%3Atrue%7D%2C%22enableIma%22%3Atrue%7D&amp;enablejsapi=1&amp;origin=https%3A%2F%2Fwww.cnnbrasil.com.br&amp;widgetid=2&amp;forigin=https%3A%2F%2Fwww.cnnbrasil.com.br%2Fpolitica%2Fderrota-de-messias-impoe-dilema-a-lula-sobre-nova-indicacao%2F&amp;aoriginsup=1&amp;gporigin=https%3A%2F%2Fwww.google.com%2F&amp;vf=6\" width=\"1280px\" height=\"720px\" frameborder=\"0\" allowfullscreen=\"allowfullscreen\" data-gtm-yt-inspected-33=\"true\" data-gtm-yt-inspected-46=\"true\" data-mce-fragment=\"1\"><\/iframe><\/div>\n<p class=\"my-5 break-words group-[.isActiveSource]:text-xl\"><span class=\"\">O lema foi amplamente difundido pela ala governista nas redes sociais durante a aprova\u00e7\u00e3o do PL (Projeto de Lei) da Dosimetria, que reduz as penas para condenados pelos atos de 8 de janeiro de 2023. A sess\u00e3o para derrubar o veto presidencial est\u00e1 marcada para esta quinta-feira (29), com alta chance de aprova\u00e7\u00e3o.<\/span><\/p>\n<p class=\"my-5 break-words group-[.isActiveSource]:text-xl\">A outra alternativa de Lula \u00e9 deixar a indica\u00e7\u00e3o para o pr\u00f3ximo governo \u2014 seja para um eventual quarto mandato do petista ou para um novo presidente. Essa possibilidade, no entanto, \u00e9 vista por congressistas como uma forma de \u201cacusar o golpe\u201d e admitir que o Congresso hoje \u00e9 dominante em rela\u00e7\u00e3o ao Executivo.<\/p>\n<p class=\"my-5 break-words group-[.isActiveSource]:text-xl\">Caso fique sem um novo nome at\u00e9 2027, um tabu ser\u00e1 quebrado: o STF passar\u00e1 mais de um ano com a composi\u00e7\u00e3o incompleta. Desde 2002, o maior per\u00edodo em que a Corte atuou com um desfalque foi em 2021, ap\u00f3s a indica\u00e7\u00e3o de Andr\u00e9 Mendon\u00e7a. Naquela ocasi\u00e3o, o Supremo aguardou 140 dias at\u00e9 ter as 11 cadeiras preenchidas novamente.<\/p>\n<p class=\"my-5 break-words group-[.isActiveSource]:text-xl\"><strong class=\"group-[.isActiveSource]:text-xl group-[.isActiveSource]:font-bold\">Reuni\u00e3o<\/strong><\/p>\n<p class=\"my-5 break-words group-[.isActiveSource]:text-xl my-5 break-words group-[.isActiveSource]:text-xl\">Logo ap\u00f3s ser rejeitado pelo Senado, nesta quarta-feira (29),\u00a0<strong class=\"group-[.isActiveSource]:text-xl group-[.isActiveSource]:font-bold group-[.isActiveSource]:text-xl group-[.isActiveSource]:font-bold\">Jorge Messias,<\/strong>\u00a0se reuniu com\u00a0<strong class=\"group-[.isActiveSource]:text-xl group-[.isActiveSource]:font-bold group-[.isActiveSource]:text-xl group-[.isActiveSource]:font-bold\">Lula\u00a0<\/strong>no Alvorada. Tamb\u00e9m participam da reuni\u00e3o o l\u00edder do governo no Senado,\u00a0<strong class=\"group-[.isActiveSource]:text-xl group-[.isActiveSource]:font-bold group-[.isActiveSource]:text-xl group-[.isActiveSource]:font-bold\">Jaques Wagner (PT-BA)<\/strong>, e o ministro da Secretaria de Rela\u00e7\u00f5es Institucionais da Presid\u00eancia da Rep\u00fablica,\u00a0<strong class=\"group-[.isActiveSource]:text-xl group-[.isActiveSource]:font-bold group-[.isActiveSource]:text-xl group-[.isActiveSource]:font-bold\">Jos\u00e9 Guimar\u00e3es<\/strong>. Segundo fontes ouvidas pela reportagem, ap\u00f3s quase duas horas de reuni\u00e3o, o governo n\u00e3o chegou a conclus\u00e3o sobre caminho seguir.<\/p>\n<p>Fonte: CNN<\/p>\n<\/div>\n","protected":false},"excerpt":{"rendered":"<p>Derrota de Messias imp\u00f5e dilema a Lula sobre nova indica\u00e7\u00e3o Planalto precisa decidir se faz nova indica\u00e7\u00e3o ou deixa vaga<\/p>\n","protected":false},"author":1,"featured_media":13935,"comment_status":"open","ping_status":"open","sticky":false,"template":"","format":"standard","meta":{"colormag_page_container_layout":"default_layout","colormag_page_sidebar_layout":"default_layout","footnotes":""},"categories":[90],"tags":[],"class_list":["post-13932","post","type-post","status-publish","format-standard","has-post-thumbnail","hentry","category-brasil"],"_links":{"self":[{"href":"http:\/\/metropoleemfoco.com.br\/index.php?rest_route=\/wp\/v2\/posts\/13932","targetHints":{"allow":["GET"]}}],"collection":[{"href":"http:\/\/metropoleemfoco.com.br\/index.php?rest_route=\/wp\/v2\/posts"}],"about":[{"href":"http:\/\/metropoleemfoco.com.br\/index.php?rest_route=\/wp\/v2\/types\/post"}],"author":[{"embeddable":true,"href":"http:\/\/metropoleemfoco.com.br\/index.php?rest_route=\/wp\/v2\/users\/1"}],"replies":[{"embeddable":true,"href":"http:\/\/metropoleemfoco.com.br\/index.php?rest_route=%2Fwp%2Fv2%2Fcomments&post=13932"}],"version-history":[{"count":1,"href":"http:\/\/metropoleemfoco.com.br\/index.php?rest_route=\/wp\/v2\/posts\/13932\/revisions"}],"predecessor-version":[{"id":13936,"href":"http:\/\/metropoleemfoco.com.br\/index.php?rest_route=\/wp\/v2\/posts\/13932\/revisions\/13936"}],"wp:featuredmedia":[{"embeddable":true,"href":"http:\/\/metropoleemfoco.com.br\/index.php?rest_route=\/wp\/v2\/media\/13935"}],"wp:attachment":[{"href":"http:\/\/metropoleemfoco.com.br\/index.php?rest_route=%2Fwp%2Fv2%2Fmedia&parent=13932"}],"wp:term":[{"taxonomy":"category","embeddable":true,"href":"http:\/\/metropoleemfoco.com.br\/index.php?rest_route=%2Fwp%2Fv2%2Fcategories&post=13932"},{"taxonomy":"post_tag","embeddable":true,"href":"http:\/\/metropoleemfoco.com.br\/index.php?rest_route=%2Fwp%2Fv2%2Ftags&post=13932"}],"curies":[{"name":"wp","href":"https:\/\/api.w.org\/{rel}","templated":true}]}}