{"id":13931,"date":"2026-04-30T10:03:33","date_gmt":"2026-04-30T13:03:33","guid":{"rendered":"http:\/\/metropoleemfoco.com.br\/?p=13931"},"modified":"2026-04-30T10:03:33","modified_gmt":"2026-04-30T13:03:33","slug":"13931","status":"publish","type":"post","link":"http:\/\/metropoleemfoco.com.br\/?p=13931","title":{"rendered":""},"content":{"rendered":"<div class=\"mc-article-header\">\n<div class=\"row content-head mc-column non-featured \">\n<div class=\"title\" data-block-type=\"title\" data-block-id=\"0\">\n<h1 class=\"content-head__title\">Chefe da ag\u00eancia de energia faz alerta: mundo pode enfrentar a maior crise energ\u00e9tica da hist\u00f3ria<\/h1>\n<\/div>\n<div class=\"medium-centered subtitle\">\n<h2 class=\"content-head__subtitle\">O fechamento do Estreito de Ormuz pelo Ir\u00e3, por onde passavam 20% do petr\u00f3leo e do g\u00e1s natural liquefeito do mundo, disparou os pre\u00e7os do barril de petr\u00f3leo a n\u00edveis n\u00e3o vistos em quatro anos.<\/h2>\n<\/div>\n<\/div>\n<div class=\"content__signa-share mc-column\">\n<div class=\"content__signature\">\n<div class=\"content-publication-data\">\n<div class=\"content-publication-data__logo\"><a href=\"http:\/\/www.afp.com\/\" target=\"_blank\" rel=\"noopener\"><img decoding=\"async\" class=\"i-amphtml-fill-content i-amphtml-replaced-content\" src=\"https:\/\/s2-g1.glbimg.com\/mv_g7jbXR2hmnC_EIF1_ZqHm8LY=\/48x48\/smart\/filters:strip_icc()\/s2.glbimg.com\/YuEQYLEcHzL7bYhq-LsbrSETa1I%3D\/200x0\/filters%3Aquality%2870%29\/i.s3.glbimg.com\/v1\/AUTH_59edd422c0c84a879bd37670ae4f538a\/internal_photos\/bs\/2016\/u\/m\/YinC1dTfaRBfJqyUe7aQ\/afp-150x150.jpg\" alt=\"TOPO\" \/><\/a><\/div>\n<div class=\"content-publication-data__text\">\n<p class=\"content-publication-data__from\" title=\"France Presse\">Por France Presse<\/p>\n<\/div>\n<\/div>\n<\/div>\n<\/div>\n<div class=\"glb-share-bar content__share-bar\">\n<div class=\"glb-share-bar_icons\">\n<div class=\"glb-share-bar_button-img\"><\/div>\n<div class=\"glb-share-bar_button-img\"><\/div>\n<div class=\"glb-share-bar_button-img\"><\/div>\n<\/div>\n<\/div>\n<div class=\"mc-summary mc-column\" data-block-type=\"summary\" data-block-id=\"1\">\n<details class=\"mc-summary-card bs-block--exclude-chunk-children\">\n<div class=\"mc-summary-card__summary-container\"><\/div>\n<div class=\"mc-summary-card__content\">\n<ul class=\"mc-summary-card__list\">\n<li class=\"mc-summary-card__item\">\n<div id=\"chunk-36hqd\">\n<div class=\"mc-column content-text active-extra-styles \" data-block-type=\"unstyled\" data-block-weight=\"\">\n<p class=\" content-text__container \" data-track-category=\"Link no Texto\" data-track-links=\"\">O mundo enfrenta &#8220;a maior crise energ\u00e9tica de sua hist\u00f3ria&#8221;, provocada pela guerra no Oriente M\u00e9dio e pelos impactos no com\u00e9rcio de petr\u00f3leo e g\u00e1s, afirmou nesta quinta-feira (30) o diretor da Ag\u00eancia Internacional de Energia (AIE), Fatih Birol.<\/p>\n<\/div>\n<\/div>\n<\/li>\n<li class=\"mc-summary-card__item\">\n<div id=\"chunk-81pu9\">\n<div class=\"mc-column content-text active-extra-styles \" data-block-type=\"unstyled\" data-block-weight=\"\">\n<p class=\" content-text__container \" data-track-category=\"Link no Texto\" data-track-links=\"\">Assim como na invas\u00e3o russa da Ucr\u00e2nia em 2022, o conflito no Oriente M\u00e9dio exp\u00f4s a forte depend\u00eancia global de combust\u00edveis f\u00f3sseis.<\/p>\n<\/div>\n<\/div>\n<\/li>\n<li class=\"mc-summary-card__item\">\n<div id=\"chunk-8qbl5\">\n<div class=\"mc-column content-text active-extra-styles \" data-block-type=\"unstyled\" data-block-weight=\"\">\n<p class=\" content-text__container \" data-track-category=\"Link no Texto\" data-track-links=\"\">O fechamento do Estreito de Ormuz pelo Ir\u00e3 \u2014 por onde passava cerca de 20% do petr\u00f3leo e do g\u00e1s natural liquefeito do mundo \u2014 fez os pre\u00e7os dispararem para n\u00edveis n\u00e3o vistos h\u00e1 quatro anos.<\/p>\n<\/div>\n<\/div>\n<\/li>\n<li class=\"mc-summary-card__item\">\n<div id=\"chunk-fv0id\">\n<div class=\"mc-column content-text active-extra-styles \" data-block-type=\"unstyled\" data-block-weight=\"\">\n<p class=\" content-text__container \" data-track-category=\"Link no Texto\" data-track-links=\"\">O petr\u00f3leo Brent chegou a US$ 126 (R$ 629) nesta quinta-feira. Ao mesmo tempo, os Estados Unidos imp\u00f5em um bloqueio naval aos portos iranianos.<\/p>\n<\/div>\n<\/div>\n<\/li>\n<li class=\"mc-summary-card__item\">\n<div id=\"chunk-d7ghh\">\n<div class=\"mc-column content-text active-extra-styles \" data-block-type=\"unstyled\" data-block-weight=\"\">\n<p class=\" content-text__container \" data-track-category=\"Link no Texto\" data-track-links=\"\">O fechamento prolongado dessa rota estrat\u00e9gica para o com\u00e9rcio global pode provocar problemas de abastecimento e escassez no longo prazo.<\/p>\n<\/div>\n<\/div>\n<\/li>\n<\/ul>\n<\/div>\n<\/details>\n<\/div>\n<\/div>\n<div class=\"mc-article-body\">\n<article>\n<div id=\"chunk-fe8ue\">\n<div class=\"row medium-uncollapsed content-media content-photo\" data-block-type=\"backstage-photo\" data-block-id=\"2\">\n<div class=\" mc-column  content-media__container\">\n<div class=\"content-media-container glb-skeleton-box\">\n<figure class=\"content-media-figure\"><img decoding=\"async\" class=\"i-amphtml-fill-content i-amphtml-replaced-content\" src=\"https:\/\/s2-g1.glbimg.com\/ULC0WI7AWfp653tvQoyTQ-I80J4=\/0x0:4104x3078\/984x0\/smart\/filters:strip_icc()\/i.s3.glbimg.com\/v1\/AUTH_59edd422c0c84a879bd37670ae4f538a\/internal_photos\/bs\/2026\/c\/S\/7EA2ZURNaEgY0VhCuACg\/1-permian-methane-von-pless-gas-flaring-photo-hi-rez-16.jpg\" sizes=\"(max-width: 1600px) 648px, 100vw\" srcset=\"https:\/\/s2-g1.glbimg.com\/2mDkYD-PIGqpvb7uzLX7K_YZd1w=\/0x0:4104x3078\/1000x0\/smart\/filters:strip_icc()\/i.s3.glbimg.com\/v1\/AUTH_59edd422c0c84a879bd37670ae4f538a\/internal_photos\/bs\/2026\/c\/S\/7EA2ZURNaEgY0VhCuACg\/1-permian-methane-von-pless-gas-flaring-photo-hi-rez-16.jpg 1000w, https:\/\/s2-g1.glbimg.com\/ULC0WI7AWfp653tvQoyTQ-I80J4=\/0x0:4104x3078\/984x0\/smart\/filters:strip_icc()\/i.s3.glbimg.com\/v1\/AUTH_59edd422c0c84a879bd37670ae4f538a\/internal_photos\/bs\/2026\/c\/S\/7EA2ZURNaEgY0VhCuACg\/1-permian-methane-von-pless-gas-flaring-photo-hi-rez-16.jpg 984w, https:\/\/s2-g1.glbimg.com\/8cMBqIViI88ILF1t51y8G5JmTr4=\/0x0:4104x3078\/640x0\/smart\/filters:strip_icc()\/i.s3.glbimg.com\/v1\/AUTH_59edd422c0c84a879bd37670ae4f538a\/internal_photos\/bs\/2026\/c\/S\/7EA2ZURNaEgY0VhCuACg\/1-permian-methane-von-pless-gas-flaring-photo-hi-rez-16.jpg 640w, https:\/\/s2-g1.glbimg.com\/BXvjKxacPXieTqaPHmnId3dO8Ls=\/0x0:4104x3078\/600x0\/smart\/filters:strip_icc()\/i.s3.glbimg.com\/v1\/AUTH_59edd422c0c84a879bd37670ae4f538a\/internal_photos\/bs\/2026\/c\/S\/7EA2ZURNaEgY0VhCuACg\/1-permian-methane-von-pless-gas-flaring-photo-hi-rez-16.jpg 600w\" alt=\"Chefe da ag\u00eancia de energia faz alerta: mundo pode enfrentar a maior crise energ\u00e9tica da hist\u00f3ria \u2014 Foto: Leslie Von Pless\/NASA\" \/><\/figure>\n<\/div>\n<p class=\"content-media__description  \">Chefe da ag\u00eancia de energia faz alerta: mundo pode enfrentar a maior crise energ\u00e9tica da hist\u00f3ria \u2014 Foto: Leslie Von Pless\/NASA<\/p>\n<\/div>\n<\/div>\n<\/div>\n<div id=\"chunk-dkfcj\">\n<div class=\"mc-column content-text active-extra-styles \" data-block-type=\"unstyled\" data-block-weight=\"39\" data-block-id=\"3\">\n<p class=\" content-text__container \" data-track-category=\"Link no Texto\" data-track-links=\"\">O mundo enfrenta &#8220;a maior crise energ\u00e9tica de sua hist\u00f3ria&#8221;, provocada pela guerra no Oriente M\u00e9dio e pelos impactos no com\u00e9rcio de petr\u00f3leo e g\u00e1s, afirmou nesta quinta-feira (30) o diretor da Ag\u00eancia Internacional de Energia (AIE), Fatih Birol.<\/p>\n<\/div>\n<\/div>\n<div class=\"wall protected-content\">\n<div id=\"chunk-5mk3u\">\n<div class=\"mc-column content-text active-extra-styles \" data-block-type=\"unstyled\" data-block-weight=\"22\" data-block-id=\"5\">\n<p class=\" content-text__container \" data-track-category=\"Link no Texto\" data-track-links=\"\">Assim como na invas\u00e3o russa da Ucr\u00e2nia em 2022, o conflito no Oriente M\u00e9dio exp\u00f4s a forte depend\u00eancia global de combust\u00edveis f\u00f3sseis.<\/p>\n<\/div>\n<\/div>\n<div id=\"chunk-bqfhe\">\n<div class=\"mc-column content-text active-extra-styles \" data-block-type=\"unstyled\" data-block-weight=\"36\" data-block-id=\"7\">\n<p class=\" content-text__container \" data-track-category=\"Link no Texto\" data-track-links=\"\"><span class=\"highlight\">O fechamento do Estreito de Ormuz pelo Ir\u00e3 \u2014 por onde passava cerca de 20% do petr\u00f3leo e do g\u00e1s natural liquefeito do mundo \u2014\u00a0<\/span><a class=\"\" href=\"https:\/\/g1.globo.com\/economia\/noticia\/2026\/04\/29\/petroleo-sobe-com-oriente-medio-no-radar.ghtml\"><span class=\"highlight\">fez os pre\u00e7os dispararem para n\u00edveis n\u00e3o vistos h\u00e1 quatro anos<\/span><\/a><span class=\"highlight\">.<\/span><\/p>\n<\/div>\n<\/div>\n<div id=\"chunk-55h1v\">\n<div class=\"content-ads content-ads--reveal\" data-block-type=\"ads\" data-block-id=\"8\"><\/div>\n<\/div>\n<div id=\"chunk-5pnbt\">\n<div class=\"mc-column content-text active-extra-styles \" data-block-type=\"unstyled\" data-block-weight=\"24\" data-block-id=\"9\">\n<p class=\" content-text__container \" data-track-category=\"Link no Texto\" data-track-links=\"\">O petr\u00f3leo Brent chegou a\u00a0<strong>US$ 126 (R$ 629)<\/strong> nesta quinta-feira. Ao mesmo tempo, os Estados Unidos imp\u00f5em um bloqueio naval aos portos iranianos.<\/p>\n<\/div>\n<\/div>\n<div id=\"chunk-d29f7\">\n<div class=\"mc-column content-text active-extra-styles \" data-block-type=\"unstyled\" data-block-weight=\"20\" data-block-id=\"12\">\n<p class=\" content-text__container \" data-track-category=\"Link no Texto\" data-track-links=\"\">O fechamento prolongado dessa rota estrat\u00e9gica para o com\u00e9rcio global pode provocar problemas de abastecimento e escassez no longo prazo.<\/p>\n<\/div>\n<\/div>\n<div id=\"chunk-5c8lv\">\n<div class=\"mc-column content-text active-extra-styles \" data-block-type=\"unstyled\" data-block-weight=\"25\" data-block-id=\"13\">\n<p class=\" content-text__container \" data-track-category=\"Link no Texto\" data-track-links=\"\">Durante uma confer\u00eancia da AIE em Paris, onde fica sua sede, Birol afirmou que a alta dos pre\u00e7os est\u00e1 &#8220;colocando muita press\u00e3o sobre diversos pa\u00edses&#8221;.<\/p>\n<\/div>\n<\/div>\n<div id=\"chunk-6jkj9\">\n<div class=\"mc-column content-text active-extra-styles \" data-block-type=\"unstyled\" data-block-weight=\"31\" data-block-id=\"14\">\n<p class=\" content-text__container \" data-track-category=\"Link no Texto\" data-track-links=\"\">&#8220;O mundo enfrenta a maior crise energ\u00e9tica de sua hist\u00f3ria&#8221;, disse, durante o evento na capital francesa dedicado \u00e0s energias renov\u00e1veis. &#8220;Os mercados de petr\u00f3leo e g\u00e1s enfrentar\u00e3o grandes dificuldades&#8221;, acrescentou.<\/p>\n<\/div>\n<\/div>\n<div id=\"chunk-sdmv\">\n<div class=\"mc-column content-text active-extra-styles \" data-block-type=\"unstyled\" data-block-weight=\"27\" data-block-id=\"16\">\n<p class=\" content-text__container \" data-track-category=\"Link no Texto\" data-track-links=\"\">No mesmo evento, o presidente da c\u00fapula clim\u00e1tica COP31, que ser\u00e1 realizada na Turquia no fim do ano, Murat Kurum, defendeu &#8220;acelerar a transi\u00e7\u00e3o para energias limpas&#8221;.<\/p>\n<\/div>\n<\/div>\n<div id=\"chunk-bmnf2\">\n<div class=\"mc-column content-text active-extra-styles \" data-block-type=\"unstyled\" data-block-weight=\"32\" data-block-id=\"17\">\n<p class=\" content-text__container \" data-track-category=\"Link no Texto\" data-track-links=\"\">&#8220;Agora est\u00e1 claro que a economia mundial precisa mudar seu modelo energ\u00e9tico. O passo mais crucial \u00e9 acelerar a transi\u00e7\u00e3o para energias limpas&#8221;, afirmou Kurum, segundo tradu\u00e7\u00e3o de seu discurso em turco.<\/p>\n<p>Fonte: G1<\/p>\n<\/div>\n<\/div>\n<\/div>\n<\/article>\n<\/div>\n","protected":false},"excerpt":{"rendered":"<p>Chefe da ag\u00eancia de energia faz alerta: mundo pode enfrentar a maior crise energ\u00e9tica da hist\u00f3ria O fechamento do Estreito<\/p>\n","protected":false},"author":1,"featured_media":13933,"comment_status":"open","ping_status":"open","sticky":false,"template":"","format":"standard","meta":{"colormag_page_container_layout":"default_layout","colormag_page_sidebar_layout":"default_layout","footnotes":""},"categories":[91],"tags":[],"class_list":["post-13931","post","type-post","status-publish","format-standard","has-post-thumbnail","hentry","category-mundo"],"_links":{"self":[{"href":"http:\/\/metropoleemfoco.com.br\/index.php?rest_route=\/wp\/v2\/posts\/13931","targetHints":{"allow":["GET"]}}],"collection":[{"href":"http:\/\/metropoleemfoco.com.br\/index.php?rest_route=\/wp\/v2\/posts"}],"about":[{"href":"http:\/\/metropoleemfoco.com.br\/index.php?rest_route=\/wp\/v2\/types\/post"}],"author":[{"embeddable":true,"href":"http:\/\/metropoleemfoco.com.br\/index.php?rest_route=\/wp\/v2\/users\/1"}],"replies":[{"embeddable":true,"href":"http:\/\/metropoleemfoco.com.br\/index.php?rest_route=%2Fwp%2Fv2%2Fcomments&post=13931"}],"version-history":[{"count":1,"href":"http:\/\/metropoleemfoco.com.br\/index.php?rest_route=\/wp\/v2\/posts\/13931\/revisions"}],"predecessor-version":[{"id":13934,"href":"http:\/\/metropoleemfoco.com.br\/index.php?rest_route=\/wp\/v2\/posts\/13931\/revisions\/13934"}],"wp:featuredmedia":[{"embeddable":true,"href":"http:\/\/metropoleemfoco.com.br\/index.php?rest_route=\/wp\/v2\/media\/13933"}],"wp:attachment":[{"href":"http:\/\/metropoleemfoco.com.br\/index.php?rest_route=%2Fwp%2Fv2%2Fmedia&parent=13931"}],"wp:term":[{"taxonomy":"category","embeddable":true,"href":"http:\/\/metropoleemfoco.com.br\/index.php?rest_route=%2Fwp%2Fv2%2Fcategories&post=13931"},{"taxonomy":"post_tag","embeddable":true,"href":"http:\/\/metropoleemfoco.com.br\/index.php?rest_route=%2Fwp%2Fv2%2Ftags&post=13931"}],"curies":[{"name":"wp","href":"https:\/\/api.w.org\/{rel}","templated":true}]}}