{"id":13922,"date":"2026-04-29T06:00:44","date_gmt":"2026-04-29T09:00:44","guid":{"rendered":"http:\/\/metropoleemfoco.com.br\/?p=13922"},"modified":"2026-04-29T00:53:22","modified_gmt":"2026-04-29T03:53:22","slug":"13922","status":"publish","type":"post","link":"http:\/\/metropoleemfoco.com.br\/?p=13922","title":{"rendered":""},"content":{"rendered":"<section class=\"content--header\">\n<div class=\"row content-head featured \">\n<div class=\"title\">\n<h1 class=\"content-head__title\">Integrante do PCC foi autorizado a pousar helic\u00f3ptero no Pal\u00e1cio dos Bandeirantes, aponta investiga\u00e7\u00e3o<\/h1>\n<\/div>\n<div class=\"medium-centered subtitle\">\n<h2 class=\"content-head__subtitle\">A Pol\u00edcia Civil de S\u00e3o Paulo investiga uma suspeita de infiltra\u00e7\u00e3o da fac\u00e7\u00e3o em prefeituras do estado.<\/h2>\n<\/div>\n<\/div>\n<div class=\"content__signa-share\">\n<div class=\"content__signature\">\n<div class=\"content-publication-data\">\n<div class=\"content-publication-data__text\">\n<div class=\"content-publication-data__from\">Por\u00a0<\/p>\n<address>Luiz Delboni<\/address>\n<p>\u00a0\u2014 S\u00e3o Paulo<\/p><\/div>\n<\/div>\n<\/div>\n<\/div>\n<\/div>\n<div class=\"row medium-uncollapsed content-top-image\" data-block-type=\"featured-image\" data-block-id=\"0\">\n<div class=\"column medium-centered medium-22 large-20 desktop \">\n<figure class=\"content-featured-figure\">\n<div id=\"standard_1\" class=\"st-placement standard_1 inImage\">\n<div class=\"st-adunit st-adunit-tagged st-reset st-show\">\n<div class=\"st-adunit-ad st-reset\">\n<div class=\"st-display-render st-reset open 970x250\">\n<div class=\"st-canvas st-reset horizontal-static\"><\/div>\n<\/div>\n<\/div>\n<\/div>\n<\/div>\n<p><img loading=\"lazy\" decoding=\"async\" class=\"content-featured-image\" src=\"https:\/\/s2-cbn.glbimg.com\/4Ruc3qDX2Y6RENFFT26xL56rf7w=\/0x0:1500x844\/888x0\/smart\/filters:strip_icc()\/i.s3.glbimg.com\/v1\/AUTH_d975fad146a14bbfad9e763717b09688\/internal_photos\/bs\/2025\/B\/5\/lAUBoHQzm5BFSPUvyljg\/palacio.jpeg\" alt=\"Pal\u00e1cio dos Bandeirantes, sede do governo de S\u00e3o Paulo.\" width=\"1500\" height=\"844\" \/><figcaption class=\"content-featured-caption\">Pal\u00e1cio dos Bandeirantes, sede do governo de S\u00e3o Paulo. \u2014 Foto: Divulga\u00e7\u00e3o<\/figcaption><\/figure>\n<\/div>\n<\/div>\n<\/section>\n<div id=\"mc-article-body\" class=\"mc-article-body \">\n<article>\n<div class=\"no-paywall\">\n<div id=\"container-43941a36-42f2-11f1-8a3c-c375f582a3ba\" class=\"container jw-container multicontent-podcast-player\" data-title=\"Integrante do PCC teria sido autorizado a pousar helic\u00f3ptero no Pal\u00e1cio dos Bandeirantes, aponta investiga\u00e7\u00e3o\" data-audio-id=\"43941a36-42f2-11f1-8a3c-c375f582a3ba\" data-audio-url=\"https:\/\/traffic.megaphone.fm\/GLOBO9238937454.mp3\" data-tenant=\"cbn\"><a class=\"thumb\" href=\"https:\/\/cbn.globo.com\/podcasts\/jornal-da-cbn\/\" target=\"_blank\" rel=\"noopener\"><img decoding=\"async\" src=\"https:\/\/megaphone.imgix.net\/podcasts\/9c0521b8-4539-11f0-8b78-bb1e290ec9a3\/image\/c1de9c1c4e372e23406991efad61d185.png?ixlib=rails-4.3.1&amp;max-w=108&amp;max-h=108&amp;fit=crop&amp;auto=format,compress\" alt=\"Capa do audio - Jornal da CBN\" \/><\/a><\/p>\n<div id=\"player-43941a36-42f2-11f1-8a3c-c375f582a3ba\" class=\"jwplayer jw-reset jw-state-idle jw-stretch-uniform jw-flag-audio-player jw-skin-default jw-breakpoint-2 jw-floating-dismissible jw-flag-media-audio jw-flag-user-inactive\" tabindex=\"0\" role=\"application\" aria-label=\"Video Player - Integrante do PCC teria sido autorizado a pousar helic\u00f3ptero no Pal\u00e1cio dos Bandeirantes, aponta investiga\u00e7\u00e3o\" aria-describedby=\"jw-player-43941a36-42f2-11f1-8a3c-c375f582a3ba-shortcuts-tooltip-explanation\">\n<div class=\"jw-wrapper jw-reset\">\n<div>\n<div>\n<div><\/div>\n<\/div>\n<\/div>\n<div class=\"jw-controls-backdrop jw-reset\"><\/div>\n<div class=\"jw-title jw-reset-text\" dir=\"auto\">\n<div class=\"jw-title-primary jw-reset-text\">Integrante do PCC teria sido autorizado a pousar helic\u00f3ptero no Pal\u00e1cio dos Bandeirantes, aponta investiga\u00e7\u00e3o<\/div>\n<\/div>\n<\/div>\n<\/div>\n<\/div>\n<div class=\"mc-column content-text active-extra-styles \" data-block-type=\"unstyled\" data-block-weight=\"60\" data-block-id=\"2\">\n<p class=\" content-text__container \" data-track-category=\"Link no Texto\" data-track-links=\"\" data-mrf-recirculation=\"Link artigo\">A Pol\u00edcia Civil de S\u00e3o Paulo investiga uma suspeita de infiltra\u00e7\u00e3o do PCC em prefeituras do estado. A apura\u00e7\u00e3o ganhou novos desdobramentos ap\u00f3s a an\u00e1lise de celulares apreendidos que revelou que um integrante da fac\u00e7\u00e3o recebeu autoriza\u00e7\u00e3o para pousar um helic\u00f3ptero no heliponto do Pal\u00e1cio dos Bandeirantes, em mar\u00e7o de 2022, para assistir a uma partida no est\u00e1dio do Morumbis.<\/p>\n<\/div>\n<div class=\"wall protected-content\">\n<div class=\"mc-column content-text active-extra-styles \" data-block-type=\"unstyled\" data-block-weight=\"62\" data-block-id=\"3\">\n<p class=\" content-text__container \" data-track-category=\"Link no Texto\" data-track-links=\"\" data-mrf-recirculation=\"Link artigo\">Seis pessoas foram presas nesta semana durante a opera\u00e7\u00e3o, que teve como alvo o chamado &#8220;n\u00facleo pol\u00edtico&#8221; da fac\u00e7\u00e3o. Entre os investigados est\u00e1 o ex-vereador de Santo Andr\u00e9, Thiago Rocha de Paula, do PSD, apontado como articulador do esquema. O grupo teria atuado para lavar dinheiro do tr\u00e1fico por meio da infiltra\u00e7\u00e3o em prefeituras da Grande S\u00e3o Paulo e tamb\u00e9m do interior.<\/p>\n<\/div>\n<div class=\"mc-column content-text active-extra-styles \" data-block-type=\"unstyled\" data-block-weight=\"30\" data-block-id=\"4\">\n<p class=\" content-text__container \" data-track-category=\"Link no Texto\" data-track-links=\"\" data-mrf-recirculation=\"Link artigo\">Ao todo, mais de R$ 500 milh\u00f5es foram bloqueados pela Justi\u00e7a. Tamb\u00e9m foram cumpridos 22 mandados de busca e apreens\u00e3o em S\u00e3o Paulo, Goi\u00e1s, Paran\u00e1 e no Distrito Federal.<\/p>\n<\/div>\n<div class=\"mc-column content-text active-extra-styles \" data-block-type=\"unstyled\" data-block-weight=\"32\" data-block-id=\"5\">\n<p class=\" content-text__container \" data-track-category=\"Link no Texto\" data-track-links=\"\" data-mrf-recirculation=\"Link artigo\">Segundo a Secretaria de Seguran\u00e7a P\u00fablica, a quadrilha criou um &#8220;n\u00facleo pol\u00edtico&#8221; para acessar recursos p\u00fablicos e tentar influenciar elei\u00e7\u00f5es, com apoio ou financiamento de candidaturas alinhadas aos interesses da organiza\u00e7\u00e3o criminosa.<\/p>\n<\/div>\n<div class=\"mc-column content-text active-extra-styles \" data-block-type=\"unstyled\" data-block-weight=\"54\" data-block-id=\"6\">\n<p class=\" content-text__container \" data-track-category=\"Link no Texto\" data-track-links=\"\" data-mrf-recirculation=\"Link artigo\">A investiga\u00e7\u00e3o tamb\u00e9m aponta a tentativa de inserir prefeituras em uma fintech ligada ao grupo, a 4T Bank, com sede em Mogi das Cruzes. A empresa atuaria na gest\u00e3o de receitas municipais, como a emiss\u00e3o de boletos e o recebimento de tributos. O delegado Fabr\u00edcio Intelizano, respons\u00e1vel pelo caso, explicou como funcionava o esquema.<\/p>\n<\/div>\n<div class=\"mc-column content-text active-extra-styles\" data-block-type=\"raw\" data-block-weight=\"51\" data-block-id=\"7\">\n<blockquote class=\"content-blockquote theme-border-color-primary-before\"><p>&#8220;Recebimento de tributos de programas a\u00ed da receita, como, por exemplo, a fun\u00e7\u00e3o de mata fiscal a\u00ed premiada, eles queriam explorar esse mecanismo para poder fazer o dinheiro que eles inseriam no mercado financeiro atrav\u00e9s da Fintech, fazer esse dinheiro circular e tentar limpar esse dinheiro na extens\u00e3o dessas tratativas a\u00ed.&#8221;<\/p><\/blockquote>\n<\/div>\n<div class=\"mc-column content-text active-extra-styles \" data-block-type=\"unstyled\" data-block-weight=\"59\" data-block-id=\"8\">\n<p class=\" content-text__container \" data-track-category=\"Link no Texto\" data-track-links=\"\" data-mrf-recirculation=\"Link artigo\">A a\u00e7\u00e3o desta segunda teve o nome de Contaminatio e \u00e9 um desdobramento da Opera\u00e7\u00e3o Decurio, realizada em agosto de 2024 e que bloqueou oito bilh\u00f5es de reais de contas de pessoas e empresas suspeitas de liga\u00e7\u00e3o com o Primeiro Comando da Capital. \u00c0 \u00e9poca, foram apreendidos dispositivos eletr\u00f4nicos que revelaram um complexo sistema de movimenta\u00e7\u00e3o financeira il\u00edcita.<\/p>\n<\/div>\n<div class=\"mc-column content-text active-extra-styles \" data-block-type=\"unstyled\" data-block-weight=\"33\" data-block-id=\"9\">\n<p class=\" content-text__container \" data-track-category=\"Link no Texto\" data-track-links=\"\" data-mrf-recirculation=\"Link artigo\">Procurado, o governo do Estado n\u00e3o se manifestou. Em nota, a C\u00e2mara de Santo Andr\u00e9 afirmou que Tiago Rocha de Paula permaneceu poucos dias no cargo e n\u00e3o participou de processos de contrata\u00e7\u00e3o.<\/p>\n<p>Fonte: CBN<\/p>\n<\/div>\n<\/div>\n<\/div>\n<\/article>\n<\/div>\n","protected":false},"excerpt":{"rendered":"<p>Integrante do PCC foi autorizado a pousar helic\u00f3ptero no Pal\u00e1cio dos Bandeirantes, aponta investiga\u00e7\u00e3o A Pol\u00edcia Civil de S\u00e3o Paulo<\/p>\n","protected":false},"author":1,"featured_media":13928,"comment_status":"open","ping_status":"open","sticky":false,"template":"","format":"standard","meta":{"colormag_page_container_layout":"default_layout","colormag_page_sidebar_layout":"default_layout","footnotes":""},"categories":[99],"tags":[],"class_list":["post-13922","post","type-post","status-publish","format-standard","has-post-thumbnail","hentry","category-sp"],"_links":{"self":[{"href":"http:\/\/metropoleemfoco.com.br\/index.php?rest_route=\/wp\/v2\/posts\/13922","targetHints":{"allow":["GET"]}}],"collection":[{"href":"http:\/\/metropoleemfoco.com.br\/index.php?rest_route=\/wp\/v2\/posts"}],"about":[{"href":"http:\/\/metropoleemfoco.com.br\/index.php?rest_route=\/wp\/v2\/types\/post"}],"author":[{"embeddable":true,"href":"http:\/\/metropoleemfoco.com.br\/index.php?rest_route=\/wp\/v2\/users\/1"}],"replies":[{"embeddable":true,"href":"http:\/\/metropoleemfoco.com.br\/index.php?rest_route=%2Fwp%2Fv2%2Fcomments&post=13922"}],"version-history":[{"count":1,"href":"http:\/\/metropoleemfoco.com.br\/index.php?rest_route=\/wp\/v2\/posts\/13922\/revisions"}],"predecessor-version":[{"id":13929,"href":"http:\/\/metropoleemfoco.com.br\/index.php?rest_route=\/wp\/v2\/posts\/13922\/revisions\/13929"}],"wp:featuredmedia":[{"embeddable":true,"href":"http:\/\/metropoleemfoco.com.br\/index.php?rest_route=\/wp\/v2\/media\/13928"}],"wp:attachment":[{"href":"http:\/\/metropoleemfoco.com.br\/index.php?rest_route=%2Fwp%2Fv2%2Fmedia&parent=13922"}],"wp:term":[{"taxonomy":"category","embeddable":true,"href":"http:\/\/metropoleemfoco.com.br\/index.php?rest_route=%2Fwp%2Fv2%2Fcategories&post=13922"},{"taxonomy":"post_tag","embeddable":true,"href":"http:\/\/metropoleemfoco.com.br\/index.php?rest_route=%2Fwp%2Fv2%2Ftags&post=13922"}],"curies":[{"name":"wp","href":"https:\/\/api.w.org\/{rel}","templated":true}]}}