{"id":13920,"date":"2026-04-29T06:00:42","date_gmt":"2026-04-29T09:00:42","guid":{"rendered":"http:\/\/metropoleemfoco.com.br\/?p=13920"},"modified":"2026-04-29T00:47:44","modified_gmt":"2026-04-29T03:47:44","slug":"13920","status":"publish","type":"post","link":"http:\/\/metropoleemfoco.com.br\/?p=13920","title":{"rendered":""},"content":{"rendered":"<div class=\"mc-article-header\">\n<div class=\"row content-head mc-column non-featured \">\n<div class=\"title\" data-block-type=\"title\" data-block-id=\"0\">\n<h1 class=\"content-head__title\">Marquinhos exalta joga\u00e7o entre PSG x Bayern: &#8220;Os apaixonados por futebol curtiram muito&#8221;<\/h1>\n<\/div>\n<div class=\"medium-centered subtitle\">\n<h2 class=\"content-head__subtitle\">Time franc\u00eas vence duelo de novo gols na partida de ida da semifinal da Champions League<\/h2>\n<\/div>\n<\/div>\n<div class=\"content__signa-share mc-column\">\n<div class=\"content__signature\">\n<div class=\"content-publication-data\">\n<div class=\"content-publication-data__text\">\n<p class=\"content-publication-data__from\" title=\"Reda\u00e7\u00e3o do ge\">Por Reda\u00e7\u00e3o do ge\u00a0\u2014 Paris<\/p>\n<\/div>\n<\/div>\n<\/div>\n<\/div>\n<div class=\"glb-share-bar content__share-bar\">\n<div class=\"glb-share-bar_icons\">\n<div class=\"glb-share-bar_button-img\"><\/div>\n<div class=\"glb-share-bar_button-img\"><\/div>\n<div class=\"glb-share-bar_button-img\"><\/div>\n<\/div>\n<\/div>\n<hr class=\"content__divider \" \/>\n<\/div>\n<div class=\"mc-article-body\">\n<article>\n<div id=\"chunk-f80ig\">\n<div class=\"cxm-block-video content-media mc-column \" data-block-type=\"backstage-video\" data-block-id=\"1\">\n<div class=\"cxm-block-video__container \">\n<div class=\"cxm-block-video__player-fixer\">\n<article class=\"cxm-block-video__player-wrapper\">\n<section class=\"cxm-block-video__player\">\n<div class=\"cxm-block-video__placeholder\" data-video-id=\"14566670\"><img decoding=\"async\" class=\"cxm-block-video__thumb\" title=\"PSG 5 x 4 Bayern de Munique | Melhores Momentos | Semifinal | Champions League 2025\/26\" src=\"https:\/\/s03.video.glbimg.com\/x240\/14566670.jpg\" alt=\"PSG 5 x 4 Bayern de Munique | Melhores Momentos | Semifinal | Champions League 2025\/26\" \/><\/div>\n<\/section>\n<\/article>\n<\/div>\n<div class=\"cxm-block-video__caption-container\">\n<p class=\"codex-caption codex-caption--small\">PSG 5 x 4 Bayern de Munique | Melhores Momentos | Semifinal | Champions League 2025\/26<\/p>\n<\/div>\n<\/div>\n<\/div>\n<\/div>\n<div id=\"chunk-7r9sj\">\n<div class=\"mc-column content-text active-extra-styles \" data-block-type=\"unstyled\" data-block-weight=\"68\" data-block-id=\"2\">\n<p class=\" content-text__container \" data-track-category=\"Link no Texto\" data-track-links=\"\" data-mrf-recirculation=\"Artigo - Link no Texto\">No jogo em que igualou Roberto Carlos como o brasileiro com mais participa\u00e7\u00f5es na Liga dos Campe\u00f5es da Uefa (120 partidas), o zagueiro Marquinhos, do Paris Saint-Germain, recebeu de presente de companheiros e advers\u00e1rios um duelo de alto n\u00edvel no Parque dos Pr\u00edncipes. Para o capit\u00e3o do time franc\u00eas,\u00a0<a class=\"\" href=\"https:\/\/ge.globo.com\/futebol\/futebol-internacional\/liga-dos-campeoes\/jogo\/28-04-2026\/parissaintgermain-bayerndemunique.ghtml\" data-mrf-link=\"https:\/\/ge.globo.com\/futebol\/futebol-internacional\/liga-dos-campeoes\/jogo\/28-04-2026\/parissaintgermain-bayerndemunique.ghtml\"><strong>a vit\u00f3ria por 5 a 4<\/strong><\/a>\u00a0\u00e9 daqueles jogos que povoam o imagin\u00e1rio de f\u00e3s e tamb\u00e9m de jogadores.<\/p>\n<\/div>\n<\/div>\n<div class=\"wall protected-content\">\n<div id=\"chunk-6j3b5\">\n<div class=\"mc-column content-text active-extra-styles \" data-block-type=\"unstyled\" data-block-weight=\"56\" data-block-id=\"4\">\n<p class=\" content-text__container \" data-track-category=\"Link no Texto\" data-track-links=\"\" data-mrf-recirculation=\"Artigo - Link no Texto\">&#8211; \u00c9 o tipo de jogo para o qual a gente se prepara sempre, sonha desde pequeno jogar, s\u00e3o partidas como essa de Champions que a gente via na televis\u00e3o quando era pequeno e hoje a gente est\u00e1 desfrutando dentro de campo &#8211; comentou o brasileiro em entrevista \u00e0 &#8220;TNT Sports&#8221; ap\u00f3s a vit\u00f3ria desta ter\u00e7a.<\/p>\n<\/div>\n<\/div>\n<div id=\"chunk-6nmra\">\n<div class=\"mc-column content-text active-extra-styles \" data-block-type=\"unstyled\" data-block-weight=\"37\" data-block-id=\"6\">\n<p class=\" content-text__container \" data-track-category=\"Link no Texto\" data-track-links=\"\" data-mrf-recirculation=\"Artigo - Link no Texto\">&#8211; Com certeza todos os apaixonados por futebol curtiram muito esse jogo e podem ter certeza que o pr\u00f3ximo jogo eles v\u00e3o curtir muito tamb\u00e9m &#8211; completou, referindo-se ao duelo de volta na pr\u00f3xima quarta, em Munique.<\/p>\n<\/div>\n<\/div>\n<div id=\"chunk-fd4i5\">\n<div class=\"row medium-uncollapsed content-media content-photo\" data-block-type=\"backstage-photo\" data-block-id=\"7\">\n<div class=\" mc-column  content-media__container\">\n<div class=\"content-media-container glb-skeleton-box\">\n<figure class=\"content-media-figure\"><img decoding=\"async\" class=\"i-amphtml-fill-content i-amphtml-replaced-content\" src=\"https:\/\/s2-ge.glbimg.com\/OCxUkcuoLRY62jt_VEEIGqZxYaw=\/0x0:4737x3216\/984x0\/smart\/filters:strip_icc()\/i.s3.glbimg.com\/v1\/AUTH_bc8228b6673f488aa253bbcb03c80ec5\/internal_photos\/bs\/2026\/B\/f\/yjJqkEQwKiJCOCi901dA\/2026-04-28t194046z-788942180-up1em4s1inw94-rtrmadp-3-soccer-champions-psg-fcb.jpg\" sizes=\"(max-width: 1600px) 648px, 100vw\" srcset=\"https:\/\/s2-ge.glbimg.com\/BfCFQbGyu_S3AzRKGlvz-L-ICFQ=\/0x0:4737x3216\/1000x0\/smart\/filters:strip_icc()\/i.s3.glbimg.com\/v1\/AUTH_bc8228b6673f488aa253bbcb03c80ec5\/internal_photos\/bs\/2026\/B\/f\/yjJqkEQwKiJCOCi901dA\/2026-04-28t194046z-788942180-up1em4s1inw94-rtrmadp-3-soccer-champions-psg-fcb.jpg 1000w, https:\/\/s2-ge.glbimg.com\/OCxUkcuoLRY62jt_VEEIGqZxYaw=\/0x0:4737x3216\/984x0\/smart\/filters:strip_icc()\/i.s3.glbimg.com\/v1\/AUTH_bc8228b6673f488aa253bbcb03c80ec5\/internal_photos\/bs\/2026\/B\/f\/yjJqkEQwKiJCOCi901dA\/2026-04-28t194046z-788942180-up1em4s1inw94-rtrmadp-3-soccer-champions-psg-fcb.jpg 984w, https:\/\/s2-ge.glbimg.com\/sNNeLzx0BZSP4Z-OUNym5EO8ypQ=\/0x0:4737x3216\/640x0\/smart\/filters:strip_icc()\/i.s3.glbimg.com\/v1\/AUTH_bc8228b6673f488aa253bbcb03c80ec5\/internal_photos\/bs\/2026\/B\/f\/yjJqkEQwKiJCOCi901dA\/2026-04-28t194046z-788942180-up1em4s1inw94-rtrmadp-3-soccer-champions-psg-fcb.jpg 640w, https:\/\/s2-ge.glbimg.com\/RWMiSo0Z_Ppy3935ieS_eOTJuXs=\/0x0:4737x3216\/600x0\/smart\/filters:strip_icc()\/i.s3.glbimg.com\/v1\/AUTH_bc8228b6673f488aa253bbcb03c80ec5\/internal_photos\/bs\/2026\/B\/f\/yjJqkEQwKiJCOCi901dA\/2026-04-28t194046z-788942180-up1em4s1inw94-rtrmadp-3-soccer-champions-psg-fcb.jpg 600w\" alt=\"Marquinhos duela com Luis D\u00edaz em PSG x Bayern de Munique \u2014 Foto: REUTERS\/Stephanie Lecocq\" \/><\/figure>\n<\/div>\n<p class=\"content-media__description  \">Marquinhos duela com Luis D\u00edaz em PSG x Bayern de Munique \u2014 Foto: REUTERS\/Stephanie Lecocq<\/p>\n<\/div>\n<\/div>\n<\/div>\n<div id=\"chunk-4vdnm\">\n<div class=\"mc-column content-text active-extra-styles \" data-block-type=\"unstyled\" data-block-weight=\"11\" data-block-id=\"8\">\n<p class=\" content-text__container \" data-track-category=\"Link no Texto\" data-track-links=\"\" data-mrf-recirculation=\"Artigo - Link no Texto\"><strong>Lu\u00eds Enrique: &#8220;Melhor partida em que eu j\u00e1 estive como treinador&#8221;<\/strong><\/p>\n<\/div>\n<\/div>\n<div id=\"chunk-99gef\">\n<div class=\"mc-column content-text active-extra-styles \" data-block-type=\"unstyled\" data-block-weight=\"14\" data-block-id=\"9\">\n<p class=\" content-text__container \" data-track-category=\"Link no Texto\" data-track-links=\"\" data-mrf-recirculation=\"Artigo - Link no Texto\">T\u00e9cnico do PSG, o espanhol Lu\u00eds Enrique tamb\u00e9m exaltou a exibi\u00e7\u00e3o dos dois times:<\/p>\n<\/div>\n<\/div>\n<div id=\"chunk-bln4o\">\n<div class=\"mc-column content-text active-extra-styles \" data-block-type=\"unstyled\" data-block-weight=\"68\" data-block-id=\"10\">\n<p class=\" content-text__container \" data-track-category=\"Link no Texto\" data-track-links=\"\" data-mrf-recirculation=\"Artigo - Link no Texto\">&#8211; Foi a melhor partida em que eu j\u00e1 estive como treinador, sem d\u00favida. Temos que felicitar a todos, demonstramos o tipo de equipe que somos. Nunca tinha visto um jogo com essa intensidade e esta vontade de ganhar, os torcedores dos dois lados t\u00eam que estar contentes com esse espet\u00e1culo &#8211; afirmou o t\u00e9cnico do PSG, brincando com as varia\u00e7\u00f5es de dom\u00ednio do jogo pelas duas equipes.<\/p>\n<\/div>\n<\/div>\n<div id=\"chunk-cvttr\">\n<div class=\"mc-column content-text active-extra-styles \" data-block-type=\"unstyled\" data-block-weight=\"10\" data-block-id=\"12\">\n<p class=\" content-text__container \" data-track-category=\"Link no Texto\" data-track-links=\"\" data-mrf-recirculation=\"Artigo - Link no Texto\">&#8211; Merecemos ganhar, empatar e perder. Foi um encontro fant\u00e1stico.<\/p>\n<\/div>\n<\/div>\n<div id=\"chunk-45sv7\">\n<div class=\"row medium-uncollapsed content-media content-photo\" data-block-type=\"backstage-photo\" data-block-id=\"13\">\n<div class=\" mc-column  content-media__container\">\n<div class=\"content-media-container glb-skeleton-box\">\n<figure class=\"content-media-figure\"><img decoding=\"async\" class=\"i-amphtml-fill-content i-amphtml-replaced-content\" src=\"https:\/\/s2-ge.glbimg.com\/2KiPfbphIqQjQ8RipA3mmnEDQUo=\/0x0:2862x1713\/984x0\/smart\/filters:strip_icc()\/i.s3.glbimg.com\/v1\/AUTH_bc8228b6673f488aa253bbcb03c80ec5\/internal_photos\/bs\/2026\/B\/2\/Thda5dRPWa5nOSD4XZPQ\/2026-04-28t195305z-1777942262-up1em4s1j8fa5-rtrmadp-3-soccer-champions-psg-fcb.jpg\" sizes=\"(max-width: 1600px) 648px, 100vw\" srcset=\"https:\/\/s2-ge.glbimg.com\/JAe3ufsIydQXSMkpnHyo-PWvo_k=\/0x0:2862x1713\/1000x0\/smart\/filters:strip_icc()\/i.s3.glbimg.com\/v1\/AUTH_bc8228b6673f488aa253bbcb03c80ec5\/internal_photos\/bs\/2026\/B\/2\/Thda5dRPWa5nOSD4XZPQ\/2026-04-28t195305z-1777942262-up1em4s1j8fa5-rtrmadp-3-soccer-champions-psg-fcb.jpg 1000w, https:\/\/s2-ge.glbimg.com\/2KiPfbphIqQjQ8RipA3mmnEDQUo=\/0x0:2862x1713\/984x0\/smart\/filters:strip_icc()\/i.s3.glbimg.com\/v1\/AUTH_bc8228b6673f488aa253bbcb03c80ec5\/internal_photos\/bs\/2026\/B\/2\/Thda5dRPWa5nOSD4XZPQ\/2026-04-28t195305z-1777942262-up1em4s1j8fa5-rtrmadp-3-soccer-champions-psg-fcb.jpg 984w, https:\/\/s2-ge.glbimg.com\/oKduBznJz5-0cVqaVQHPHPLb-Zk=\/0x0:2862x1713\/640x0\/smart\/filters:strip_icc()\/i.s3.glbimg.com\/v1\/AUTH_bc8228b6673f488aa253bbcb03c80ec5\/internal_photos\/bs\/2026\/B\/2\/Thda5dRPWa5nOSD4XZPQ\/2026-04-28t195305z-1777942262-up1em4s1j8fa5-rtrmadp-3-soccer-champions-psg-fcb.jpg 640w, https:\/\/s2-ge.glbimg.com\/EYAEQDaDcsefJddqTm4EovOcf5A=\/0x0:2862x1713\/600x0\/smart\/filters:strip_icc()\/i.s3.glbimg.com\/v1\/AUTH_bc8228b6673f488aa253bbcb03c80ec5\/internal_photos\/bs\/2026\/B\/2\/Thda5dRPWa5nOSD4XZPQ\/2026-04-28t195305z-1777942262-up1em4s1j8fa5-rtrmadp-3-soccer-champions-psg-fcb.jpg 600w\" alt=\"Ousmane Demb\u00e9l\u00e9 marca o terceiro gol do PSG contra o Bayern de Munique na semifinal da Champions \u2014 Foto: REUTERS\/Gonzalo Fuentes\" \/><\/figure>\n<\/div>\n<p class=\"content-media__description  \">Ousmane Demb\u00e9l\u00e9 marca o terceiro gol do PSG contra o Bayern de Munique na semifinal da Champions \u2014 Foto: REUTERS\/Gonzalo Fuentes<\/p>\n<\/div>\n<\/div>\n<\/div>\n<div id=\"chunk-end10\">\n<div class=\"mc-column content-text active-extra-styles \" data-block-type=\"unstyled\" data-block-weight=\"5\" data-block-id=\"14\">\n<p class=\" content-text__container \" data-track-category=\"Link no Texto\" data-track-links=\"\" data-mrf-recirculation=\"Artigo - Link no Texto\"><strong>Demb\u00e9l\u00e9: &#8220;Foi um jogo incr\u00edvel&#8221;<\/strong><\/p>\n<\/div>\n<\/div>\n<div id=\"chunk-fssn0\">\n<div class=\"mc-column content-text active-extra-styles \" data-block-type=\"unstyled\" data-block-weight=\"27\" data-block-id=\"15\">\n<p class=\" content-text__container \" data-track-category=\"Link no Texto\" data-track-links=\"\" data-mrf-recirculation=\"Artigo - Link no Texto\">Em entrevista ao Canal+ da Fran\u00e7a, o atacante Ousmane Demb\u00e9l\u00e9, autor de dois gols do PSG na partida, tamb\u00e9m previu outro grande confronto na casa do Bayern.<\/p>\n<\/div>\n<\/div>\n<div id=\"chunk-5gqmd\">\n<div class=\"mc-column content-text active-extra-styles \" data-block-type=\"unstyled\" data-block-weight=\"28\" data-block-id=\"16\">\n<p class=\" content-text__container \" data-track-category=\"Link no Texto\" data-track-links=\"\" data-mrf-recirculation=\"Artigo - Link no Texto\">&#8211; Somos dois times que querem atacar, n\u00e3o mudamos nossa filosofia. Queremos atacar, eles tamb\u00e9m, ent\u00e3o acho que um grande jogo est\u00e1 por vir &#8211; disse o franc\u00eas.<\/p>\n<\/div>\n<\/div>\n<div id=\"chunk-8i3n9\">\n<div class=\"mc-column content-text active-extra-styles \" data-block-type=\"unstyled\" data-block-weight=\"47\" data-block-id=\"17\">\n<p class=\" content-text__container \" data-track-category=\"Link no Texto\" data-track-links=\"\" data-mrf-recirculation=\"Artigo - Link no Texto\">No Parque dos Pr\u00edncipes, o Bayern saiu na frente, mas o PSG conseguiu se recuperar e ir para o intervalo vencendo por 3 a 2. No in\u00edcio do segundo tempo, conseguiu marcar mais duas vezes, e a\u00ed foi a vez do Bayern reagir e encostar no placar.<\/p>\n<\/div>\n<\/div>\n<div data-track-category=\"multicontent\" data-track-action=\"multicontent\" data-track-noninteraction=\"false\" data-track-scroll=\"ultimo chunk conteudo\" data-track-value=\"view\" data-mrf-recirculation=\"Artigo - Multicontent\">\n<div id=\"chunk-ppoe\">\n<div class=\"mc-column content-text active-extra-styles \" data-block-type=\"unstyled\" data-block-weight=\"42\" data-block-id=\"19\">\n<p class=\" content-text__container \" data-track-category=\"Link no Texto\" data-track-links=\"\" data-mrf-recirculation=\"Artigo - Link no Texto\">&#8211; Estamos contentes com o resultado, apesar de termos aberto 5 a 2. Paramos um pouco de jogar no fim. Bayern \u00e9 uma grande equipe. Foi um jogo incr\u00edvel, e agora vamos para o Munique para tentar a classifica\u00e7\u00e3o para a final.<\/p>\n<p>Fonte: Ge<\/p>\n<\/div>\n<\/div>\n<\/div>\n<\/div>\n<\/article>\n<\/div>\n","protected":false},"excerpt":{"rendered":"<p>Marquinhos exalta joga\u00e7o entre PSG x Bayern: &#8220;Os apaixonados por futebol curtiram muito&#8221; Time franc\u00eas vence duelo de novo gols<\/p>\n","protected":false},"author":1,"featured_media":13924,"comment_status":"open","ping_status":"open","sticky":false,"template":"","format":"standard","meta":{"colormag_page_container_layout":"default_layout","colormag_page_sidebar_layout":"default_layout","footnotes":""},"categories":[102],"tags":[],"class_list":["post-13920","post","type-post","status-publish","format-standard","has-post-thumbnail","hentry","category-esportes"],"_links":{"self":[{"href":"http:\/\/metropoleemfoco.com.br\/index.php?rest_route=\/wp\/v2\/posts\/13920","targetHints":{"allow":["GET"]}}],"collection":[{"href":"http:\/\/metropoleemfoco.com.br\/index.php?rest_route=\/wp\/v2\/posts"}],"about":[{"href":"http:\/\/metropoleemfoco.com.br\/index.php?rest_route=\/wp\/v2\/types\/post"}],"author":[{"embeddable":true,"href":"http:\/\/metropoleemfoco.com.br\/index.php?rest_route=\/wp\/v2\/users\/1"}],"replies":[{"embeddable":true,"href":"http:\/\/metropoleemfoco.com.br\/index.php?rest_route=%2Fwp%2Fv2%2Fcomments&post=13920"}],"version-history":[{"count":1,"href":"http:\/\/metropoleemfoco.com.br\/index.php?rest_route=\/wp\/v2\/posts\/13920\/revisions"}],"predecessor-version":[{"id":13925,"href":"http:\/\/metropoleemfoco.com.br\/index.php?rest_route=\/wp\/v2\/posts\/13920\/revisions\/13925"}],"wp:featuredmedia":[{"embeddable":true,"href":"http:\/\/metropoleemfoco.com.br\/index.php?rest_route=\/wp\/v2\/media\/13924"}],"wp:attachment":[{"href":"http:\/\/metropoleemfoco.com.br\/index.php?rest_route=%2Fwp%2Fv2%2Fmedia&parent=13920"}],"wp:term":[{"taxonomy":"category","embeddable":true,"href":"http:\/\/metropoleemfoco.com.br\/index.php?rest_route=%2Fwp%2Fv2%2Fcategories&post=13920"},{"taxonomy":"post_tag","embeddable":true,"href":"http:\/\/metropoleemfoco.com.br\/index.php?rest_route=%2Fwp%2Fv2%2Ftags&post=13920"}],"curies":[{"name":"wp","href":"https:\/\/api.w.org\/{rel}","templated":true}]}}