{"id":13908,"date":"2026-04-29T06:00:28","date_gmt":"2026-04-29T09:00:28","guid":{"rendered":"http:\/\/metropoleemfoco.com.br\/?p=13908"},"modified":"2026-04-29T00:38:49","modified_gmt":"2026-04-29T03:38:49","slug":"13908","status":"publish","type":"post","link":"http:\/\/metropoleemfoco.com.br\/?p=13908","title":{"rendered":""},"content":{"rendered":"<div class=\"mc-article-header\">\n<div class=\"row content-head mc-column non-featured \">\n<div class=\"title\" data-block-type=\"title\" data-block-id=\"0\">\n<h1 class=\"content-head__title\">Novo Serra Dourada: projeto prev\u00ea arena multiuso com centro de conven\u00e7\u00f5es, gastronomia e hotel<\/h1>\n<\/div>\n<div class=\"medium-centered subtitle\">\n<h2 class=\"content-head__subtitle\">Reforma inclui fim da \u201cgeral\u201d e rebaixamento do gramado. investimento \u00e9 de R$ 300 milh\u00f5es e concess\u00e3o ser\u00e1 de 35 anos.<\/h2>\n<\/div>\n<\/div>\n<div class=\"content__signa-share mc-column\">\n<div class=\"content__signature\">\n<div class=\"content-publication-data\">\n<div class=\"content-publication-data__text\">\n<p class=\"content-publication-data__from\" title=\"Addan Vieira\">Por\u00a0<a class=\"multi_signatures\" href=\"https:\/\/g1.globo.com\/autores\/addan-vieira\/\">Addan Vieira<\/a>, g1 Goi\u00e1s<\/p>\n<\/div>\n<\/div>\n<\/div>\n<\/div>\n<div class=\"glb-share-bar content__share-bar\">\n<div class=\"glb-share-bar_icons\">\n<div class=\"glb-share-bar_button-img\"><\/div>\n<div class=\"glb-share-bar_button-img\"><\/div>\n<div class=\"glb-share-bar_button-img\"><\/div>\n<\/div>\n<\/div>\n<div class=\"mc-summary mc-column\" data-block-type=\"summary\" data-block-id=\"1\">\n<details class=\"mc-summary-card bs-block--exclude-chunk-children\">\n<div class=\"mc-summary-card__summary-container\"><\/div>\n<div class=\"mc-summary-card__content\">\n<ul class=\"mc-summary-card__list\">\n<li class=\"mc-summary-card__item\">\n<div id=\"chunk-7m9kd\">\n<div class=\"mc-column content-text active-extra-styles \" data-block-type=\"unstyled\" data-block-weight=\"\">\n<p class=\" content-text__container \" data-track-category=\"Link no Texto\" data-track-links=\"\" data-mrf-recirculation=\"Mat\u00e9ria - Links no Texto\">O projeto de revitaliza\u00e7\u00e3o do Est\u00e1dio Serra Dourada prev\u00ea transformar o espa\u00e7o em uma arena multiuso, com centro de conven\u00e7\u00f5es, \u00e1reas gastron\u00f4micas e novas estruturas para eventos.<\/p>\n<\/div>\n<\/div>\n<\/li>\n<li class=\"mc-summary-card__item\">\n<div id=\"chunk-3rkj2\">\n<div class=\"mc-column content-text active-extra-styles \" data-block-type=\"unstyled\" data-block-weight=\"\">\n<p class=\" content-text__container \" data-track-category=\"Link no Texto\" data-track-links=\"\" data-mrf-recirculation=\"Mat\u00e9ria - Links no Texto\">A moderniza\u00e7\u00e3o ser\u00e1 conduzida pela concession\u00e1ria Complexo Serra Dourada. O investimento estimado \u00e9 de cerca de R$ 300 milh\u00f5es, com previs\u00e3o de conclus\u00e3o at\u00e9 2028.<\/p>\n<\/div>\n<\/div>\n<\/li>\n<li class=\"mc-summary-card__item\">\n<div id=\"chunk-28j0g\">\n<div class=\"mc-column content-text active-extra-styles \" data-block-type=\"unstyled\" data-block-weight=\"\">\n<p class=\" content-text__container \" data-track-category=\"Link no Texto\" data-track-links=\"\" data-mrf-recirculation=\"Mat\u00e9ria - Links no Texto\">O projeto preserva a assinatura original do arquiteto Paulo Mendes da Rocha, vencedor do Pr\u00eamio Pritzker de 2006, conhecido pelo uso do concreto aparente e pela proposta funcional e aberta do est\u00e1dio.<\/p>\n<\/div>\n<\/div>\n<\/li>\n<li class=\"mc-summary-card__item\">\n<div id=\"chunk-49lvg\">\n<div class=\"mc-column content-text active-extra-styles \" data-block-type=\"unstyled\" data-block-weight=\"\">\n<p class=\" content-text__container \" data-track-category=\"Link no Texto\" data-track-links=\"\" data-mrf-recirculation=\"Mat\u00e9ria - Links no Texto\">A proposta, segundo o diretor-superintendente, Paulo Rossi, \u00e9 modernizar o est\u00e1dio sem perder a ess\u00eancia e a identidade do local.<\/p>\n<\/div>\n<\/div>\n<\/li>\n<\/ul>\n<\/div>\n<\/details>\n<\/div>\n<\/div>\n<div class=\"mc-article-body\">\n<article>\n<div id=\"chunk-ddmj4\">\n<div class=\"cxm-block-video content-media mc-column \" data-block-type=\"backstage-video\" data-block-id=\"2\">\n<div class=\"cxm-block-video__container cxm-block-video__container--fallback cxm-block-video__container--vertical\">\n<div class=\"cxm-block-video__player-fixer\">\n<article class=\"cxm-block-video__player-wrapper\">\n<section class=\"cxm-block-video__player\">\n<div class=\"cxm-block-video__placeholder\" data-video-id=\"14565945\"><img decoding=\"async\" class=\"cxm-block-video__thumb\" title=\"Projeto de revitaliza\u00e7\u00e3o do Est\u00e1dio Serra Dourada prev\u00ea transformar o espa\u00e7o\" src=\"https:\/\/s02.video.glbimg.com\/x240\/14565945.jpg\" alt=\"Projeto de revitaliza\u00e7\u00e3o do Est\u00e1dio Serra Dourada prev\u00ea transformar o espa\u00e7o\" \/><\/div>\n<\/section>\n<\/article>\n<\/div>\n<div class=\"cxm-block-video__caption-container\">\n<p class=\"codex-caption codex-caption--small\">Projeto de revitaliza\u00e7\u00e3o do Est\u00e1dio Serra Dourada prev\u00ea transformar o espa\u00e7o<\/p>\n<\/div>\n<\/div>\n<\/div>\n<\/div>\n<div id=\"chunk-6fu7f\">\n<div class=\"mc-column content-text active-extra-styles \" data-block-type=\"unstyled\" data-block-weight=\"36\" data-block-id=\"3\">\n<p class=\" content-text__container \" data-track-category=\"Link no Texto\" data-track-links=\"\" data-mrf-recirculation=\"Mat\u00e9ria - Links no Texto\">O projeto de revitaliza\u00e7\u00e3o do Est\u00e1dio Serra Dourada prev\u00ea transformar o espa\u00e7o em uma arena multiuso, com centro de conven\u00e7\u00f5es, \u00e1reas gastron\u00f4micas e at\u00e9 um hotel. A moderniza\u00e7\u00e3o ser\u00e1 conduzida pela concession\u00e1ria Complexo Serra Dourada.<\/p>\n<\/div>\n<\/div>\n<div class=\"wall protected-content\">\n<div id=\"chunk-2fs93\">\n<div class=\"mc-column content-text active-extra-styles \" data-block-type=\"unstyled\" data-block-weight=\"42\" data-block-id=\"6\">\n<p class=\" content-text__container \" data-track-category=\"Link no Texto\" data-track-links=\"\" data-mrf-recirculation=\"Mat\u00e9ria - Links no Texto\">Inaugurado em 1975, o Serra Dourada tem quase 50 anos e nunca passou por uma reestrutura\u00e7\u00e3o completa.<span class=\"highlight highlighted\">\u00a0O investimento estimado \u00e9 de cerca de R$ 300 milh\u00f5es, com previs\u00e3o de conclus\u00e3o at\u00e9 2028.<\/span>\u00a0A concess\u00e3o do complexo ser\u00e1 de 35 anos.<\/p>\n<\/div>\n<\/div>\n<div id=\"chunk-6uk2l\">\n<div class=\"mc-column content-text active-extra-styles \" data-block-type=\"unstyled\" data-block-weight=\"33\" data-block-id=\"7\">\n<p class=\" content-text__container \" data-track-category=\"Link no Texto\" data-track-links=\"\" data-mrf-recirculation=\"Mat\u00e9ria - Links no Texto\">O projeto preserva a assinatura original do arquiteto Paulo Mendes da Rocha, vencedor do Pr\u00eamio Pritzker de 2006, conhecido pelo uso do concreto aparente e pela proposta funcional e aberta do est\u00e1dio.<\/p>\n<\/div>\n<\/div>\n<div id=\"chunk-4ana6\">\n<div class=\"row medium-uncollapsed content-media content-photo\" data-block-type=\"backstage-photo\" data-block-id=\"9\">\n<div class=\" mc-column  content-media__container\">\n<div class=\"content-media-container glb-skeleton-box\">\n<figure class=\"content-media-figure\"><img decoding=\"async\" class=\"i-amphtml-fill-content i-amphtml-replaced-content\" src=\"https:\/\/s2-g1.glbimg.com\/Z_qmRS0C5uM9TMKCtkf9ylXaTOY=\/0x0:1700x1065\/984x0\/smart\/filters:strip_icc()\/i.s3.glbimg.com\/v1\/AUTH_59edd422c0c84a879bd37670ae4f538a\/internal_photos\/bs\/2026\/N\/p\/3SCTHkRg6oIlCkwEBiXw\/serra.jpg\" sizes=\"(max-width: 1600px) 648px, 100vw\" srcset=\"https:\/\/s2-g1.glbimg.com\/LmYXFWEJSCOf12zv2GnKPzAHsh8=\/0x0:1700x1065\/1000x0\/smart\/filters:strip_icc()\/i.s3.glbimg.com\/v1\/AUTH_59edd422c0c84a879bd37670ae4f538a\/internal_photos\/bs\/2026\/N\/p\/3SCTHkRg6oIlCkwEBiXw\/serra.jpg 1000w, https:\/\/s2-g1.glbimg.com\/Z_qmRS0C5uM9TMKCtkf9ylXaTOY=\/0x0:1700x1065\/984x0\/smart\/filters:strip_icc()\/i.s3.glbimg.com\/v1\/AUTH_59edd422c0c84a879bd37670ae4f538a\/internal_photos\/bs\/2026\/N\/p\/3SCTHkRg6oIlCkwEBiXw\/serra.jpg 984w, https:\/\/s2-g1.glbimg.com\/HOQuCvPWAhysFMHI48Pw_aOYrVE=\/0x0:1700x1065\/640x0\/smart\/filters:strip_icc()\/i.s3.glbimg.com\/v1\/AUTH_59edd422c0c84a879bd37670ae4f538a\/internal_photos\/bs\/2026\/N\/p\/3SCTHkRg6oIlCkwEBiXw\/serra.jpg 640w, https:\/\/s2-g1.glbimg.com\/Jpy5YBNExYGe9XRm74DOXFuKIzE=\/0x0:1700x1065\/600x0\/smart\/filters:strip_icc()\/i.s3.glbimg.com\/v1\/AUTH_59edd422c0c84a879bd37670ae4f538a\/internal_photos\/bs\/2026\/N\/p\/3SCTHkRg6oIlCkwEBiXw\/serra.jpg 600w\" alt=\"Serra Dourada vai entrar em reforma \u2014 Foto: Addan Vieira\/g1 Goi\u00e1s\" \/><\/figure>\n<\/div>\n<p class=\"content-media__description  \">Serra Dourada vai entrar em reforma \u2014 Foto: Addan Vieira\/g1 Goi\u00e1s<\/p>\n<\/div>\n<\/div>\n<\/div>\n<div id=\"chunk-4lss8\">\n<div class=\"mc-column content-text active-extra-styles\" data-block-type=\"raw\" data-block-weight=\"6\" data-block-id=\"10\">\n<div class=\"content-intertitle\">\n<h2>O que vai mudar na estrutura<\/h2>\n<\/div>\n<\/div>\n<\/div>\n<div id=\"chunk-mhm5\">\n<div class=\"mc-column content-text active-extra-styles \" data-block-type=\"unstyled\" data-block-weight=\"24\" data-block-id=\"11\">\n<p class=\" content-text__container \" data-track-category=\"Link no Texto\" data-track-links=\"\" data-mrf-recirculation=\"Mat\u00e9ria - Links no Texto\">Uma das principais mudan\u00e7as ser\u00e1 o\u00a0<strong>rebaixamento do gramado<\/strong>\u00a0em cerca de 1,5 metro. Com isso, a arquibancada conhecida como \u201cgeral\u201d ser\u00e1 eliminada.<\/p>\n<\/div>\n<\/div>\n<div id=\"chunk-ed07e\">\n<div class=\"mc-column content-text active-extra-styles \" data-block-type=\"unstyled\" data-block-weight=\"39\" data-block-id=\"12\">\n<p class=\" content-text__container \" data-track-category=\"Link no Texto\" data-track-links=\"\" data-mrf-recirculation=\"Mat\u00e9ria - Links no Texto\">Al\u00e9m disso, parte da estrutura atual ser\u00e1 modificada: sete degraus das arquibancadas ser\u00e3o demolidos para dar lugar a passarelas, camarotes e \u00e1reas de hospitalidade.\u00a0<span class=\"highlight highlighted\">O projeto tamb\u00e9m prev\u00ea camarotes ao n\u00edvel do campo<\/span>, modelo inspirado em arenas internacionais.<\/p>\n<\/div>\n<\/div>\n<div id=\"chunk-9u528\">\n<div class=\"mc-column content-text active-extra-styles \" data-block-type=\"unstyled\" data-block-weight=\"28\" data-block-id=\"13\">\n<p class=\" content-text__container \" data-track-category=\"Link no Texto\" data-track-links=\"\" data-mrf-recirculation=\"Mat\u00e9ria - Links no Texto\">Os pr\u00e9dios norte e sul ser\u00e3o transformados em espa\u00e7os comerciais, com restaurantes, \u00e1reas corporativas e possibilidade de implanta\u00e7\u00e3o de\u00a0<strong>su\u00edtes de hotel\u00a0<\/strong>com vista para o campo.<\/p>\n<\/div>\n<\/div>\n<div id=\"chunk-8boog\">\n<div class=\"mc-column content-text active-extra-styles \" data-block-type=\"unstyled\" data-block-weight=\"39\" data-block-id=\"14\">\n<p class=\" content-text__container \" data-track-category=\"Link no Texto\" data-track-links=\"\" data-mrf-recirculation=\"Mat\u00e9ria - Links no Texto\">A proposta \u00e9 transformar o est\u00e1dio em um polo gastron\u00f4mico e de eventos, com funcionamento cont\u00ednuo. A moderniza\u00e7\u00e3o tamb\u00e9m inclui instala\u00e7\u00e3o de elevadores e adapta\u00e7\u00e3o completa para acessibilidade, com<strong> espa\u00e7os para pessoas com defici\u00eancia em todos os setores.<\/strong><\/p>\n<\/div>\n<\/div>\n<div id=\"chunk-736ba\">\n<div class=\"mc-column content-text active-extra-styles \" data-block-type=\"unstyled\" data-block-weight=\"30\" data-block-id=\"16\">\n<p class=\" content-text__container \" data-track-category=\"Link no Texto\" data-track-links=\"\" data-mrf-recirculation=\"Mat\u00e9ria - Links no Texto\">Tamb\u00e9m est\u00e3o previstas melhorias como banheiros fixos, novos bares, cozinha industrial, uma nova tribuna de imprensa e at\u00e9\u00a0<span class=\"highlight highlighted\">adpata\u00e7\u00e3o de um pr\u00e9dios para ser um hotel de alto padr\u00e3o.<\/span><\/p>\n<\/div>\n<\/div>\n<div id=\"chunk-edh5h\">\n<div class=\"mc-column content-text active-extra-styles \" data-block-type=\"unstyled\" data-block-weight=\"22\" data-block-id=\"19\">\n<p class=\" content-text__container \" data-track-category=\"Link no Texto\" data-track-links=\"\" data-mrf-recirculation=\"Mat\u00e9ria - Links no Texto\">A proposta, segundo o diretor-superintendente do complexo, Paulo Rossi, \u00e9 modernizar o est\u00e1dio sem perder a ess\u00eancia e a identidade do local.<\/p>\n<\/div>\n<\/div>\n<div id=\"chunk-c1bui\">\n<div class=\"mc-column content-text active-extra-styles \" data-block-type=\"unstyled\" data-block-weight=\"23\" data-block-id=\"20\">\n<p class=\" content-text__container \" data-track-category=\"Link no Texto\" data-track-links=\"\" data-mrf-recirculation=\"Mat\u00e9ria - Links no Texto\">\u201cA ideia \u00e9 transformar o Serra Dourada em um espa\u00e7o moderno e multifuncional, com uso al\u00e9m dos dias de jogos\u201d, afirmou o diretor-superintendente.<\/p>\n<\/div>\n<\/div>\n<div id=\"chunk-f6gn2\">\n<div class=\"row medium-uncollapsed content-media content-photo\" data-block-type=\"backstage-photo\" data-block-id=\"21\">\n<div class=\" mc-column  content-media__container\">\n<div class=\"content-media-container glb-skeleton-box\">\n<figure class=\"content-media-figure\"><img decoding=\"async\" class=\"i-amphtml-fill-content i-amphtml-replaced-content\" src=\"https:\/\/s2-g1.glbimg.com\/W5E0ml9OoAcY9t2UKf2uxbWuKI4=\/0x0:1700x1065\/984x0\/smart\/filters:strip_icc()\/i.s3.glbimg.com\/v1\/AUTH_59edd422c0c84a879bd37670ae4f538a\/internal_photos\/bs\/2026\/k\/u\/VuBj5zRO207lGTBAE5Tg\/seera.jpg\" sizes=\"(max-width: 1600px) 648px, 100vw\" srcset=\"https:\/\/s2-g1.glbimg.com\/Yq9AzlLILviehuCE9q34D7dBbDw=\/0x0:1700x1065\/1000x0\/smart\/filters:strip_icc()\/i.s3.glbimg.com\/v1\/AUTH_59edd422c0c84a879bd37670ae4f538a\/internal_photos\/bs\/2026\/k\/u\/VuBj5zRO207lGTBAE5Tg\/seera.jpg 1000w, https:\/\/s2-g1.glbimg.com\/W5E0ml9OoAcY9t2UKf2uxbWuKI4=\/0x0:1700x1065\/984x0\/smart\/filters:strip_icc()\/i.s3.glbimg.com\/v1\/AUTH_59edd422c0c84a879bd37670ae4f538a\/internal_photos\/bs\/2026\/k\/u\/VuBj5zRO207lGTBAE5Tg\/seera.jpg 984w, https:\/\/s2-g1.glbimg.com\/YUdWACuOJc6kn4uZ9yFKR6A1vzw=\/0x0:1700x1065\/640x0\/smart\/filters:strip_icc()\/i.s3.glbimg.com\/v1\/AUTH_59edd422c0c84a879bd37670ae4f538a\/internal_photos\/bs\/2026\/k\/u\/VuBj5zRO207lGTBAE5Tg\/seera.jpg 640w, https:\/\/s2-g1.glbimg.com\/vdpTUBDDpCF_IGb_hKxtuP7EGf4=\/0x0:1700x1065\/600x0\/smart\/filters:strip_icc()\/i.s3.glbimg.com\/v1\/AUTH_59edd422c0c84a879bd37670ae4f538a\/internal_photos\/bs\/2026\/k\/u\/VuBj5zRO207lGTBAE5Tg\/seera.jpg 600w\" alt=\"Reforma do Serra Dourada deve durar 2 anos \u2014 Foto: Addan Vieira\/g1 Goi\u00e1s\" \/><\/figure>\n<\/div>\n<p class=\"content-media__description  \">Reforma do Serra Dourada deve durar 2 anos \u2014 Foto: Addan Vieira\/g1 Goi\u00e1s<\/p>\n<\/div>\n<\/div>\n<\/div>\n<div id=\"chunk-bla2l\">\n<div class=\"mc-column content-text active-extra-styles\" data-block-type=\"raw\" data-block-weight=\"3\" data-block-id=\"23\">\n<div class=\"content-intertitle\">\n<h2>Estrutura para eventos<\/h2>\n<\/div>\n<\/div>\n<\/div>\n<div id=\"chunk-78bah\">\n<div class=\"mc-column content-text active-extra-styles \" data-block-type=\"unstyled\" data-block-weight=\"25\" data-block-id=\"24\">\n<p class=\" content-text__container \" data-track-category=\"Link no Texto\" data-track-links=\"\" data-mrf-recirculation=\"Mat\u00e9ria - Links no Texto\">O est\u00e1dio ser\u00e1 preparado para receber desde grandes shows at\u00e9 eventos de pequeno e m\u00e9dio porte, como feiras, congressos, apresenta\u00e7\u00f5es culturais e eventos corporativos.<\/p>\n<\/div>\n<\/div>\n<div id=\"chunk-4g0bb\">\n<div class=\"mc-column content-text active-extra-styles \" data-block-type=\"unstyled\" data-block-weight=\"25\" data-block-id=\"25\">\n<p class=\" content-text__container \" data-track-category=\"Link no Texto\" data-track-links=\"\" data-mrf-recirculation=\"Mat\u00e9ria - Links no Texto\">O\u00a0<span class=\"highlight highlighted\">projeto prev\u00ea \u00e1reas espec\u00edficas para montagem de palcos fora e dentro do est\u00e1dio<\/span>, al\u00e9m de espa\u00e7os internos adapt\u00e1veis para diferentes formatos de eventos.<\/p>\n<\/div>\n<\/div>\n<div id=\"chunk-3hf1f\">\n<div class=\"mc-column content-text active-extra-styles \" data-block-type=\"unstyled\" data-block-weight=\"35\" data-block-id=\"26\">\n<p class=\" content-text__container \" data-track-category=\"Link no Texto\" data-track-links=\"\" data-mrf-recirculation=\"Mat\u00e9ria - Links no Texto\">A \u00e1rea externa do complexo tamb\u00e9m passar\u00e1 por reforma. O espa\u00e7o contar\u00e1 com\u00a0<span class=\"highlight highlighted\">quadras poliesportivas,\u00a0<\/span>\u00e1reas para pr\u00e1ticas como beach tennis e outras atividades esportivas, al\u00e9m de quiosques de alimenta\u00e7\u00e3o e espa\u00e7os de conviv\u00eancia.<\/p>\n<\/div>\n<\/div>\n<div id=\"chunk-8jkj5\">\n<div class=\"mc-column content-text active-extra-styles \" data-block-type=\"unstyled\" data-block-weight=\"30\" data-block-id=\"27\">\n<p class=\" content-text__container \" data-track-category=\"Link no Texto\" data-track-links=\"\" data-mrf-recirculation=\"Mat\u00e9ria - Links no Texto\">A proposta \u00e9 transformar o entorno do est\u00e1dio em um ambiente aberto ao p\u00fablico, com uso cont\u00ednuo, permitindo a realiza\u00e7\u00e3o de eventos ao ar livre, feiras e atividades culturais.<\/p>\n<\/div>\n<\/div>\n<div id=\"chunk-fjfap\">\n<div class=\"mc-column content-text active-extra-styles \" data-block-type=\"unstyled\" data-block-weight=\"19\" data-block-id=\"28\">\n<p class=\" content-text__container \" data-track-category=\"Link no Texto\" data-track-links=\"\" data-mrf-recirculation=\"Mat\u00e9ria - Links no Texto\">As quadras ser\u00e3o alugadas para a pr\u00e1tica das modalidades e apenas o espa\u00e7o de conv\u00eancia e corrida ser\u00e1 gratuito.<\/p>\n<\/div>\n<\/div>\n<div id=\"chunk-34c3f\">\n<div class=\"row medium-uncollapsed content-media content-photo\" data-block-type=\"backstage-photo\" data-block-id=\"29\">\n<div class=\" mc-column  content-media__container\">\n<div class=\"content-media-container glb-skeleton-box\">\n<figure class=\"content-media-figure\"><img decoding=\"async\" class=\"i-amphtml-fill-content i-amphtml-replaced-content\" src=\"https:\/\/s2-g1.glbimg.com\/YPcnmdU17fppWWI4thQccintm1M=\/0x0:1700x1065\/984x0\/smart\/filters:strip_icc()\/i.s3.glbimg.com\/v1\/AUTH_59edd422c0c84a879bd37670ae4f538a\/internal_photos\/bs\/2026\/j\/Y\/2wOCn0RsCWKUeJEUBHxA\/serra-2.jpg\" sizes=\"(max-width: 1600px) 648px, 100vw\" srcset=\"https:\/\/s2-g1.glbimg.com\/5-M0f67o5VkMUOm6iUJbmuwMjjU=\/0x0:1700x1065\/1000x0\/smart\/filters:strip_icc()\/i.s3.glbimg.com\/v1\/AUTH_59edd422c0c84a879bd37670ae4f538a\/internal_photos\/bs\/2026\/j\/Y\/2wOCn0RsCWKUeJEUBHxA\/serra-2.jpg 1000w, https:\/\/s2-g1.glbimg.com\/YPcnmdU17fppWWI4thQccintm1M=\/0x0:1700x1065\/984x0\/smart\/filters:strip_icc()\/i.s3.glbimg.com\/v1\/AUTH_59edd422c0c84a879bd37670ae4f538a\/internal_photos\/bs\/2026\/j\/Y\/2wOCn0RsCWKUeJEUBHxA\/serra-2.jpg 984w, https:\/\/s2-g1.glbimg.com\/ikw4z8DMUqJGN0veXS-H8d8wrlE=\/0x0:1700x1065\/640x0\/smart\/filters:strip_icc()\/i.s3.glbimg.com\/v1\/AUTH_59edd422c0c84a879bd37670ae4f538a\/internal_photos\/bs\/2026\/j\/Y\/2wOCn0RsCWKUeJEUBHxA\/serra-2.jpg 640w, https:\/\/s2-g1.glbimg.com\/oe5bU7HoZprN-YI1DU6fOmjyj4c=\/0x0:1700x1065\/600x0\/smart\/filters:strip_icc()\/i.s3.glbimg.com\/v1\/AUTH_59edd422c0c84a879bd37670ae4f538a\/internal_photos\/bs\/2026\/j\/Y\/2wOCn0RsCWKUeJEUBHxA\/serra-2.jpg 600w\" alt=\"Reforma do Serra Dourada vai custar cerca de R$300 milh\u00f5es \u2014 Foto: Addan Vieira\/g1 Goi\u00e1s\" \/><\/figure>\n<\/div>\n<p class=\"content-media__description  \">Reforma do Serra Dourada vai custar cerca de R$300 milh\u00f5es \u2014 Foto: Addan Vieira\/g1 Goi\u00e1s<\/p>\n<\/div>\n<\/div>\n<\/div>\n<div id=\"chunk-dbi9j\">\n<div class=\"mc-column content-text active-extra-styles\" data-block-type=\"raw\" data-block-weight=\"1\" data-block-id=\"31\">\n<div class=\"content-intertitle\">\n<h2>Sustentabilidade<\/h2>\n<\/div>\n<\/div>\n<\/div>\n<div id=\"chunk-3kjnf\">\n<div class=\"mc-column content-text active-extra-styles \" data-block-type=\"unstyled\" data-block-weight=\"38\" data-block-id=\"32\">\n<p class=\" content-text__container \" data-track-category=\"Link no Texto\" data-track-links=\"\" data-mrf-recirculation=\"Mat\u00e9ria - Links no Texto\">O projeto tamb\u00e9m prev\u00ea a ado\u00e7\u00e3o de pr\u00e1ticas sustent\u00e1veis no complexo. Entre as medidas, est\u00e1 a cria\u00e7\u00e3o de \u00e1reas destinadas \u00e0 coleta seletiva e ao descarte adequado de res\u00edduos, al\u00e9m de a\u00e7\u00f5es voltadas \u00e0 reciclagem durante eventos.<\/p>\n<\/div>\n<\/div>\n<div id=\"chunk-20d4j\">\n<div class=\"mc-column content-text active-extra-styles \" data-block-type=\"unstyled\" data-block-weight=\"25\" data-block-id=\"33\">\n<p class=\" content-text__container \" data-track-category=\"Link no Texto\" data-track-links=\"\" data-mrf-recirculation=\"Mat\u00e9ria - Links no Texto\">A proposta \u00e9 reduzir o impacto ambiental do est\u00e1dio e incentivar o p\u00fablico a adotar pr\u00e1ticas mais conscientes, especialmente em dias de grande circula\u00e7\u00e3o.<\/p>\n<p>Fonte: G1<\/p>\n<\/div>\n<\/div>\n<\/div>\n<\/article>\n<\/div>\n","protected":false},"excerpt":{"rendered":"<p>Novo Serra Dourada: projeto prev\u00ea arena multiuso com centro de conven\u00e7\u00f5es, gastronomia e hotel Reforma inclui fim da \u201cgeral\u201d e<\/p>\n","protected":false},"author":1,"featured_media":13910,"comment_status":"open","ping_status":"open","sticky":false,"template":"","format":"standard","meta":{"colormag_page_container_layout":"default_layout","colormag_page_sidebar_layout":"default_layout","footnotes":""},"categories":[97],"tags":[],"class_list":["post-13908","post","type-post","status-publish","format-standard","has-post-thumbnail","hentry","category-gastronomia"],"_links":{"self":[{"href":"http:\/\/metropoleemfoco.com.br\/index.php?rest_route=\/wp\/v2\/posts\/13908","targetHints":{"allow":["GET"]}}],"collection":[{"href":"http:\/\/metropoleemfoco.com.br\/index.php?rest_route=\/wp\/v2\/posts"}],"about":[{"href":"http:\/\/metropoleemfoco.com.br\/index.php?rest_route=\/wp\/v2\/types\/post"}],"author":[{"embeddable":true,"href":"http:\/\/metropoleemfoco.com.br\/index.php?rest_route=\/wp\/v2\/users\/1"}],"replies":[{"embeddable":true,"href":"http:\/\/metropoleemfoco.com.br\/index.php?rest_route=%2Fwp%2Fv2%2Fcomments&post=13908"}],"version-history":[{"count":1,"href":"http:\/\/metropoleemfoco.com.br\/index.php?rest_route=\/wp\/v2\/posts\/13908\/revisions"}],"predecessor-version":[{"id":13911,"href":"http:\/\/metropoleemfoco.com.br\/index.php?rest_route=\/wp\/v2\/posts\/13908\/revisions\/13911"}],"wp:featuredmedia":[{"embeddable":true,"href":"http:\/\/metropoleemfoco.com.br\/index.php?rest_route=\/wp\/v2\/media\/13910"}],"wp:attachment":[{"href":"http:\/\/metropoleemfoco.com.br\/index.php?rest_route=%2Fwp%2Fv2%2Fmedia&parent=13908"}],"wp:term":[{"taxonomy":"category","embeddable":true,"href":"http:\/\/metropoleemfoco.com.br\/index.php?rest_route=%2Fwp%2Fv2%2Fcategories&post=13908"},{"taxonomy":"post_tag","embeddable":true,"href":"http:\/\/metropoleemfoco.com.br\/index.php?rest_route=%2Fwp%2Fv2%2Ftags&post=13908"}],"curies":[{"name":"wp","href":"https:\/\/api.w.org\/{rel}","templated":true}]}}