{"id":13903,"date":"2026-04-29T06:00:28","date_gmt":"2026-04-29T09:00:28","guid":{"rendered":"http:\/\/metropoleemfoco.com.br\/?p=13903"},"modified":"2026-04-29T00:36:22","modified_gmt":"2026-04-29T03:36:22","slug":"13903","status":"publish","type":"post","link":"http:\/\/metropoleemfoco.com.br\/?p=13903","title":{"rendered":""},"content":{"rendered":"<div class=\"mc-article-header\">\n<div class=\"row content-head mc-column non-featured \">\n<div class=\"title\" data-block-type=\"title\" data-block-id=\"0\">\n<h1 class=\"content-head__title\">PF devolve credenciais de agente dos EUA que atua no Brasil<\/h1>\n<\/div>\n<div class=\"medium-centered subtitle\">\n<h2 class=\"content-head__subtitle\">Funcion\u00e1rio do governo dos Estados Unidos teve as credenciais retiradas pelo princ\u00edpio da reciprocidade, ap\u00f3s pa\u00eds pedir sa\u00edda de delegado da PF envolvido na pris\u00e3o de Ramagem.<\/h2>\n<\/div>\n<\/div>\n<div class=\"content__signa-share mc-column\">\n<div class=\"content__signature\">\n<div class=\"content-publication-data\">\n<div class=\"content-publication-data__text\">\n<p class=\"content-publication-data__from\" title=\"Isabella Calzolari\">Por\u00a0<a class=\"multi_signatures\" href=\"https:\/\/g1.globo.com\/autores\/isabella-calzolari\/\">Isabella Calzolari<\/a>, g1\u00a0\u2014 Bras\u00edlia<\/p>\n<\/div>\n<\/div>\n<\/div>\n<\/div>\n<div class=\"glb-share-bar content__share-bar\">\n<div class=\"glb-share-bar_icons\">\n<div class=\"glb-share-bar_button-img\"><\/div>\n<div class=\"glb-share-bar_button-img\"><\/div>\n<div class=\"glb-share-bar_button-img\"><\/div>\n<\/div>\n<\/div>\n<\/div>\n<div class=\"mc-article-body\">\n<article>\n<div id=\"chunk-d43j\">\n<div class=\"mc-column mc-side-item__container\" data-block-type=\"ads\" data-block-id=\"2\">\n<div class=\"mc-side-item mc-side-item--right content-ads content-ads--side-ad\">\n<div id=\"banner_materia1\" class=\"tag-manager-publicidade-container tag-manager-publicidade-banner_materia1 tag-manager-publicidade-container--carregado tag-manager-publicidade-container--visivel\" data-google-query-id=\"CMbVmKOQkpQDFUdSuAQdC0IJUA\">\n<div id=\"google_ads_iframe_\/95377733\/tvg_G1\/Politica_2__container__\"><\/div>\n<\/div>\n<\/div>\n<\/div>\n<\/div>\n<div id=\"chunk-fvihn\">\n<div class=\"mc-column content-text active-extra-styles active-capital-letter\" data-block-type=\"unstyled\" data-block-weight=\"43\" data-block-id=\"1\">\n<p class=\" content-text__container theme-color-primary-first-letter\" data-track-category=\"Link no Texto\" data-track-links=\"\" data-mrf-recirculation=\"Mat\u00e9ria - Links no Texto\">A\u00a0<a class=\"\" href=\"https:\/\/g1.globo.com\/tudo-sobre\/policia-federal\/\" data-mrf-link=\"https:\/\/g1.globo.com\/tudo-sobre\/policia-federal\/\">Pol\u00edcia Federal<\/a>\u00a0informou nesta ter\u00e7a-feira (28) ter devolvido as credenciais de trabalho do agente americano que atua na sede da PF em Bras\u00edlia.\u00a0<a class=\"\" href=\"https:\/\/g1.globo.com\/politica\/blog\/andreia-sadi\/post\/2026\/04\/22\/andrei-rodrigues-globonews-reciprocidade.ghtml\" data-mrf-link=\"https:\/\/g1.globo.com\/politica\/blog\/andreia-sadi\/post\/2026\/04\/22\/andrei-rodrigues-globonews-reciprocidade.ghtml\">O funcion\u00e1rio do governo dos Estados Unidos teve as credenciais retiradas na semana passada pelo princ\u00edpio da reciprocidade<\/a>.<\/p>\n<\/div>\n<\/div>\n<div class=\"wall protected-content\">\n<div id=\"chunk-6fiu1\">\n<div class=\"mc-column content-text active-extra-styles \" data-block-type=\"unstyled\" data-block-weight=\"10\" data-block-id=\"3\">\n<p class=\" content-text__container \" data-track-category=\"Link no Texto\" data-track-links=\"\" data-mrf-recirculation=\"Mat\u00e9ria - Links no Texto\">Segundo a PF, as credenciais foram devolvidas nesta segunda-feira (27).<\/p>\n<\/div>\n<\/div>\n<div id=\"chunk-8k3gg\">\n<div class=\"mc-column content-text active-extra-styles \" data-block-type=\"unstyled\" data-block-weight=\"33\" data-block-id=\"4\">\n<p class=\" content-text__container \" data-track-category=\"Link no Texto\" data-track-links=\"\" data-mrf-recirculation=\"Mat\u00e9ria - Links no Texto\"><em>\ud83d\udd0eO princ\u00edpio da reciprocidade estabelece que um Estado tende a tratar outro da mesma forma como \u00e9 tratado por ele nas rela\u00e7\u00f5es internacionais \u2014 evitando que apenas um lado se beneficie das regras.<\/em><\/p>\n<\/div>\n<\/div>\n<div id=\"chunk-bsp2o\">\n<div class=\"mc-column content-text active-extra-styles \" data-block-type=\"unstyled\" data-block-weight=\"38\" data-block-id=\"5\">\n<p class=\" content-text__container \" data-track-category=\"Link no Texto\" data-track-links=\"\" data-mrf-recirculation=\"Mat\u00e9ria - Links no Texto\">\u27a1\ufe0fO fundamento foi adotado ap\u00f3s o Escrit\u00f3rio para Assuntos do Hemisf\u00e9rio Ocidental dos EUA divulgar que o governo Donald Trump ordenou que um delegado brasileiro que atuou no caso da pris\u00e3o de Alexandre Ramagem (PL-RJ) deixasse o pa\u00eds.<\/p>\n<\/div>\n<\/div>\n<div id=\"chunk-c0uc5\">\n<div class=\"mc-column content-text active-extra-styles \" data-block-type=\"unstyled\" data-block-weight=\"25\" data-block-id=\"8\">\n<p class=\" content-text__container \" data-track-category=\"Link no Texto\" data-track-links=\"\" data-mrf-recirculation=\"Mat\u00e9ria - Links no Texto\">Na semana passada, o diretor-geral da Pol\u00edcia Federal, Andrei Rodrigues, confirmou \u00e0 GloboNews que\u00a0<a class=\"\" href=\"https:\/\/g1.globo.com\/politica\/noticia\/2026\/04\/24\/funcionario-do-governo-dos-eua-deixa-o-brasil-apos-itamaraty-aplicar-reciprocidade.ghtml\" data-mrf-link=\"https:\/\/g1.globo.com\/politica\/noticia\/2026\/04\/24\/funcionario-do-governo-dos-eua-deixa-o-brasil-apos-itamaraty-aplicar-reciprocidade.ghtml\">dois funcion\u00e1rios norte-americanos foram alvo de medidas do governo brasileiro<\/a>.<\/p>\n<\/div>\n<\/div>\n<div id=\"chunk-82a26\">\n<div class=\"mc-column content-text active-extra-styles \" data-block-type=\"unstyled\" data-block-weight=\"26\" data-block-id=\"9\">\n<p class=\" content-text__container \" data-track-category=\"Link no Texto\" data-track-links=\"\" data-mrf-recirculation=\"Mat\u00e9ria - Links no Texto\">&#8220;Um teve temporariamente o acesso cortado \u00e0 PF por mim. Outro teve o visto cancelado e determinado seu retorno aos\u00a0<a class=\"\" href=\"https:\/\/g1.globo.com\/tudo-sobre\/estados-unidos\/\" data-mrf-link=\"https:\/\/g1.globo.com\/tudo-sobre\/estados-unidos\/\">Estados Unidos<\/a>\u00a0pelo MRE\u201d, disse Rodrigues.<\/p>\n<\/div>\n<\/div>\n<div id=\"chunk-fv15c\">\n<div class=\"mc-column content-text active-extra-styles \" data-block-type=\"unstyled\" data-block-weight=\"31\" data-block-id=\"10\">\n<p class=\" content-text__container \" data-track-category=\"Link no Texto\" data-track-links=\"\" data-mrf-recirculation=\"Mat\u00e9ria - Links no Texto\">Sem as credenciais, o agente perdeu acesso \u00e0 unidade em que trabalhava, em Bras\u00edlia, e a bases de dados usadas para as coopera\u00e7\u00f5es entre as pol\u00edcias dos EUA e do Brasil.<\/p>\n<\/div>\n<\/div>\n<div id=\"chunk-1l4m4\">\n<div class=\"mc-column content-text active-extra-styles \" data-block-type=\"unstyled\" data-block-weight=\"36\" data-block-id=\"11\">\n<p class=\" content-text__container \" data-track-category=\"Link no Texto\" data-track-links=\"\" data-mrf-recirculation=\"Mat\u00e9ria - Links no Texto\">Um segundo norte-americano tamb\u00e9m foi alvo de medidas. O Itamaraty aplicou o princ\u00edpio de reciprocidade a um funcion\u00e1rio do governo dos Estados Unidos que atuava no Brasil.\u00a0<a class=\"\" href=\"https:\/\/g1.globo.com\/politica\/noticia\/2026\/04\/24\/funcionario-do-governo-dos-eua-deixa-o-brasil-apos-itamaraty-aplicar-reciprocidade.ghtml\" data-mrf-link=\"https:\/\/g1.globo.com\/politica\/noticia\/2026\/04\/24\/funcionario-do-governo-dos-eua-deixa-o-brasil-apos-itamaraty-aplicar-reciprocidade.ghtml\">Michael Myers deixou o Brasil na \u00faltima quarta-feira (23).<\/a><\/p>\n<\/div>\n<\/div>\n<div id=\"chunk-bbap5\">\n<div class=\"cxm-block-video content-media mc-column \" data-block-type=\"backstage-video\" data-block-id=\"12\">\n<div class=\"cxm-block-video__container cxm-block-video__container--fallback \">\n<div class=\"cxm-block-video__player-fixer\">\n<article class=\"cxm-block-video__player-wrapper\">\n<section class=\"cxm-block-video__player\">\n<div class=\"cxm-block-video__placeholder\" data-video-id=\"14553856\"><img decoding=\"async\" class=\"cxm-block-video__thumb\" title=\"Agente de imigra\u00e7\u00e3o dos EUA que teve credencial cassada j\u00e1 deixou o Brasil\" src=\"https:\/\/s01.video.glbimg.com\/x240\/14553856.jpg\" alt=\"Agente de imigra\u00e7\u00e3o dos EUA que teve credencial cassada j\u00e1 deixou o Brasil\" \/><\/div>\n<\/section>\n<\/article>\n<\/div>\n<div class=\"cxm-block-video__caption-container\">\n<p class=\"codex-caption codex-caption--small\">Agente de imigra\u00e7\u00e3o dos EUA que teve credencial cassada j\u00e1 deixou o Brasil<\/p>\n<\/div>\n<\/div>\n<\/div>\n<\/div>\n<div id=\"chunk-cjs2u\">\n<div class=\"mc-column content-text active-extra-styles \" data-block-type=\"unstyled\" data-block-weight=\"23\" data-block-id=\"14\">\n<p class=\" content-text__container \" data-track-category=\"Link no Texto\" data-track-links=\"\" data-mrf-recirculation=\"Mat\u00e9ria - Links no Texto\">Myers trabalhava junto \u00e0 Pol\u00edcia Federal na troca de informa\u00e7\u00f5es desde 2024, como parte de um acordo de coopera\u00e7\u00e3o entre os dois pa\u00edses.<\/p>\n<\/div>\n<\/div>\n<div id=\"chunk-920vm\">\n<div class=\"mc-column content-text active-extra-styles\" data-block-type=\"raw\" data-block-weight=\"3\" data-block-id=\"15\">\n<div class=\"content-intertitle\">\n<h2>Relembre o caso<\/h2>\n<\/div>\n<\/div>\n<\/div>\n<div id=\"chunk-231tu\">\n<div class=\"mc-column content-text active-extra-styles \" data-block-type=\"unstyled\" data-block-weight=\"24\" data-block-id=\"16\">\n<p class=\" content-text__container \" data-track-category=\"Link no Texto\" data-track-links=\"\" data-mrf-recirculation=\"Mat\u00e9ria - Links no Texto\">No dia 20 de abril, os Estados Unidos\u00a0<a class=\"\" href=\"https:\/\/g1.globo.com\/mundo\/noticia\/2026\/04\/20\/eua-pedem-saida-de-autoridade-brasileira-por-tentar-contornar-pedido-extradicao.ghtml\" data-mrf-link=\"https:\/\/g1.globo.com\/mundo\/noticia\/2026\/04\/20\/eua-pedem-saida-de-autoridade-brasileira-por-tentar-contornar-pedido-extradicao.ghtml\">pediram que um delegado brasileiro envolvido na pris\u00e3o do ex-deputado Alexandre Ramagem (PL-RJ) deixasse o pa\u00eds<\/a>.<\/p>\n<\/div>\n<\/div>\n<div id=\"chunk-e8ut4\">\n<div class=\"mc-column content-text active-extra-styles \" data-block-type=\"unstyled\" data-block-weight=\"27\" data-block-id=\"17\">\n<p class=\" content-text__container \" data-track-category=\"Link no Texto\" data-track-links=\"\" data-mrf-recirculation=\"Mat\u00e9ria - Links no Texto\">Sem citar nomes, o governo americano afirmou em uma rede social que uma autoridade brasileira tentou \u201ccontornar pedidos formais de extradi\u00e7\u00e3o\u201d para promover \u201cpersegui\u00e7\u00f5es pol\u00edticas\u201d no pa\u00eds.<\/p>\n<\/div>\n<\/div>\n<div id=\"chunk-51bb3\">\n<div class=\"mc-column content-text active-extra-styles \" data-block-type=\"unstyled\" data-block-weight=\"40\" data-block-id=\"18\">\n<p class=\" content-text__container \" data-track-category=\"Link no Texto\" data-track-links=\"\" data-mrf-recirculation=\"Mat\u00e9ria - Links no Texto\">A TV Globo confirmou com a Embaixada dos Estados Unidos no Brasil que a autoridade citada \u00e9 o delegado da Pol\u00edcia Federal (PF) Marcelo Ivo de Carvalho, que atuava junto ao Servi\u00e7o de Imigra\u00e7\u00e3o e Controle de Aduanas norte-americano (ICE).<\/p>\n<\/div>\n<\/div>\n<div id=\"chunk-bemqi\">\n<div class=\"mc-column content-text active-extra-styles \" data-block-type=\"unstyled\" data-block-weight=\"22\" data-block-id=\"19\">\n<p class=\" content-text__container \" data-track-category=\"Link no Texto\" data-track-links=\"\" data-mrf-recirculation=\"Mat\u00e9ria - Links no Texto\">Carvalho foi nomeado para atuar em Miami em mar\u00e7o de 2023, em uma miss\u00e3o junto ao ICE com dura\u00e7\u00e3o de dois anos.<\/p>\n<\/div>\n<\/div>\n<div id=\"chunk-3v6t9\">\n<div class=\"row medium-uncollapsed content-media content-photo\" data-block-type=\"backstage-photo\" data-block-id=\"20\">\n<div class=\" mc-column  content-media__container\">\n<div class=\"content-media-container glb-skeleton-box\">\n<figure class=\"content-media-figure\"><img decoding=\"async\" class=\"i-amphtml-fill-content i-amphtml-replaced-content\" src=\"https:\/\/s2-g1.glbimg.com\/Z8Y4RvIFGGHyqh6YaxNI5OkIqDw=\/0x0:1600x900\/984x0\/smart\/filters:strip_icc()\/i.s3.glbimg.com\/v1\/AUTH_59edd422c0c84a879bd37670ae4f538a\/internal_photos\/bs\/2026\/N\/X\/I0hUBGQSA2BjCH8FRFRw\/dpvat-2.jpg\" sizes=\"(max-width: 1600px) 648px, 100vw\" srcset=\"https:\/\/s2-g1.glbimg.com\/C2uJSMjDCZJMRdbaiEurC7d4uqI=\/0x0:1600x900\/1000x0\/smart\/filters:strip_icc()\/i.s3.glbimg.com\/v1\/AUTH_59edd422c0c84a879bd37670ae4f538a\/internal_photos\/bs\/2026\/N\/X\/I0hUBGQSA2BjCH8FRFRw\/dpvat-2.jpg 1000w, https:\/\/s2-g1.glbimg.com\/Z8Y4RvIFGGHyqh6YaxNI5OkIqDw=\/0x0:1600x900\/984x0\/smart\/filters:strip_icc()\/i.s3.glbimg.com\/v1\/AUTH_59edd422c0c84a879bd37670ae4f538a\/internal_photos\/bs\/2026\/N\/X\/I0hUBGQSA2BjCH8FRFRw\/dpvat-2.jpg 984w, https:\/\/s2-g1.glbimg.com\/7kCYtsiCcbNLTikvdMLJG26iuuQ=\/0x0:1600x900\/640x0\/smart\/filters:strip_icc()\/i.s3.glbimg.com\/v1\/AUTH_59edd422c0c84a879bd37670ae4f538a\/internal_photos\/bs\/2026\/N\/X\/I0hUBGQSA2BjCH8FRFRw\/dpvat-2.jpg 640w, https:\/\/s2-g1.glbimg.com\/n-ALdRzuENHmsfuAEab2Esz5FWI=\/0x0:1600x900\/600x0\/smart\/filters:strip_icc()\/i.s3.glbimg.com\/v1\/AUTH_59edd422c0c84a879bd37670ae4f538a\/internal_photos\/bs\/2026\/N\/X\/I0hUBGQSA2BjCH8FRFRw\/dpvat-2.jpg 600w\" alt=\"PF cumpre mandados de busca e apreens\u00e3o contra suspeitos de fraudes no seguro DPVAT em Crate\u00fas, no Cear\u00e1. \u2014 Foto: Pol\u00edcia Federal\/ Divulga\u00e7\u00e3o\" \/><\/figure>\n<\/div>\n<p class=\"content-media__description  \">PF cumpre mandados de busca e apreens\u00e3o contra suspeitos de fraudes no seguro DPVAT em Crate\u00fas, no Cear\u00e1. \u2014 Foto: Pol\u00edcia Federal\/ Divulga\u00e7\u00e3o<\/p>\n<\/div>\n<\/div>\n<\/div>\n<div id=\"chunk-n7ui\">\n<div class=\"mc-column content-text active-extra-styles \" data-block-type=\"unstyled\" data-block-weight=\"16\" data-block-id=\"22\">\n<p class=\" content-text__container \" data-track-category=\"Link no Texto\" data-track-links=\"\" data-mrf-recirculation=\"Mat\u00e9ria - Links no Texto\">Entre as fun\u00e7\u00f5es est\u00e1 a identifica\u00e7\u00e3o e a pris\u00e3o de foragidos da Justi\u00e7a brasileira nos EUA.<\/p>\n<\/div>\n<\/div>\n<div id=\"chunk-2o4cc\">\n<div class=\"mc-column content-text active-extra-styles \" data-block-type=\"unstyled\" data-block-weight=\"31\" data-block-id=\"23\">\n<p class=\" content-text__container \" data-track-category=\"Link no Texto\" data-track-links=\"\" data-mrf-recirculation=\"Mat\u00e9ria - Links no Texto\">Em mar\u00e7o de 2025, o governo publicou uma portaria que prorrogou a perman\u00eancia dele na miss\u00e3o at\u00e9 agosto deste ano. O delegado j\u00e1 deixou os Estados Unidos e retornou ao Brasil.<\/p>\n<\/div>\n<\/div>\n<div id=\"chunk-dbr20\">\n<div class=\"mc-column content-text active-extra-styles \" data-block-type=\"unstyled\" data-block-weight=\"38\" data-block-id=\"24\">\n<p class=\" content-text__container \" data-track-category=\"Link no Texto\" data-track-links=\"\" data-mrf-recirculation=\"Mat\u00e9ria - Links no Texto\">Dois dias depois, o diretor-geral da PF disse, em entrevista \u00e0 GloboNews, que\u00a0<a class=\"\" href=\"https:\/\/g1.globo.com\/politica\/blog\/andreia-sadi\/post\/2026\/04\/22\/andrei-rodrigues-globonews-reciprocidade.ghtml\" data-mrf-link=\"https:\/\/g1.globo.com\/politica\/blog\/andreia-sadi\/post\/2026\/04\/22\/andrei-rodrigues-globonews-reciprocidade.ghtml\">retirou as credenciais de trabalho de um funcion\u00e1rio do governo dos Estados Unidos, um agente de imigra\u00e7\u00e3o, que atua na sede da PF em Bras\u00edlia.<\/a><\/p>\n<\/div>\n<\/div>\n<div id=\"chunk-crt1o\">\n<div class=\"mc-column content-text active-extra-styles \" data-block-type=\"unstyled\" data-block-weight=\"39\" data-block-id=\"25\">\n<p class=\" content-text__container \" data-track-category=\"Link no Texto\" data-track-links=\"\" data-mrf-recirculation=\"Mat\u00e9ria - Links no Texto\">Horas depois, o\u00a0<a class=\"\" href=\"https:\/\/g1.globo.com\/politica\/noticia\/2026\/04\/22\/itamaraty-nota-reciprocidade.ghtml\" data-mrf-link=\"https:\/\/g1.globo.com\/politica\/noticia\/2026\/04\/22\/itamaraty-nota-reciprocidade.ghtml\">Minist\u00e9rio de Rela\u00e7\u00f5es Exteriores publicou uma nota na qual afirmou que o governo de Donald Trump n\u00e3o seguiu a &#8220;boa pr\u00e1tica diplom\u00e1tica&#8221;<\/a>\u00a0ao mandar embora do pa\u00eds um delegado da Pol\u00edcia Federal que atuava na Fl\u00f3rida.<\/p>\n<\/div>\n<\/div>\n<div id=\"chunk-daink\">\n<div class=\"mc-column content-text active-extra-styles \" data-block-type=\"unstyled\" data-block-weight=\"20\" data-block-id=\"26\">\n<p class=\" content-text__container \" data-track-category=\"Link no Texto\" data-track-links=\"\" data-mrf-recirculation=\"Mat\u00e9ria - Links no Texto\">Diante disso, o Itamaraty diz ter informado \u00e0 embaixada americana que aplicar\u00e1 o princ\u00edpio da reciprocidade contra um funcion\u00e1rio americano.<\/p>\n<\/div>\n<\/div>\n<div id=\"chunk-9pcd2\">\n<div class=\"mc-column content-text active-extra-styles \" data-block-type=\"unstyled\" data-block-weight=\"8\" data-block-id=\"27\">\n<p class=\" content-text__container \" data-track-category=\"Link no Texto\" data-track-links=\"\" data-mrf-recirculation=\"Mat\u00e9ria - Links no Texto\"><a class=\"\" href=\"https:\/\/g1.globo.com\/politica\/noticia\/2026\/04\/24\/funcionario-do-governo-dos-eua-deixa-o-brasil-apos-itamaraty-aplicar-reciprocidade.ghtml\" data-mrf-link=\"https:\/\/g1.globo.com\/politica\/noticia\/2026\/04\/24\/funcionario-do-governo-dos-eua-deixa-o-brasil-apos-itamaraty-aplicar-reciprocidade.ghtml\">O funcion\u00e1rio deixou o pa\u00eds na quarta-feira (23).<\/a><\/p>\n<p>Fonte: G1<\/p>\n<\/div>\n<\/div>\n<\/div>\n<\/article>\n<\/div>\n","protected":false},"excerpt":{"rendered":"<p>PF devolve credenciais de agente dos EUA que atua no Brasil Funcion\u00e1rio do governo dos Estados Unidos teve as credenciais<\/p>\n","protected":false},"author":1,"featured_media":13906,"comment_status":"open","ping_status":"open","sticky":false,"template":"","format":"standard","meta":{"colormag_page_container_layout":"default_layout","colormag_page_sidebar_layout":"default_layout","footnotes":""},"categories":[90],"tags":[],"class_list":["post-13903","post","type-post","status-publish","format-standard","has-post-thumbnail","hentry","category-brasil"],"_links":{"self":[{"href":"http:\/\/metropoleemfoco.com.br\/index.php?rest_route=\/wp\/v2\/posts\/13903","targetHints":{"allow":["GET"]}}],"collection":[{"href":"http:\/\/metropoleemfoco.com.br\/index.php?rest_route=\/wp\/v2\/posts"}],"about":[{"href":"http:\/\/metropoleemfoco.com.br\/index.php?rest_route=\/wp\/v2\/types\/post"}],"author":[{"embeddable":true,"href":"http:\/\/metropoleemfoco.com.br\/index.php?rest_route=\/wp\/v2\/users\/1"}],"replies":[{"embeddable":true,"href":"http:\/\/metropoleemfoco.com.br\/index.php?rest_route=%2Fwp%2Fv2%2Fcomments&post=13903"}],"version-history":[{"count":1,"href":"http:\/\/metropoleemfoco.com.br\/index.php?rest_route=\/wp\/v2\/posts\/13903\/revisions"}],"predecessor-version":[{"id":13907,"href":"http:\/\/metropoleemfoco.com.br\/index.php?rest_route=\/wp\/v2\/posts\/13903\/revisions\/13907"}],"wp:featuredmedia":[{"embeddable":true,"href":"http:\/\/metropoleemfoco.com.br\/index.php?rest_route=\/wp\/v2\/media\/13906"}],"wp:attachment":[{"href":"http:\/\/metropoleemfoco.com.br\/index.php?rest_route=%2Fwp%2Fv2%2Fmedia&parent=13903"}],"wp:term":[{"taxonomy":"category","embeddable":true,"href":"http:\/\/metropoleemfoco.com.br\/index.php?rest_route=%2Fwp%2Fv2%2Fcategories&post=13903"},{"taxonomy":"post_tag","embeddable":true,"href":"http:\/\/metropoleemfoco.com.br\/index.php?rest_route=%2Fwp%2Fv2%2Ftags&post=13903"}],"curies":[{"name":"wp","href":"https:\/\/api.w.org\/{rel}","templated":true}]}}