{"id":13881,"date":"2026-04-28T15:04:47","date_gmt":"2026-04-28T18:04:47","guid":{"rendered":"http:\/\/metropoleemfoco.com.br\/?p=13881"},"modified":"2026-04-28T15:04:47","modified_gmt":"2026-04-28T18:04:47","slug":"13881","status":"publish","type":"post","link":"http:\/\/metropoleemfoco.com.br\/?p=13881","title":{"rendered":""},"content":{"rendered":"<div class=\"mc-article-header\">\n<div class=\"row content-head mc-column non-featured \">\n<div class=\"title\" data-block-type=\"title\" data-block-id=\"0\">\n<h1 class=\"content-head__title\">Ed Sheeran anuncia show em S\u00e3o Paulo<\/h1>\n<\/div>\n<div class=\"medium-centered subtitle\">\n<h2 class=\"content-head__subtitle\">Apresenta\u00e7\u00e3o ir\u00e1 acontecer no dia 5 de dezembro no Allianz Parque.<\/h2>\n<\/div>\n<\/div>\n<div class=\"content__signa-share mc-column\">\n<div class=\"content__signature\">\n<div class=\"content-publication-data\">\n<div class=\"content-publication-data__text\">\n<p class=\"content-publication-data__from\" title=\"Reda\u00e7\u00e3o g1\">Por\u00a0<a class=\"multi_signatures\" href=\"https:\/\/g1.globo.com\/autores\/redacao-g1\/\">Reda\u00e7\u00e3o g1<\/a><\/p>\n<\/div>\n<\/div>\n<\/div>\n<\/div>\n<div class=\"glb-share-bar content__share-bar\">\n<div class=\"glb-share-bar_icons\">\n<div class=\"glb-share-bar_button-img\"><\/div>\n<div class=\"glb-share-bar_button-img\"><\/div>\n<div class=\"glb-share-bar_button-img\"><\/div>\n<\/div>\n<\/div>\n<\/div>\n<div class=\"mc-article-body\">\n<article>\n<div id=\"chunk-b10t2\">\n<div class=\"row medium-uncollapsed content-media content-photo\" data-block-type=\"backstage-photo\" data-block-id=\"1\">\n<div class=\" mc-column  content-media__container\">\n<div class=\"content-media-container glb-skeleton-box\">\n<figure class=\"content-media-figure\"><img decoding=\"async\" class=\"i-amphtml-fill-content i-amphtml-replaced-content\" src=\"https:\/\/s2-g1.glbimg.com\/kRognCsBRPlL7-XfDnNqJueMxcM=\/0x0:1080x1350\/984x0\/smart\/filters:strip_icc()\/i.s3.glbimg.com\/v1\/AUTH_59edd422c0c84a879bd37670ae4f538a\/internal_photos\/bs\/2026\/5\/Y\/iRKAZrRDqHx0PUQZBptQ\/es-feed-2.jpg.jpeg\" sizes=\"(max-width: 1600px) 648px, 100vw\" srcset=\"https:\/\/s2-g1.glbimg.com\/b8yMLgoZVGzqgJ4J7Xl1tvpD4FY=\/0x0:1080x1350\/1000x0\/smart\/filters:strip_icc()\/i.s3.glbimg.com\/v1\/AUTH_59edd422c0c84a879bd37670ae4f538a\/internal_photos\/bs\/2026\/5\/Y\/iRKAZrRDqHx0PUQZBptQ\/es-feed-2.jpg.jpeg 1000w, https:\/\/s2-g1.glbimg.com\/kRognCsBRPlL7-XfDnNqJueMxcM=\/0x0:1080x1350\/984x0\/smart\/filters:strip_icc()\/i.s3.glbimg.com\/v1\/AUTH_59edd422c0c84a879bd37670ae4f538a\/internal_photos\/bs\/2026\/5\/Y\/iRKAZrRDqHx0PUQZBptQ\/es-feed-2.jpg.jpeg 984w, https:\/\/s2-g1.glbimg.com\/6TWHWtPvrfEi1hdIx7s5MMGC-Wc=\/0x0:1080x1350\/640x0\/smart\/filters:strip_icc()\/i.s3.glbimg.com\/v1\/AUTH_59edd422c0c84a879bd37670ae4f538a\/internal_photos\/bs\/2026\/5\/Y\/iRKAZrRDqHx0PUQZBptQ\/es-feed-2.jpg.jpeg 640w, https:\/\/s2-g1.glbimg.com\/J4837EUOLCMBiz-KteSXXwBrPG0=\/0x0:1080x1350\/600x0\/smart\/filters:strip_icc()\/i.s3.glbimg.com\/v1\/AUTH_59edd422c0c84a879bd37670ae4f538a\/internal_photos\/bs\/2026\/5\/Y\/iRKAZrRDqHx0PUQZBptQ\/es-feed-2.jpg.jpeg 600w\" alt=\"Ed Sheeran anuncia show em S\u00e3o Paulo \u2014 Foto: Reprodu\u00e7\u00e3o\" \/><\/figure>\n<\/div>\n<p class=\"content-media__description  \">Ed Sheeran anuncia show em S\u00e3o Paulo \u2014 Foto: Reprodu\u00e7\u00e3o<\/p>\n<\/div>\n<\/div>\n<\/div>\n<div id=\"chunk-4i22v\">\n<div class=\"mc-column content-text active-extra-styles \" data-block-type=\"unstyled\" data-block-weight=\"33\" data-block-id=\"2\">\n<p class=\" content-text__container \" data-track-category=\"Link no Texto\" data-track-links=\"\"><a class=\"\" href=\"https:\/\/g1.globo.com\/tudo-sobre\/ed-sheeran\/\">Ed Sheeran<\/a>\u00a0anunciou nesta ter\u00e7a-feira (28) a passagem pelo Brasil da turn\u00ea mundial \u201cLoop Tour\u201d. A apresenta\u00e7\u00e3o est\u00e1 marcada para o dia 5 de dezembro, no Allianz Parque, em S\u00e3o Paulo.<\/p>\n<\/div>\n<\/div>\n<div class=\"wall protected-content\">\n<div id=\"chunk-cnhai\">\n<div class=\"mc-column content-text active-extra-styles \" data-block-type=\"unstyled\" data-block-weight=\"42\" data-block-id=\"4\">\n<p class=\" content-text__container \" data-track-category=\"Link no Texto\" data-track-links=\"\">O show ser\u00e1 o retorno de Sheeran ao pa\u00eds ap\u00f3s sua participa\u00e7\u00e3o no Rock in Rio de 2024. A \u201cLoop Tour\u201d promove o \u00e1lbum \u201cPlay\u201d, lan\u00e7ado em 2025, e d\u00e1 continuidade \u00e0 \u201cMathematics Tour\u201d, que passou por diversos pa\u00edses at\u00e9 2024.<\/p>\n<\/div>\n<\/div>\n<div id=\"chunk-9mdt5\">\n<div class=\"mc-column content-text active-extra-styles \" data-block-type=\"unstyled\" data-block-weight=\"14\" data-block-id=\"5\">\n<p class=\" content-text__container \" data-track-category=\"Link no Texto\" data-track-links=\"\">A apresenta\u00e7\u00e3o em S\u00e3o Paulo ter\u00e1 participa\u00e7\u00e3o de Finneas no show de abertura.<\/p>\n<\/div>\n<\/div>\n<div id=\"chunk-7uihn\">\n<div class=\"mc-column content-text active-extra-styles \" data-block-type=\"unstyled\" data-block-weight=\"33\" data-block-id=\"6\">\n<p class=\" content-text__container \" data-track-category=\"Link no Texto\" data-track-links=\"\">Os pre\u00e7os variam entre R$ R$220,00 (Cadeira Superior, meia-entrada) e R$ R$880,00 (Pista Premium, inteira). A pr\u00e9-venda come\u00e7a no dia 4 de maio e a venda geral, no dia 6, pela Evetim.<\/p>\n<\/div>\n<\/div>\n<div id=\"chunk-44gvn\">\n<div class=\"cxm-block-video content-media mc-column \" data-block-type=\"backstage-video\" data-block-id=\"8\">\n<div class=\"cxm-block-video__container cxm-block-video__container--fallback \">\n<div class=\"cxm-block-video__player-fixer\">\n<article class=\"cxm-block-video__player-wrapper\">\n<section class=\"cxm-block-video__player\">\n<div class=\"cxm-block-video__placeholder\" data-video-id=\"12938285\"><img decoding=\"async\" class=\"cxm-block-video__thumb\" title=\"Ed Sheeran canta 'Shape of You' no Rock in Rio\" src=\"https:\/\/s02.video.glbimg.com\/x240\/12938285.jpg\" alt=\"Ed Sheeran canta 'Shape of You' no Rock in Rio\" \/><\/div>\n<\/section>\n<\/article>\n<\/div>\n<div class=\"cxm-block-video__caption-container\">\n<p class=\"codex-caption codex-caption--small\">Ed Sheeran canta &#8216;Shape of You&#8217; no Rock in Rio<\/p>\n<p>Fonte: G1<\/p>\n<\/div>\n<\/div>\n<\/div>\n<\/div>\n<\/div>\n<\/article>\n<\/div>\n","protected":false},"excerpt":{"rendered":"<p>Ed Sheeran anuncia show em S\u00e3o Paulo Apresenta\u00e7\u00e3o ir\u00e1 acontecer no dia 5 de dezembro no Allianz Parque. Por\u00a0Reda\u00e7\u00e3o g1<\/p>\n","protected":false},"author":1,"featured_media":13888,"comment_status":"open","ping_status":"open","sticky":false,"template":"","format":"standard","meta":{"colormag_page_container_layout":"default_layout","colormag_page_sidebar_layout":"default_layout","footnotes":""},"categories":[99],"tags":[],"class_list":["post-13881","post","type-post","status-publish","format-standard","has-post-thumbnail","hentry","category-sp"],"_links":{"self":[{"href":"http:\/\/metropoleemfoco.com.br\/index.php?rest_route=\/wp\/v2\/posts\/13881","targetHints":{"allow":["GET"]}}],"collection":[{"href":"http:\/\/metropoleemfoco.com.br\/index.php?rest_route=\/wp\/v2\/posts"}],"about":[{"href":"http:\/\/metropoleemfoco.com.br\/index.php?rest_route=\/wp\/v2\/types\/post"}],"author":[{"embeddable":true,"href":"http:\/\/metropoleemfoco.com.br\/index.php?rest_route=\/wp\/v2\/users\/1"}],"replies":[{"embeddable":true,"href":"http:\/\/metropoleemfoco.com.br\/index.php?rest_route=%2Fwp%2Fv2%2Fcomments&post=13881"}],"version-history":[{"count":1,"href":"http:\/\/metropoleemfoco.com.br\/index.php?rest_route=\/wp\/v2\/posts\/13881\/revisions"}],"predecessor-version":[{"id":13889,"href":"http:\/\/metropoleemfoco.com.br\/index.php?rest_route=\/wp\/v2\/posts\/13881\/revisions\/13889"}],"wp:featuredmedia":[{"embeddable":true,"href":"http:\/\/metropoleemfoco.com.br\/index.php?rest_route=\/wp\/v2\/media\/13888"}],"wp:attachment":[{"href":"http:\/\/metropoleemfoco.com.br\/index.php?rest_route=%2Fwp%2Fv2%2Fmedia&parent=13881"}],"wp:term":[{"taxonomy":"category","embeddable":true,"href":"http:\/\/metropoleemfoco.com.br\/index.php?rest_route=%2Fwp%2Fv2%2Fcategories&post=13881"},{"taxonomy":"post_tag","embeddable":true,"href":"http:\/\/metropoleemfoco.com.br\/index.php?rest_route=%2Fwp%2Fv2%2Ftags&post=13881"}],"curies":[{"name":"wp","href":"https:\/\/api.w.org\/{rel}","templated":true}]}}