{"id":13879,"date":"2026-04-28T15:01:15","date_gmt":"2026-04-28T18:01:15","guid":{"rendered":"http:\/\/metropoleemfoco.com.br\/?p=13879"},"modified":"2026-04-28T15:01:15","modified_gmt":"2026-04-28T18:01:15","slug":"13879","status":"publish","type":"post","link":"http:\/\/metropoleemfoco.com.br\/?p=13879","title":{"rendered":""},"content":{"rendered":"<header>\n<div class=\"col-md-6 header-content flex\">\n<div class=\"col-md-offset-1 col-md-10\">\n<h1 class=\"page-header\">Mesatenistas paral\u00edmpicos de Santos ganham medalhas no Internacional em S\u00e3o Paulo<\/h1>\n<h1 class=\"page-header\"><a style=\"font-size: 16px;\" href=\"https:\/\/www.santos.sp.gov.br\/?q=portal\/fupes\">FUPES<\/a><\/h1>\n<\/div>\n<\/div>\n<\/header>\n<div>\n<div class=\"col-md-offset-1 col-md-10\">\n<div class=\"field field-name-body field-type-text-with-summary field-label-hidden\">\n<div class=\"field-items\">\n<div class=\"field-item even\">\n<p><img decoding=\"async\" class=\"img-vert\" src=\"https:\/\/www.santos.sp.gov.br\/static\/files_www\/files\/portal_files\/img_noticias\/2026\/04\/santos_e_ouro_1.jpg\" alt=\"\" \/>Depois de boas atua\u00e7\u00f5es no Chile, os mesatenistas de Santos voltaram a fazer bonito na etapa do Circuito Internacional paral\u00edmpico de t\u00eanis de mesa, em S\u00e3o Paulo, entre os dias 23 e 26. O ITTF World Para Challenger, realizado no Centro de Treinamento Paral\u00edmpico Brasileiro valeu pontos para o ranking mundial e os atletas da equipe CR Saldanha da Gama\/ Unisanta\/Fupes garantiram cinco medalhas, tr\u00eas delas no individual.<\/p>\n<p>Thiago Gomes\u00a0repetiu o ouro individual na classe 11 e garantiu pontos importantes no ranking mundial. Jennyfer Parinos foi p\u00f3dio nas tr\u00eas provas que disputou, na classe 9 \u2013 bronze no individual, prata na dupla feminina e fechou com ouro na dupla mista. J\u00e1 Carlos Eduardo Freire de Moraes, o Cadu, foi bronze na individual, classe 5.<\/p>\n<h4 id=\"menu1\">LOS ANGELES<\/h4>\n<p>Com foco total na vaga para os Jogos Paral\u00edmpicos de Los Angeles, em 2028, Thiago segue muito bem sua trajet\u00f3ria. Quinto colocado nos Jogos de Paris em 2024, ele j\u00e1 tem dois ouros individuais em Jogos parapanamericanos em 2023 e 2025 e este ano se prepara para o Sul-Americano, em julho.<\/p>\n<p><img decoding=\"async\" src=\"https:\/\/www.santos.sp.gov.br\/static\/files_www\/files\/portal_files\/img_noticias\/2026\/04\/thiagogomes-sp-1.jpeg\" alt=\"\" \/><\/p>\n<p>\u201cQuero brigar pelo ouro e tamb\u00e9m tem o mundial em novembro, na Tail\u00e2ndia, onde quero chegar ao p\u00f3dio\u201d, afirma. \u201cCom a conquista no Brasil, subi para o posi\u00e7\u00e3o de 6 do mundo individual\u201d, revela.<\/p>\n<h4 id=\"menu2\">CONFIAN\u00c7A<\/h4>\n<p>Jennyfer, que j\u00e1 tem duas medalhas de bronze em Jogos Paral\u00edmpicos \u2013 por equipes em T\u00f3quio 2020 e no Rio de Janeiro 2016 e tamb\u00e9m medalhas individuais em Jogos Parapan-Americanos, comemorou a boa atua\u00e7\u00e3o nas tr\u00eas categorias em S\u00e3o Paulo, tanto para o ranking quanto para motiva\u00e7\u00e3o para os pr\u00f3ximos desafios.<\/p>\n<p><img decoding=\"async\" src=\"https:\/\/www.santos.sp.gov.br\/static\/files_www\/files\/portal_files\/img_noticias\/2026\/04\/jenny-sp.jpeg\" alt=\"\" \/><\/p>\n<p>\u201cConsegui medalha em todas as disputas e isso me d\u00e1 mais confian\u00e7a para seguir subindo no ranking. Feliz com o meu desempenho e agora voltar para os treinos com foco para o Brasileiro, que ser\u00e1 em maio\u201d, disse a jogadora.<\/p>\n<h4 id=\"menu3\">SUPERA\u00c7\u00c3O<\/h4>\n<p>Cadu teve um motivo a mais para voltar para a casa feliz com mais um p\u00f3dio internacional. &#8220;Estou muito satisfeito com o resultado porqu\u00ea passei toda a competi\u00e7\u00e3o com febre e vomitando. Entreguei o meu melhor em todos os jogos.\u00a0Quero agradecer especialmente minha fam\u00edlia e minha mulher, Maiza,\u00a0por cuidar de mim, inclusive durante as partidas&#8221;, destacou o jogador, que entre suas conquistas tem o bronze no simples masculino e nas duplas masculinas MD8 nos Jogos Parapan-Americanos de Santiago 2023.<\/p>\n<p><img decoding=\"async\" src=\"https:\/\/www.santos.sp.gov.br\/static\/files_www\/files\/portal_files\/img_noticias\/2026\/04\/cadu-sp.jpeg\" alt=\"\" \/><\/p>\n<p><em>Esta iniciativa contempla o item 3 dos Objetivos de Desenvolvimento Sustent\u00e1vel da ONU: Sa\u00fade de Qualidade. Conhe\u00e7a os outros artigos dos\u00a0<a href=\"https:\/\/brasil.un.org\/pt-br\/sdgs\">ODS<\/a>.<\/p>\n<p><\/em>Fonte: .santos.sp.gov.br<\/p>\n<\/div>\n<\/div>\n<\/div>\n<\/div>\n<\/div>\n","protected":false},"excerpt":{"rendered":"<p>Mesatenistas paral\u00edmpicos de Santos ganham medalhas no Internacional em S\u00e3o Paulo FUPES Depois de boas atua\u00e7\u00f5es no Chile, os mesatenistas<\/p>\n","protected":false},"author":1,"featured_media":13884,"comment_status":"open","ping_status":"open","sticky":false,"template":"","format":"standard","meta":{"colormag_page_container_layout":"default_layout","colormag_page_sidebar_layout":"default_layout","footnotes":""},"categories":[95],"tags":[],"class_list":["post-13879","post","type-post","status-publish","format-standard","has-post-thumbnail","hentry","category-paralimpicos"],"_links":{"self":[{"href":"http:\/\/metropoleemfoco.com.br\/index.php?rest_route=\/wp\/v2\/posts\/13879","targetHints":{"allow":["GET"]}}],"collection":[{"href":"http:\/\/metropoleemfoco.com.br\/index.php?rest_route=\/wp\/v2\/posts"}],"about":[{"href":"http:\/\/metropoleemfoco.com.br\/index.php?rest_route=\/wp\/v2\/types\/post"}],"author":[{"embeddable":true,"href":"http:\/\/metropoleemfoco.com.br\/index.php?rest_route=\/wp\/v2\/users\/1"}],"replies":[{"embeddable":true,"href":"http:\/\/metropoleemfoco.com.br\/index.php?rest_route=%2Fwp%2Fv2%2Fcomments&post=13879"}],"version-history":[{"count":1,"href":"http:\/\/metropoleemfoco.com.br\/index.php?rest_route=\/wp\/v2\/posts\/13879\/revisions"}],"predecessor-version":[{"id":13885,"href":"http:\/\/metropoleemfoco.com.br\/index.php?rest_route=\/wp\/v2\/posts\/13879\/revisions\/13885"}],"wp:featuredmedia":[{"embeddable":true,"href":"http:\/\/metropoleemfoco.com.br\/index.php?rest_route=\/wp\/v2\/media\/13884"}],"wp:attachment":[{"href":"http:\/\/metropoleemfoco.com.br\/index.php?rest_route=%2Fwp%2Fv2%2Fmedia&parent=13879"}],"wp:term":[{"taxonomy":"category","embeddable":true,"href":"http:\/\/metropoleemfoco.com.br\/index.php?rest_route=%2Fwp%2Fv2%2Fcategories&post=13879"},{"taxonomy":"post_tag","embeddable":true,"href":"http:\/\/metropoleemfoco.com.br\/index.php?rest_route=%2Fwp%2Fv2%2Ftags&post=13879"}],"curies":[{"name":"wp","href":"https:\/\/api.w.org\/{rel}","templated":true}]}}