{"id":13878,"date":"2026-04-28T14:59:06","date_gmt":"2026-04-28T17:59:06","guid":{"rendered":"http:\/\/metropoleemfoco.com.br\/?p=13878"},"modified":"2026-04-28T14:59:06","modified_gmt":"2026-04-28T17:59:06","slug":"13878","status":"publish","type":"post","link":"http:\/\/metropoleemfoco.com.br\/?p=13878","title":{"rendered":""},"content":{"rendered":"<div class=\"link-back espaco t-26 col-12\">\n<h2 class=\"text-uppercase t-26\">SP define novas regras para queima no campo e orienta produtor<\/h2>\n<\/div>\n<article class=\"col-12 col-md-8\">\n<div id=\"content\" class=\"site-content\" role=\"main\">\n<section class=\"altespaco60\">\n<div class=\"imgDestaque\"><img loading=\"lazy\" decoding=\"async\" class=\"attachment-large size-large wp-post-image\" src=\"https:\/\/smastr16.blob.core.windows.net\/home\/2026\/04\/IMG_5569-1-1024x768.jpg\" sizes=\"auto, (max-width: 1024px) 100vw, 1024px\" srcset=\"https:\/\/smastr16.blob.core.windows.net\/home\/2026\/04\/IMG_5569-1-1024x768.jpg 1024w, https:\/\/smastr16.blob.core.windows.net\/home\/2026\/04\/IMG_5569-1-300x225.jpg 300w, https:\/\/smastr16.blob.core.windows.net\/home\/2026\/04\/IMG_5569-1-768x576.jpg 768w, https:\/\/smastr16.blob.core.windows.net\/home\/2026\/04\/IMG_5569-1-1536x1152.jpg 1536w, https:\/\/smastr16.blob.core.windows.net\/home\/2026\/04\/IMG_5569-1-2048x1536.jpg 2048w, https:\/\/smastr16.blob.core.windows.net\/home\/2026\/04\/IMG_5569-1-1320x990.jpg 1320w\" alt=\"\" width=\"1024\" height=\"768\" \/><\/div>\n<div class=\"wp-content espaco\">\n<div class=\"entry-header\">\n<h3 class=\"sma_subtitulo\">Resolu\u00e7\u00e3o conjunta entre Semil e SAA define regras para uso de fogo e refor\u00e7a controle ambiental<\/h3>\n<\/div>\n<p>Foi assinada nesta ter\u00e7a-feira (28), durante a Agrishow 2026, a resolu\u00e7\u00e3o conjunta entre a Secretaria de Meio Ambiente, Infraestrutura e Log\u00edstica (Semil) e a Secretaria de Agricultura e Abastecimento (SAA) que estabelece como ser\u00e1 feita a autoriza\u00e7\u00e3o para o uso de fogo (queima controlada) em atividades agr\u00edcolas.<\/p>\n<p>A medida define qual \u00f3rg\u00e3o o produtor deve procurar em cada situa\u00e7\u00e3o, refor\u00e7a o cumprimento da legisla\u00e7\u00e3o vigente e assegura maior rigor t\u00e9cnico e ambiental na an\u00e1lise e concess\u00e3o das autoriza\u00e7\u00f5es. Pela resolu\u00e7\u00e3o, caber\u00e1 \u00e0 Secretaria de Agricultura e Abastecimento, por meio da Diretoria de Defesa Agropecu\u00e1ria, a emiss\u00e3o de autoriza\u00e7\u00e3o para queima controlada por motivos sanit\u00e1rios e em pr\u00e1ticas agr\u00edcolas quando houver recomenda\u00e7\u00e3o t\u00e9cnica.<\/p>\n<p>J\u00e1 a Companhia Ambiental do Estado de S\u00e3o Paulo (Cetesb), \u00f3rg\u00e3o vinculado \u00e0 Semil, ser\u00e1 respons\u00e1vel pelas autoriza\u00e7\u00f5es relacionadas ao uso do fogo na cana-de-a\u00e7\u00facar, conforme previsto em legisla\u00e7\u00e3o espec\u00edfica, al\u00e9m dos demais casos n\u00e3o contemplados pela SAA. A normativa mant\u00e9m a obrigatoriedade de observ\u00e2ncia das leis estaduais que regulam o tema, incluindo as restri\u00e7\u00f5es e diretrizes j\u00e1 estabelecidas para prote\u00e7\u00e3o ambiental e a elimina\u00e7\u00e3o gradual da queima da palha da cana-de-a\u00e7\u00facar.<\/p>\n<p>Para a secret\u00e1ria da Semil, Nat\u00e1lia Resende, a resolu\u00e7\u00e3o representa um avan\u00e7o na governan\u00e7a ambiental e na seguran\u00e7a jur\u00eddica para o setor produtivo: \u201cEssa resolu\u00e7\u00e3o consolida um arranjo institucional claro, que garante previsibilidade ao produtor rural e, ao mesmo tempo, refor\u00e7a o compromisso do Estado com a prote\u00e7\u00e3o ambiental. Trata-se de um tema que exige rigor t\u00e9cnico, responsabilidade e atua\u00e7\u00e3o coordenada entre as \u00e1reas ambiental e agr\u00edcola\u201d, enfatizou.<\/p>\n<p>\u201cEssa medida \u00e9 fundamental para dar resposta r\u00e1pida a problemas sanit\u00e1rios que impactam diretamente a produ\u00e7\u00e3o e a renda no campo. Em casos como o greening, que tem causado perdas significativas na citricultura, a possibilidade de atua\u00e7\u00e3o com respaldo t\u00e9cnico e autoriza\u00e7\u00e3o adequada \u00e9 essencial para conter o avan\u00e7o da doen\u00e7a. Ao organizar esse processo, o Estado protege a produ\u00e7\u00e3o, preserva empregos e fortalece a sanidade das lavouras paulistas, com responsabilidade ambiental e seguran\u00e7a jur\u00eddica para o produtor\u201d, acrescenta o secret\u00e1rio de Agricultura e Abastecimento, Geraldo Melo Filho.<\/p>\n<p>A resolu\u00e7\u00e3o tamb\u00e9m prev\u00ea que a Defesa Agropecu\u00e1ria estabelecer\u00e1 os documentos e a sistem\u00e1tica necess\u00e1ria para a solicita\u00e7\u00e3o das autoriza\u00e7\u00f5es sob sua responsabilidade, contribuindo para maior transpar\u00eancia e padroniza\u00e7\u00e3o dos processos. A iniciativa refor\u00e7a a atua\u00e7\u00e3o integrada do Sistema Estadual de Administra\u00e7\u00e3o da Qualidade Ambiental (Seaqua) e entra em vigor 90 dias ap\u00f3s sua publica\u00e7\u00e3o.<\/p>\n<p>Fonte: semil.sp.gov.br<\/p>\n<\/div>\n<\/section>\n<\/div>\n<\/article>\n","protected":false},"excerpt":{"rendered":"<p>SP define novas regras para queima no campo e orienta produtor Resolu\u00e7\u00e3o conjunta entre Semil e SAA define regras para<\/p>\n","protected":false},"author":1,"featured_media":13882,"comment_status":"open","ping_status":"open","sticky":false,"template":"","format":"standard","meta":{"colormag_page_container_layout":"default_layout","colormag_page_sidebar_layout":"default_layout","footnotes":""},"categories":[98],"tags":[],"class_list":["post-13878","post","type-post","status-publish","format-standard","has-post-thumbnail","hentry","category-meio-ambiente"],"_links":{"self":[{"href":"http:\/\/metropoleemfoco.com.br\/index.php?rest_route=\/wp\/v2\/posts\/13878","targetHints":{"allow":["GET"]}}],"collection":[{"href":"http:\/\/metropoleemfoco.com.br\/index.php?rest_route=\/wp\/v2\/posts"}],"about":[{"href":"http:\/\/metropoleemfoco.com.br\/index.php?rest_route=\/wp\/v2\/types\/post"}],"author":[{"embeddable":true,"href":"http:\/\/metropoleemfoco.com.br\/index.php?rest_route=\/wp\/v2\/users\/1"}],"replies":[{"embeddable":true,"href":"http:\/\/metropoleemfoco.com.br\/index.php?rest_route=%2Fwp%2Fv2%2Fcomments&post=13878"}],"version-history":[{"count":1,"href":"http:\/\/metropoleemfoco.com.br\/index.php?rest_route=\/wp\/v2\/posts\/13878\/revisions"}],"predecessor-version":[{"id":13883,"href":"http:\/\/metropoleemfoco.com.br\/index.php?rest_route=\/wp\/v2\/posts\/13878\/revisions\/13883"}],"wp:featuredmedia":[{"embeddable":true,"href":"http:\/\/metropoleemfoco.com.br\/index.php?rest_route=\/wp\/v2\/media\/13882"}],"wp:attachment":[{"href":"http:\/\/metropoleemfoco.com.br\/index.php?rest_route=%2Fwp%2Fv2%2Fmedia&parent=13878"}],"wp:term":[{"taxonomy":"category","embeddable":true,"href":"http:\/\/metropoleemfoco.com.br\/index.php?rest_route=%2Fwp%2Fv2%2Fcategories&post=13878"},{"taxonomy":"post_tag","embeddable":true,"href":"http:\/\/metropoleemfoco.com.br\/index.php?rest_route=%2Fwp%2Fv2%2Ftags&post=13878"}],"curies":[{"name":"wp","href":"https:\/\/api.w.org\/{rel}","templated":true}]}}