{"id":13869,"date":"2026-04-28T14:54:07","date_gmt":"2026-04-28T17:54:07","guid":{"rendered":"http:\/\/metropoleemfoco.com.br\/?p=13869"},"modified":"2026-04-28T15:13:06","modified_gmt":"2026-04-28T18:13:06","slug":"13869","status":"publish","type":"post","link":"http:\/\/metropoleemfoco.com.br\/?p=13869","title":{"rendered":""},"content":{"rendered":"<div class=\"mc-article-header\">\n<div class=\"row content-head mc-column non-featured \">\n<div class=\"title\" data-block-type=\"title\" data-block-id=\"0\">\n<h1 class=\"content-head__title\">Ap\u00f3s espera de 30 anos, Prefeitura apresenta projeto de revitaliza\u00e7\u00e3o da Nova M\u2019Boi Mirim, na Zona Sul de SP; obra custar\u00e1 R$ 446 milh\u00f5es<\/h1>\n<\/div>\n<div class=\"medium-centered subtitle\">\n<h2 class=\"content-head__subtitle\">Segundo a gest\u00e3o Ricardo Nunes (MDB), obra deve impactar mobilidade de 800 mil pessoas e prev\u00ea corredor central, ciclovias e Faixa Azul para motociclistas. Revitaliza\u00e7\u00e3o acontecer\u00e1 em 6,3 km de extens\u00e3o da via. Entrega total deve ocorrer at\u00e9 2028.<\/h2>\n<\/div>\n<\/div>\n<div class=\"content__signa-share mc-column\">\n<div class=\"content__signature\">\n<div class=\"content-publication-data\">\n<div class=\"content-publication-data__text\">\n<p class=\"content-publication-data__from\" title=\"Sabina Simonato\">Por\u00a0<a class=\"multi_signatures\" href=\"https:\/\/g1.globo.com\/autores\/sabina-simonato\/\">Sabina Simonato<\/a>, TV Globo\u00a0\u2014 S\u00e3o Paulo<\/p>\n<\/div>\n<\/div>\n<\/div>\n<\/div>\n<div class=\"glb-share-bar content__share-bar\">\n<div class=\"glb-share-bar_icons\">\n<div class=\"glb-share-bar_button-img\"><\/div>\n<div class=\"glb-share-bar_button-img\"><\/div>\n<div class=\"glb-share-bar_button-img\"><\/div>\n<\/div>\n<\/div>\n<\/div>\n<div class=\"mc-article-body\">\n<article>\n<div id=\"chunk-2d1oj\">\n<div class=\"row medium-uncollapsed content-media content-photo\" data-block-type=\"backstage-photo\" data-block-id=\"1\">\n<div class=\"column medium-22 large-20 medium-centered content-media__container\">\n<div class=\"content-media-container glb-skeleton-box\">\n<figure class=\"content-media-figure\"><img decoding=\"async\" class=\"i-amphtml-fill-content i-amphtml-replaced-content\" src=\"https:\/\/s2-g1.glbimg.com\/i9HrQviVyG_shI9064dIF6MX3Ao=\/0x0:2544x1186\/1008x0\/smart\/filters:strip_icc()\/i.s3.glbimg.com\/v1\/AUTH_59edd422c0c84a879bd37670ae4f538a\/internal_photos\/bs\/2026\/Z\/l\/jHOB77SZO4mAyNk9U7YA\/nova-mboimirim-crop.jpg.jpeg\" srcset=\"\" alt=\"Prefeitura de SP apresenta novo projeto de revitaliza\u00e7\u00e3o da Avenida do M'Boi Mirim, na Zona Sul de S\u00e3o Paulo. Trecho 2 e 3, que deve ser entregue at\u00e9 2028. \u2014 Foto: Reprodu\u00e7\u00e3o\/TV Globo\" \/><\/figure>\n<\/div>\n<p class=\"content-media__description \">Prefeitura de SP apresenta novo projeto de revitaliza\u00e7\u00e3o da Avenida do M&#8217;Boi Mirim, na Zona Sul de S\u00e3o Paulo. Trecho 2 e 3, que deve ser entregue at\u00e9 2028. \u2014 Foto: Reprodu\u00e7\u00e3o\/TV Globo<\/p>\n<\/div>\n<\/div>\n<\/div>\n<div id=\"chunk-cveid\">\n<div class=\"mc-column content-text active-extra-styles \" data-block-type=\"unstyled\" data-block-weight=\"34\" data-block-id=\"2\">\n<p class=\" content-text__container \" data-track-category=\"Link no Texto\" data-track-links=\"\" data-mrf-recirculation=\"Mat\u00e9ria - Links no Texto\">A Prefeitura de\u00a0<a class=\"\" href=\"https:\/\/g1.globo.com\/sp\/sao-paulo\/cidade\/sao-paulo\/\" data-mrf-link=\"https:\/\/g1.globo.com\/sp\/sao-paulo\/cidade\/sao-paulo\/\">S\u00e3o Paulo<\/a>\u00a0apresenta nesta ter\u00e7a-feira (28) o projeto de revitaliza\u00e7\u00e3o da nova avenida do M\u2019Boi Mirim, ap\u00f3s uma espera de 30 anos dos moradores do extremo Sul da capital paulista.<\/p>\n<\/div>\n<\/div>\n<div class=\"wall protected-content\">\n<div id=\"chunk-sv34\">\n<div class=\"mc-column content-text active-extra-styles \" data-block-type=\"unstyled\" data-block-weight=\"29\" data-block-id=\"4\">\n<p class=\" content-text__container \" data-track-category=\"Link no Texto\" data-track-links=\"\" data-mrf-recirculation=\"Mat\u00e9ria - Links no Texto\">A obra vai custar cerca de R$ 446 milh\u00f5es, segundo a gest\u00e3o do prefeito\u00a0<a class=\"\" href=\"https:\/\/g1.globo.com\/politica\/politico\/ricardo-luis-reis-nunes\/\" data-mrf-link=\"https:\/\/g1.globo.com\/politica\/politico\/ricardo-luis-reis-nunes\/\">Ricardo Nunes<\/a>\u00a0(<a class=\"\" href=\"https:\/\/g1.globo.com\/politica\/partido\/mdb\/\" data-mrf-link=\"https:\/\/g1.globo.com\/politica\/partido\/mdb\/\">MDB<\/a>), e deve ser feita em parceria com o governo do estado.<\/p>\n<\/div>\n<\/div>\n<div id=\"chunk-2jo8g\">\n<div class=\"mc-column content-text active-extra-styles \" data-block-type=\"unstyled\" data-block-weight=\"35\" data-block-id=\"5\">\n<p class=\" content-text__container \" data-track-category=\"Link no Texto\" data-track-links=\"\" data-mrf-recirculation=\"Mat\u00e9ria - Links no Texto\">O prazo de entrega total da obra \u00e9 em 2028. O primeiro trecho deve ficar pronto at\u00e9 setembro, meses antes da elei\u00e7\u00e3o geral de 2026. As obras come\u00e7aram em 5 de janeiro deste ano.<\/p>\n<\/div>\n<\/div>\n<div id=\"chunk-e7i9j\">\n<div class=\"mc-column content-text active-extra-styles \" data-block-type=\"unstyled\" data-block-weight=\"26\" data-block-id=\"6\">\n<p class=\" content-text__container \" data-track-category=\"Link no Texto\" data-track-links=\"\" data-mrf-recirculation=\"Mat\u00e9ria - Links no Texto\">Segundo a gest\u00e3o municipal, o conjunto de obras vai reconfigurar a mobilidade regi\u00e3o e deve impactar cerca de 800 mil pessoas que utilizam a via diariamente.<\/p>\n<\/div>\n<\/div>\n<div id=\"chunk-ara3o\">\n<div class=\"mc-column content-text active-extra-styles \" data-block-type=\"unstyled\" data-block-weight=\"40\" data-block-id=\"8\">\n<p class=\" content-text__container \" data-track-category=\"Link no Texto\" data-track-links=\"\" data-mrf-recirculation=\"Mat\u00e9ria - Links no Texto\">Com 6,3 km de extens\u00e3o, a interven\u00e7\u00e3o prev\u00ea a implanta\u00e7\u00e3o de um corredor central de \u00f4nibus, priorizando o transporte coletivo. A via tamb\u00e9m ser\u00e1 a primeira fora do centro expandido a contar com enterramento de fios, segundo a gest\u00e3o municipal.<\/p>\n<\/div>\n<\/div>\n<div id=\"chunk-b0ttf\">\n<div class=\"mc-column content-text active-extra-styles \" data-block-type=\"unstyled\" data-block-weight=\"24\" data-block-id=\"9\">\n<p class=\" content-text__container \" data-track-category=\"Link no Texto\" data-track-links=\"\" data-mrf-recirculation=\"Mat\u00e9ria - Links no Texto\">O projeto inclui ainda obras de drenagem, novo cal\u00e7amento, implanta\u00e7\u00e3o da Faixa Azul para motociclistas, ciclovia e ilumina\u00e7\u00e3o em LED em todo o trecho.<\/p>\n<\/div>\n<\/div>\n<div id=\"chunk-elv4m\">\n<div class=\"mc-column content-text active-extra-styles \" data-block-type=\"unstyled\" data-block-weight=\"31\" data-block-id=\"10\">\n<p class=\" content-text__container \" data-track-category=\"Link no Texto\" data-track-links=\"\" data-mrf-recirculation=\"Mat\u00e9ria - Links no Texto\">As obras do trecho 1, com 1,2 km entre Itapecerica da Serra e a Avenida dos Funcion\u00e1rios P\u00fablicos, est\u00e3o em andamento desde 5 de janeiro e devem ser conclu\u00eddas at\u00e9 setembro.<\/p>\n<\/div>\n<\/div>\n<div id=\"chunk-d91ms\">\n<div class=\"mc-column content-text active-extra-styles \" data-block-type=\"unstyled\" data-block-weight=\"40\" data-block-id=\"11\">\n<p class=\" content-text__container \" data-track-category=\"Link no Texto\" data-track-links=\"\" data-mrf-recirculation=\"Mat\u00e9ria - Links no Texto\">J\u00e1 os trechos 2 e 3, que somam 5,1 km entre a Avenida dos Funcion\u00e1rios P\u00fablicos, a Rua Riberalta e o Terminal Jardim \u00c2ngela, contar\u00e3o com corredor central de \u00f4nibus e baias nas paradas, garantindo fluxo cont\u00ednuo nas faixas.<\/p>\n<\/div>\n<\/div>\n<div id=\"chunk-5t0si\">\n<div class=\"mc-column content-text active-extra-styles \" data-block-type=\"unstyled\" data-block-weight=\"18\" data-block-id=\"12\">\n<p class=\" content-text__container \" data-track-category=\"Link no Texto\" data-track-links=\"\" data-mrf-recirculation=\"Mat\u00e9ria - Links no Texto\">O projeto tamb\u00e9m prev\u00ea duas pistas de rolamento, intercaladas pela Faixa Azul, e ciclovias implantadas junto \u00e0s guias.<\/p>\n<\/div>\n<\/div>\n<div id=\"chunk-2jj2g\">\n<div class=\"mc-column content-text active-extra-styles \" data-block-type=\"unstyled\" data-block-weight=\"4\" data-block-id=\"13\">\n<p class=\" content-text__container \" data-track-category=\"Link no Texto\" data-track-links=\"\" data-mrf-recirculation=\"Mat\u00e9ria - Links no Texto\"><strong>Previs\u00e3o de entrega:<\/strong><\/p>\n<\/div>\n<\/div>\n<div id=\"chunk-3uk9l\">\n<div class=\"mc-column content-text active-extra-styles\" data-block-type=\"raw\" data-block-weight=\"57\" data-block-id=\"14\">\n<ul class=\"content-unordered-list\" data-mrf-recirculation=\"Mat\u00e9ria - Leia Tamb\u00e9m (Lista)\">\n<li><strong>Trecho 1:<\/strong>\u00a0j\u00e1 est\u00e1 em obras e n\u00e3o ter\u00e1 corredor, porque a demanda de passageiros \u00e9 menor. Local fica entre a Av. Itapecerica e Av dos Funcion\u00e1rios P\u00fablicos.\u00a0<strong>Entrega prevista:\u00a0<\/strong>setembro deste ano;<\/li>\n<li><strong>Trechos 2 e 3:<\/strong>\u00a0ter\u00e3o corredor central de \u00f4nibus, fica entre Av. dos Funcion\u00e1rios P\u00fablicos e Termina no Jardim \u00c2ngela. Previs\u00e3o de entrega: 2028.<\/li>\n<\/ul>\n<\/div>\n<\/div>\n<div id=\"chunk-9jrjn\">\n<div class=\"mc-column content-text active-extra-styles \" data-block-type=\"unstyled\" data-block-weight=\"29\" data-block-id=\"16\">\n<p class=\" content-text__container \" data-track-category=\"Link no Texto\" data-track-links=\"\" data-mrf-recirculation=\"Mat\u00e9ria - Links no Texto\">A interven\u00e7\u00e3o \u00e9 realizada em parceria com o Governo do Estado, por meio do Departamento de Estradas de Rodagem (DER), com investimento de R$ 446 milh\u00f5es, sem considerar desapropria\u00e7\u00f5es.<\/p>\n<\/div>\n<\/div>\n<div id=\"chunk-9ue3i\">\n<div class=\"cxm-block-video content-media mc-column \" data-block-type=\"backstage-video\" data-block-id=\"17\">\n<div class=\"cxm-block-video__container cxm-block-video__container--fallback \">\n<div class=\"cxm-block-video__player-fixer\">\n<article class=\"cxm-block-video__player-wrapper\">\n<section class=\"cxm-block-video__player\">\n<div class=\"cxm-block-video__placeholder\" data-video-id=\"14561092\"><img decoding=\"async\" class=\"cxm-block-video__thumb\" title=\"Passageiros levam mais tempo em deslocamentos de \u00f4nibus na capital paulista\" src=\"https:\/\/s01.video.glbimg.com\/x240\/14561092.jpg\" alt=\"Passageiros levam mais tempo em deslocamentos de \u00f4nibus na capital paulista\" \/><\/div>\n<\/section>\n<\/article>\n<\/div>\n<div class=\"cxm-block-video__caption-container\">\n<p class=\"codex-caption codex-caption--small\">Passageiros levam mais tempo em deslocamentos de \u00f4nibus na capital paulista<\/p>\n<\/div>\n<\/div>\n<\/div>\n<\/div>\n<div id=\"chunk-bumt3\">\n<div class=\"mc-column content-text active-extra-styles \" data-block-type=\"unstyled\" data-block-weight=\"53\" data-block-id=\"18\">\n<p class=\" content-text__container \" data-track-category=\"Link no Texto\" data-track-links=\"\" data-mrf-recirculation=\"Mat\u00e9ria - Links no Texto\">\u201cA exemplo de outras grandes art\u00e9rias da cidade, como a Nova Santo Amaro, faremos o mesmo na Estrada do M\u2019Boi Mirim, importante liga\u00e7\u00e3o entre cidades da regi\u00e3o metropolitana e a capital. A prioridade \u00e9 o transporte coletivo, melhorando a vida das pessoas que vivem e circulam pela regi\u00e3o\u201d, afirmou o prefeito Ricardo Nunes.<\/p>\n<\/div>\n<\/div>\n<div id=\"chunk-5ign4\">\n<div class=\"mc-column content-text active-extra-styles \" data-block-type=\"unstyled\" data-block-weight=\"61\" data-block-id=\"19\">\n<p class=\" content-text__container \" data-track-category=\"Link no Texto\" data-track-links=\"\" data-mrf-recirculation=\"Mat\u00e9ria - Links no Texto\">Os projetos funcional e executivo dos trechos 2 e 3 est\u00e3o em fase final. Nessa etapa, s\u00e3o definidos o faseamento das obras \u2014 para reduzir impactos no tr\u00e2nsito \u2014 e as desapropria\u00e7\u00f5es, com valores estabelecidos e pagamento integral aos im\u00f3veis atingidos. A execu\u00e7\u00e3o ficar\u00e1 a cargo da SIURB (Secretaria Municipal de Infraestrutura Urbana e Obras), com previs\u00e3o de conclus\u00e3o em 2028.<\/p>\n<\/div>\n<\/div>\n<div id=\"chunk-2b7ns\">\n<div class=\"mc-column content-text active-extra-styles \" data-block-type=\"unstyled\" data-block-weight=\"58\" data-block-id=\"21\">\n<p class=\" content-text__container \" data-track-category=\"Link no Texto\" data-track-links=\"\" data-mrf-recirculation=\"Mat\u00e9ria - Links no Texto\">Uma das principais vias da zona sul, a Estrada do M\u2019Boi Mirim registra fluxo intenso. Dados da CET apontam circula\u00e7\u00e3o di\u00e1ria entre 41 mil ve\u00edculos, na altura do Hospital M\u2019Boi Mirim, e 69 mil ve\u00edculos na interse\u00e7\u00e3o com a Avenida Luiz Gushiken. A via tamb\u00e9m recebe quase 300 \u00f4nibus por hora e cerca de 400 ciclistas por dia.<\/p>\n<\/div>\n<\/div>\n<div id=\"chunk-38bsv\">\n<div class=\"mc-column content-text active-extra-styles \" data-block-type=\"unstyled\" data-block-weight=\"64\" data-block-id=\"22\">\n<p class=\" content-text__container \" data-track-category=\"Link no Texto\" data-track-links=\"\" data-mrf-recirculation=\"Mat\u00e9ria - Links no Texto\">A prefeitura afirma que a requalifica\u00e7\u00e3o deve beneficiar moradores de 19 bairros da regi\u00e3o, entre eles Jardim Copacabana, Jardim Nakamura, Alto da Riviera, Parque Bologne, Morro do \u00cdndio, Jardim Jangadeiro, Parque Independ\u00eancia, Parque Novo Santo Amaro, Jardim S\u00e3o Louren\u00e7o, Jardim Turquesa, Tr\u00eas Marias, Parque do Lago, Parque das Cerejeiras, Jardim Capela, Ch\u00e1cara Sonho Azul, Vila Calu, Jardim Jacira, Ch\u00e1cara Bandeirantes e Jardim Vera Cruz.<\/p>\n<\/div>\n<\/div>\n<div id=\"chunk-evdr9\">\n<div class=\"mc-column content-text active-extra-styles\" data-block-type=\"raw\" data-block-weight=\"4\" data-block-id=\"23\">\n<div class=\"content-intertitle\">\n<h2>Adequa\u00e7\u00f5es no transporte coletivo<\/h2>\n<\/div>\n<\/div>\n<\/div>\n<div id=\"chunk-7tk3s\">\n<div class=\"mc-column content-text active-extra-styles \" data-block-type=\"unstyled\" data-block-weight=\"46\" data-block-id=\"24\">\n<p class=\" content-text__container \" data-track-category=\"Link no Texto\" data-track-links=\"\" data-mrf-recirculation=\"Mat\u00e9ria - Links no Texto\">A Secretaria Municipal de Mobilidade Urbana e Transporte (SMT) e a SPTrans elaboraram um plano emergencial de desvios e opera\u00e7\u00e3o tempor\u00e1ria para manter o atendimento a cerca de 33 mil passageiros que utilizam o trecho que compreende a primeira fase da obra durante os dias \u00fateis.<\/p>\n<\/div>\n<\/div>\n<div id=\"chunk-amlt1\">\n<div class=\"mc-column content-text active-extra-styles \" data-block-type=\"unstyled\" data-block-weight=\"39\" data-block-id=\"25\">\n<p class=\" content-text__container \" data-track-category=\"Link no Texto\" data-track-links=\"\" data-mrf-recirculation=\"Mat\u00e9ria - Links no Texto\">Para melhorar os deslocamentos, a SPTrans implantou a linha 7004-22 Vl. do Sol &#8211; Jd. \u00c2ngela de forma tempor\u00e1ria para a primeira fase da obra. A linha ter\u00e1 opera\u00e7\u00e3o circular e funcionar\u00e1 diariamente, incluindo dias \u00fateis, s\u00e1bados e domingos.<\/p>\n<\/div>\n<\/div>\n<div id=\"chunk-c0vgu\">\n<div class=\"mc-column content-text active-extra-styles\" data-block-type=\"raw\" data-block-weight=\"4\" data-block-id=\"27\">\n<div class=\"content-intertitle\">\n<h2>Linhas municipais com desvios<\/h2>\n<\/div>\n<\/div>\n<\/div>\n<div id=\"chunk-2aeqd\">\n<div class=\"mc-column content-text active-extra-styles \" data-block-type=\"unstyled\" data-block-weight=\"33\" data-block-id=\"28\">\n<p class=\" content-text__container \" data-track-category=\"Link no Texto\" data-track-links=\"\" data-mrf-recirculation=\"Mat\u00e9ria - Links no Texto\">As seguintes linhas municipais ter\u00e3o seus percursos alterados, em desvios que buscam o percurso alternativo menos impactante, mas que, em grande parte, depender\u00e3o da linha tempor\u00e1ria para a liga\u00e7\u00e3o mais pr\u00f3xima aos bairros:<\/p>\n<\/div>\n<\/div>\n<div id=\"chunk-297au\">\n<div class=\"mc-column content-text active-extra-styles\" data-block-type=\"raw\" data-block-weight=\"22\" data-block-id=\"29\">\n<ul class=\"content-unordered-list\" data-mrf-recirculation=\"Mat\u00e9ria - Leia Tamb\u00e9m (Lista)\">\n<li>6015-10 Vl. Cal\u00fa &#8211; Jd. \u00c2ngela<\/li>\n<li>6840-10 Term. Jd. Jacira &#8211; Term. Capelinha<\/li>\n<li>7004-10 Term. Jd. Jacira &#8211; Est. Sto. Amaro\/Guido Caloi<\/li>\n<\/ul>\n<p>Fonte: G1<\/p>\n<\/div>\n<\/div>\n<\/div>\n<\/article>\n<\/div>\n","protected":false},"excerpt":{"rendered":"<p>Prefeitura apresenta projeto de revitaliza\u00e7\u00e3o da Nova M\u2019Boi Mirim, na Zona Sul de SP<\/p>\n","protected":false},"author":1,"featured_media":13872,"comment_status":"open","ping_status":"open","sticky":false,"template":"","format":"standard","meta":{"colormag_page_container_layout":"default_layout","colormag_page_sidebar_layout":"default_layout","footnotes":""},"categories":[3],"tags":[],"class_list":["post-13869","post","type-post","status-publish","format-standard","has-post-thumbnail","hentry","category-seu-bairro"],"_links":{"self":[{"href":"http:\/\/metropoleemfoco.com.br\/index.php?rest_route=\/wp\/v2\/posts\/13869","targetHints":{"allow":["GET"]}}],"collection":[{"href":"http:\/\/metropoleemfoco.com.br\/index.php?rest_route=\/wp\/v2\/posts"}],"about":[{"href":"http:\/\/metropoleemfoco.com.br\/index.php?rest_route=\/wp\/v2\/types\/post"}],"author":[{"embeddable":true,"href":"http:\/\/metropoleemfoco.com.br\/index.php?rest_route=\/wp\/v2\/users\/1"}],"replies":[{"embeddable":true,"href":"http:\/\/metropoleemfoco.com.br\/index.php?rest_route=%2Fwp%2Fv2%2Fcomments&post=13869"}],"version-history":[{"count":2,"href":"http:\/\/metropoleemfoco.com.br\/index.php?rest_route=\/wp\/v2\/posts\/13869\/revisions"}],"predecessor-version":[{"id":13901,"href":"http:\/\/metropoleemfoco.com.br\/index.php?rest_route=\/wp\/v2\/posts\/13869\/revisions\/13901"}],"wp:featuredmedia":[{"embeddable":true,"href":"http:\/\/metropoleemfoco.com.br\/index.php?rest_route=\/wp\/v2\/media\/13872"}],"wp:attachment":[{"href":"http:\/\/metropoleemfoco.com.br\/index.php?rest_route=%2Fwp%2Fv2%2Fmedia&parent=13869"}],"wp:term":[{"taxonomy":"category","embeddable":true,"href":"http:\/\/metropoleemfoco.com.br\/index.php?rest_route=%2Fwp%2Fv2%2Fcategories&post=13869"},{"taxonomy":"post_tag","embeddable":true,"href":"http:\/\/metropoleemfoco.com.br\/index.php?rest_route=%2Fwp%2Fv2%2Ftags&post=13869"}],"curies":[{"name":"wp","href":"https:\/\/api.w.org\/{rel}","templated":true}]}}