{"id":13863,"date":"2026-04-28T14:45:55","date_gmt":"2026-04-28T17:45:55","guid":{"rendered":"http:\/\/metropoleemfoco.com.br\/?p=13863"},"modified":"2026-04-28T14:45:55","modified_gmt":"2026-04-28T17:45:55","slug":"13863","status":"publish","type":"post","link":"http:\/\/metropoleemfoco.com.br\/?p=13863","title":{"rendered":""},"content":{"rendered":"<div class=\"header-noticia full-width\">\n<h1 class=\"titulo-materia\">Elei\u00e7\u00f5es 2026: prazo para regularizar pend\u00eancias termina em uma semana<\/h1>\n<div class=\"linha-fina-noticia\">Cancelamento do t\u00edtulo pode causar diversas restri\u00e7\u00f5es para o cidad\u00e3o<\/div>\n<\/div>\n<div class=\"subheader\">\n<div class=\"container-autoria\">\n<div class=\"autor-noticia\">Andr\u00e9 Richter &#8211; Rep\u00f3rter da Ag\u00eancia Brasil<\/div>\n<div class=\"local\">Bras\u00edlia<\/div>\n<\/div>\n<nav class=\"compartilhamento rowflex\"><\/nav>\n<\/div>\n<div class=\"capa-materia rel-position\">\n<figure><img decoding=\"async\" id=\"media-60085\" title=\"T\u00e2nia R\u00eago\/Ag\u00eancia Brasil\" src=\"https:\/\/imagens.ebc.com.br\/Jlrlg_86RwPhRydk2-r15TQx1eI=\/1170x700\/smart\/https:\/\/agenciabrasil.ebc.com.br\/sites\/default\/files\/atoms\/image\/934066-_tng1842.jpg?itok=DAi8TGBd\" alt=\"Eleitores comparecem \u00e1s se\u00e7\u00f5es eleitorais para votarem no segundo turno das Eleil\u00e7\u00f5es 2014 na cidade de Bel\u00e9m, no Par\u00e1 (T\u00e2nia R\u00eago\/Ag\u00eancia Brasil)\" \/><figcaption class=\"credito-foto abs-position fullwidth\">\u00a9 T\u00e2nia R\u00eago\/Ag\u00eancia Brasil<\/figcaption><\/figure>\n<\/div>\n<div id=\"block-tts-block-tts\" class=\"block block-tts\">\n<div class=\"content\">\n<div id=\"tts-container\" class=\"container-audio rel-position\">\n<div class=\"title abs-position\">Vers\u00e3o em \u00e1udio<\/div>\n<\/div>\n<\/div>\n<\/div>\n<div class=\"conteudo-noticia\">\n<p><strong>Os eleitores que pretendem votar nas elei\u00e7\u00f5es de outubro t\u00eam at\u00e9 o dia 6 de maio para regularizar suas pend\u00eancias na Justi\u00e7a Eleitoral.<\/strong><img decoding=\"async\" src=\"https:\/\/agenciabrasil.ebc.com.br\/ebc.png?id=1687444&amp;o=node\" \/><img decoding=\"async\" src=\"https:\/\/agenciabrasil.ebc.com.br\/ebc.gif?id=1687444&amp;o=node\" \/><\/p>\n<p>O prazo deve ser observado pelo cidad\u00e3o que quer tirar o primeiro t\u00edtulo de eleitor, regularizar o documento, cadastrar biometria, transferir o domic\u00edlio eleitoral e atualizar dados cadastrais.<\/p>\n<p>A partir do dia 7 de maio, o cadastro eleitoral ser\u00e1 fechado e n\u00e3o ser\u00e3o permitidas altera\u00e7\u00f5es nos dados dos eleitores.<\/p>\n<p><strong>Para resolver as pend\u00eancias, o eleitor pode acessar o servi\u00e7o eletr\u00f4nico\u00a0<a href=\"https:\/\/www.tse.jus.br\/servicos-eleitorais\/autoatendimento-eleitoral#\">dispon\u00edvel no site do Tribunal Superior Eleitoral (TSE)<\/a>.<\/strong><\/p>\n<p>Pela plataforma, \u00e9 poss\u00edvel enviar os documentos solicitados para cada tipo de servi\u00e7o e acompanhar o andamento da solicita\u00e7\u00e3o.<\/p>\n<p>O eleitor tamb\u00e9m pode procurar os cart\u00f3rios eleitorais ou postos de atendimento presenciais em todo o pa\u00eds. A localiza\u00e7\u00e3o pode ser encontrada no site do tribunal.<\/p>\n<p><strong>Alguns servi\u00e7os, como a coleta de biometria e a solicita\u00e7\u00e3o do primeiro t\u00edtulo, s\u00f3 podem ser realizados presencialmente.<\/strong><\/p>\n<h2>Regulariza\u00e7\u00e3o<\/h2>\n<p><strong>Para verificar se o t\u00edtulo est\u00e1 regular, o eleitor pode acessar a p\u00e1gina do TSE na internet e clicar no menu\u00a0<em>Consultas<\/em>. Em seguida, basta clicar em\u00a0<em>Situa\u00e7\u00e3o do T\u00edtulo<\/em>.<\/strong><\/p>\n<p>O passo a passo para a regulariza\u00e7\u00e3o ser\u00e1 indicado pelo sistema eletr\u00f4nico.<\/p>\n<h2>Cancelamento<\/h2>\n<p>O prazo de regulariza\u00e7\u00e3o tamb\u00e9m deve ser seguido por quem teve o t\u00edtulo cancelado por deixar de votar por tr\u00eas elei\u00e7\u00f5es seguidas (tr\u00eas turnos consecutivos) e n\u00e3o justificou aus\u00eancia.<\/p>\n<p><strong>Al\u00e9m de n\u00e3o conseguir votar nas elei\u00e7\u00f5es de outubro, a manuten\u00e7\u00e3o do cancelamento pode causar diversas restri\u00e7\u00f5es para o cidad\u00e3o, como\u00a0n\u00e3o conseguir tirar passaporte ou carteira de identidade, renovar matr\u00edcula em institui\u00e7\u00e3o p\u00fablica de ensino e tomar posse em cargo p\u00fablico ap\u00f3s ser aprovado em concurso.<\/strong><\/p>\n<h2>Primeiro t\u00edtulo<\/h2>\n<p><strong>De acordo com a Constitui\u00e7\u00e3o, o voto \u00e9 obrigat\u00f3rio para quem tem entre 18 e 70 anos e facultativo para jovens entre 16 e 17 anos e quem tem mais de 70.\u00a0<\/strong><\/p>\n<p>Ap\u00f3s completar 15 anos, os jovens poder\u00e3o solicitar a emiss\u00e3o do primeiro t\u00edtulo de eleitor. Contudo, somente estar\u00e1 apto a votar quem tiver completado 16 anos na data da elei\u00e7\u00e3o.<\/p>\n<h2>Elei\u00e7\u00e3o<\/h2>\n<p>O primeiro turno das elei\u00e7\u00f5es ser\u00e1 realizado no dia 4 de outubro, quando ser\u00e3o eleitos o presidente da Rep\u00fablica, governadores, senadores, deputados federais, estaduais e distritais.<\/p>\n<p>Eventual segundo turno para os cargos de governador e presidente ocorrer\u00e1 no dia 25 do mesmo m\u00eas.<\/p>\n<p>Fonte: Agencia Brasil<\/p>\n<\/div>\n","protected":false},"excerpt":{"rendered":"<p>Elei\u00e7\u00f5es 2026: prazo para regularizar pend\u00eancias termina em uma semana Cancelamento do t\u00edtulo pode causar diversas restri\u00e7\u00f5es para o cidad\u00e3o<\/p>\n","protected":false},"author":1,"featured_media":13866,"comment_status":"open","ping_status":"open","sticky":false,"template":"","format":"standard","meta":{"colormag_page_container_layout":"default_layout","colormag_page_sidebar_layout":"default_layout","footnotes":""},"categories":[90],"tags":[],"class_list":["post-13863","post","type-post","status-publish","format-standard","has-post-thumbnail","hentry","category-brasil"],"_links":{"self":[{"href":"http:\/\/metropoleemfoco.com.br\/index.php?rest_route=\/wp\/v2\/posts\/13863","targetHints":{"allow":["GET"]}}],"collection":[{"href":"http:\/\/metropoleemfoco.com.br\/index.php?rest_route=\/wp\/v2\/posts"}],"about":[{"href":"http:\/\/metropoleemfoco.com.br\/index.php?rest_route=\/wp\/v2\/types\/post"}],"author":[{"embeddable":true,"href":"http:\/\/metropoleemfoco.com.br\/index.php?rest_route=\/wp\/v2\/users\/1"}],"replies":[{"embeddable":true,"href":"http:\/\/metropoleemfoco.com.br\/index.php?rest_route=%2Fwp%2Fv2%2Fcomments&post=13863"}],"version-history":[{"count":1,"href":"http:\/\/metropoleemfoco.com.br\/index.php?rest_route=\/wp\/v2\/posts\/13863\/revisions"}],"predecessor-version":[{"id":13867,"href":"http:\/\/metropoleemfoco.com.br\/index.php?rest_route=\/wp\/v2\/posts\/13863\/revisions\/13867"}],"wp:featuredmedia":[{"embeddable":true,"href":"http:\/\/metropoleemfoco.com.br\/index.php?rest_route=\/wp\/v2\/media\/13866"}],"wp:attachment":[{"href":"http:\/\/metropoleemfoco.com.br\/index.php?rest_route=%2Fwp%2Fv2%2Fmedia&parent=13863"}],"wp:term":[{"taxonomy":"category","embeddable":true,"href":"http:\/\/metropoleemfoco.com.br\/index.php?rest_route=%2Fwp%2Fv2%2Fcategories&post=13863"},{"taxonomy":"post_tag","embeddable":true,"href":"http:\/\/metropoleemfoco.com.br\/index.php?rest_route=%2Fwp%2Fv2%2Ftags&post=13863"}],"curies":[{"name":"wp","href":"https:\/\/api.w.org\/{rel}","templated":true}]}}