{"id":13817,"date":"2026-04-24T18:20:07","date_gmt":"2026-04-24T21:20:07","guid":{"rendered":"http:\/\/metropoleemfoco.com.br\/?p=13817"},"modified":"2026-04-24T18:20:07","modified_gmt":"2026-04-24T21:20:07","slug":"13817","status":"publish","type":"post","link":"http:\/\/metropoleemfoco.com.br\/?p=13817","title":{"rendered":""},"content":{"rendered":"<h1 class=\"wp-block-post-title\">CPB realiza Circuito Escolar Paral\u00edmpico de triatlo neste s\u00e1bado, 25<\/h1>\n<div class=\"wp-block-columns is-layout-flex wp-container-core-columns-is-layout-9d6595d7 wp-block-columns-is-layout-flex\">\n<div class=\"wp-block-column is-layout-flow wp-block-column-is-layout-flow\">\n<figure class=\"wp-block-app-post-featured-image\"><img loading=\"lazy\" decoding=\"async\" class=\"attachment-full size-full wp-post-image lazyautosizes ls-is-cached lazyloaded\" src=\"https:\/\/cpb.org.br\/wp-content\/uploads\/2026\/04\/B2A5687.jpg\" sizes=\"auto, 800px\" srcset=\"https:\/\/cpb.org.br\/wp-content\/uploads\/2026\/04\/B2A5687.jpg 3000w, https:\/\/cpb.org.br\/wp-content\/uploads\/2026\/04\/B2A5687-300x200.jpg 300w, https:\/\/cpb.org.br\/wp-content\/uploads\/2026\/04\/B2A5687-1024x683.jpg 1024w, https:\/\/cpb.org.br\/wp-content\/uploads\/2026\/04\/B2A5687-150x100.jpg 150w, https:\/\/cpb.org.br\/wp-content\/uploads\/2026\/04\/B2A5687-768x512.jpg 768w, https:\/\/cpb.org.br\/wp-content\/uploads\/2026\/04\/B2A5687-1536x1024.jpg 1536w, https:\/\/cpb.org.br\/wp-content\/uploads\/2026\/04\/B2A5687-2048x1365.jpg 2048w\" alt=\"\" width=\"3000\" height=\"2000\" data-src=\"https:\/\/cpb.org.br\/wp-content\/uploads\/2026\/04\/B2A5687.jpg\" data-srcset=\"https:\/\/cpb.org.br\/wp-content\/uploads\/2026\/04\/B2A5687.jpg 3000w, https:\/\/cpb.org.br\/wp-content\/uploads\/2026\/04\/B2A5687-300x200.jpg 300w, https:\/\/cpb.org.br\/wp-content\/uploads\/2026\/04\/B2A5687-1024x683.jpg 1024w, https:\/\/cpb.org.br\/wp-content\/uploads\/2026\/04\/B2A5687-150x100.jpg 150w, https:\/\/cpb.org.br\/wp-content\/uploads\/2026\/04\/B2A5687-768x512.jpg 768w, https:\/\/cpb.org.br\/wp-content\/uploads\/2026\/04\/B2A5687-1536x1024.jpg 1536w, https:\/\/cpb.org.br\/wp-content\/uploads\/2026\/04\/B2A5687-2048x1365.jpg 2048w\" data-sizes=\"auto\" data-eio-rwidth=\"3000\" data-eio-rheight=\"2000\" \/><figcaption>Medalhas do Circuito Escolar Paral\u00edmpico, realizado no CT Paral\u00edmpico, em S\u00e3o Paulo | Foto: Marcello Zambrana\/CPB<\/figcaption><\/figure>\n<div class=\"entry-content wp-block-post-content has-global-padding is-layout-constrained wp-block-post-content-is-layout-constrained\">\n<p>O\u00a0<strong><a href=\"https:\/\/cpb.org.br\/ct-paralimpico\/centro-de-treinamento\/\">Centro de Treinamento Paral\u00edmpico<\/a><\/strong>, em S\u00e3o Paulo (SP), recebe neste s\u00e1bado, 25, das 8h \u00e0s 12h, a quarta etapa do ano do\u00a0<strong><a href=\"https:\/\/cpb.org.br\/competicoes\/circuito-escolar-paralimpico\/\">Circuito Escolar Paral\u00edmpico<\/a><\/strong>, evento realizado ao longo do ano pelo Comit\u00ea Paral\u00edmpico Brasileiro (CPB) para crian\u00e7as e jovens com defici\u00eancia, com idades entre 11 e 17 anos. A modalidade da vez ser\u00e1 o\u00a0<strong><a href=\"https:\/\/cpb.org.br\/modalidades\/triatlo\/\">triatlo<\/a><\/strong>.<\/p>\n<p>O Circuito Escolar Paral\u00edmpico tem como objetivo estimular a participa\u00e7\u00e3o de estudantes em idade escolar com defici\u00eancia f\u00edsica, visual e intelectual em atividades esportivas, promovendo ampla mobiliza\u00e7\u00e3o em torno do esporte.<\/p>\n<p>O evento deste fim de semana conta com 20 inscritos. O calend\u00e1rio de 2026 prev\u00ea outras duas datas: uma no dia 16 de maio, com as modalidades\u00a0<strong><a href=\"https:\/\/cpb.org.br\/modalidades\/atletismo\/\">atletismo\u00a0<\/a><\/strong>e\u00a0<strong><a href=\"https:\/\/cpb.org.br\/modalidades\/natacao\/\">nata\u00e7\u00e3o<\/a><\/strong>, e a \u00faltima etapa no segundo semestre, em 17 de outubro, com\u00a0<strong><a href=\"https:\/\/cpb.org.br\/modalidades\/badminton\/\">badminton<\/a><\/strong>.<\/p>\n<p>Outras tr\u00eas etapas j\u00e1 foram realizadas no Centro de Treinamento. Em 28 de mar\u00e7o, o\u00a0<strong><a href=\"https:\/\/cpb.org.br\/noticias\/etapa-de-judo-abre-circuito-escolar-paralimpico-no-ct-paralimpico-neste-sabado-28\/\">jud\u00f4<\/a><\/strong>\u00a0foi o destaque; em 11 de abril, o<strong><a href=\"https:\/\/cpb.org.br\/noticias\/cpb-realiza-circuito-escolar-paralimpico-de-tenis-de-mesa-e-paraesgrima-neste-sabado-11\/\">\u00a0t\u00eanis de mesa e a paraesgrima<\/a><\/strong>\u00a0foram as modalidades apresentadas. J\u00e1 no \u00faltimo s\u00e1bado, 18, o CT Paral\u00edmpico foi palco das atividades de bocha.<\/p>\n<p>O CPB n\u00e3o oferecer\u00e1 transporte, hospedagem nem alimenta\u00e7\u00e3o aos participantes. Ao final do evento, os atletas inscritos receber\u00e3o um kit de lanche.<\/p>\n<p><strong>Assessoria de Comunica\u00e7\u00e3o do Comit\u00ea Paral\u00edmpico Brasileiro (imp@cpb.org.br)<\/strong><\/p>\n<p><strong><br \/>\n<\/strong>Fonte: \/cpb.org.br<\/p>\n<\/div>\n<\/div>\n<\/div>\n","protected":false},"excerpt":{"rendered":"<p>CPB realiza Circuito Escolar Paral\u00edmpico de triatlo neste s\u00e1bado, 25 Medalhas do Circuito Escolar Paral\u00edmpico, realizado no CT Paral\u00edmpico, em<\/p>\n","protected":false},"author":1,"featured_media":0,"comment_status":"open","ping_status":"open","sticky":false,"template":"","format":"standard","meta":{"colormag_page_container_layout":"default_layout","colormag_page_sidebar_layout":"default_layout","footnotes":""},"categories":[95],"tags":[],"class_list":["post-13817","post","type-post","status-publish","format-standard","hentry","category-paralimpicos"],"_links":{"self":[{"href":"http:\/\/metropoleemfoco.com.br\/index.php?rest_route=\/wp\/v2\/posts\/13817","targetHints":{"allow":["GET"]}}],"collection":[{"href":"http:\/\/metropoleemfoco.com.br\/index.php?rest_route=\/wp\/v2\/posts"}],"about":[{"href":"http:\/\/metropoleemfoco.com.br\/index.php?rest_route=\/wp\/v2\/types\/post"}],"author":[{"embeddable":true,"href":"http:\/\/metropoleemfoco.com.br\/index.php?rest_route=\/wp\/v2\/users\/1"}],"replies":[{"embeddable":true,"href":"http:\/\/metropoleemfoco.com.br\/index.php?rest_route=%2Fwp%2Fv2%2Fcomments&post=13817"}],"version-history":[{"count":1,"href":"http:\/\/metropoleemfoco.com.br\/index.php?rest_route=\/wp\/v2\/posts\/13817\/revisions"}],"predecessor-version":[{"id":13825,"href":"http:\/\/metropoleemfoco.com.br\/index.php?rest_route=\/wp\/v2\/posts\/13817\/revisions\/13825"}],"wp:attachment":[{"href":"http:\/\/metropoleemfoco.com.br\/index.php?rest_route=%2Fwp%2Fv2%2Fmedia&parent=13817"}],"wp:term":[{"taxonomy":"category","embeddable":true,"href":"http:\/\/metropoleemfoco.com.br\/index.php?rest_route=%2Fwp%2Fv2%2Fcategories&post=13817"},{"taxonomy":"post_tag","embeddable":true,"href":"http:\/\/metropoleemfoco.com.br\/index.php?rest_route=%2Fwp%2Fv2%2Ftags&post=13817"}],"curies":[{"name":"wp","href":"https:\/\/api.w.org\/{rel}","templated":true}]}}