{"id":13816,"date":"2026-04-24T18:18:05","date_gmt":"2026-04-24T21:18:05","guid":{"rendered":"http:\/\/metropoleemfoco.com.br\/?p=13816"},"modified":"2026-04-24T18:18:05","modified_gmt":"2026-04-24T21:18:05","slug":"13816","status":"publish","type":"post","link":"http:\/\/metropoleemfoco.com.br\/?p=13816","title":{"rendered":""},"content":{"rendered":"<div class=\"mc-article-header\">\n<div class=\"row content-head mc-column non-featured \">\n<div class=\"title\" data-block-type=\"title\" data-block-id=\"0\">\n<h1 class=\"content-head__title\">Clube da segunda divis\u00e3o catarinense est\u00e1 na lista de credores do Botafogo<\/h1>\n<\/div>\n<div class=\"medium-centered subtitle\">\n<h2 class=\"content-head__subtitle\">Herc\u00edlio Luz, do Sul de SC, tem R$ 75 mil para receber do time carioca. A d\u00edvida \u00e9 referente a uma negocia\u00e7\u00e3o de um jogador para o Sub-20 em 2023<\/h2>\n<\/div>\n<\/div>\n<div class=\"content__signa-share mc-column\">\n<div class=\"content__signature\">\n<div class=\"content-publication-data\">\n<div class=\"content-publication-data__text\">\n<p class=\"content-publication-data__from\" title=\"Diego Piovezan\">Por Diego Piovezan\u00a0\u2014 Florian\u00f3polis<\/p>\n<\/div>\n<\/div>\n<\/div>\n<\/div>\n<div class=\"glb-share-bar content__share-bar\">\n<div class=\"glb-share-bar_icons\">\n<div class=\"glb-share-bar_button-img\"><\/div>\n<div class=\"glb-share-bar_button-img\"><\/div>\n<div class=\"glb-share-bar_button-img\"><\/div>\n<\/div>\n<\/div>\n<hr class=\"content__divider \" \/>\n<\/div>\n<div class=\"mc-article-body\">\n<article>\n<div id=\"chunk-93v1k\">\n<div class=\"cxm-block-video content-media mc-column \" data-block-type=\"backstage-video\" data-block-id=\"1\">\n<div class=\"cxm-block-video__container \">\n<div class=\"cxm-block-video__player-fixer\">\n<article class=\"cxm-block-video__player-wrapper\">\n<section class=\"cxm-block-video__player\">\n<div class=\"cxm-block-video__placeholder\" data-video-id=\"14553757\"><img decoding=\"async\" class=\"cxm-block-video__thumb\" title=\"Mansur: &quot;O mercado ouve que o dinheiro do Botafogo est\u00e1 acabando&quot;\" src=\"https:\/\/s02.video.glbimg.com\/x240\/14553757.jpg\" alt=\"Mansur: &quot;O mercado ouve que o dinheiro do Botafogo est\u00e1 acabando&quot;\" \/><\/div>\n<\/section>\n<\/article>\n<\/div>\n<div class=\"cxm-block-video__caption-container\">\n<p class=\"codex-caption codex-caption--small\">Mansur: &#8220;O mercado ouve que o dinheiro do Botafogo est\u00e1 acabando&#8221;<\/p>\n<\/div>\n<\/div>\n<\/div>\n<\/div>\n<div id=\"chunk-9he7e\">\n<div class=\"mc-column content-text active-extra-styles \" data-block-type=\"unstyled\" data-block-weight=\"39\" data-block-id=\"2\">\n<p class=\" content-text__container \" data-track-category=\"Link no Texto\" data-track-links=\"\">O Herc\u00edlio Luz cobra R$ 75 mil do Botafogo em recupera\u00e7\u00e3o judicial. O clube catarinense integra a lista de credores da SAF de John Textor, por conta de uma d\u00edvida dos cariocas referente a negocia\u00e7\u00e3o do lateral-esquerdo Gregory.<\/p>\n<\/div>\n<\/div>\n<div class=\"wall protected-content\">\n<div id=\"chunk-cloha\">\n<div class=\"row medium-uncollapsed content-media content-photo\" data-block-type=\"backstage-photo\" data-block-id=\"4\">\n<div class=\" mc-column  content-media__container\">\n<div class=\"content-media-container glb-skeleton-box\">\n<figure class=\"content-media-figure\"><img decoding=\"async\" class=\"i-amphtml-fill-content i-amphtml-replaced-content\" src=\"https:\/\/s2-ge.glbimg.com\/D6y3pZ7UzMDf4L8aZfJ-CCCmRIE=\/0x0:1250x618\/984x0\/smart\/filters:strip_icc()\/i.s3.glbimg.com\/v1\/AUTH_bc8228b6673f488aa253bbcb03c80ec5\/internal_photos\/bs\/2026\/d\/4\/K1Vs2JTXOcxNaztfWe4w\/6616f4bd07409.jpg\" sizes=\"(max-width: 1600px) 648px, 100vw\" srcset=\"https:\/\/s2-ge.glbimg.com\/0qroCYhy1_M4wMjABGfBfIR3ybk=\/0x0:1250x618\/1000x0\/smart\/filters:strip_icc()\/i.s3.glbimg.com\/v1\/AUTH_bc8228b6673f488aa253bbcb03c80ec5\/internal_photos\/bs\/2026\/d\/4\/K1Vs2JTXOcxNaztfWe4w\/6616f4bd07409.jpg 1000w, https:\/\/s2-ge.glbimg.com\/D6y3pZ7UzMDf4L8aZfJ-CCCmRIE=\/0x0:1250x618\/984x0\/smart\/filters:strip_icc()\/i.s3.glbimg.com\/v1\/AUTH_bc8228b6673f488aa253bbcb03c80ec5\/internal_photos\/bs\/2026\/d\/4\/K1Vs2JTXOcxNaztfWe4w\/6616f4bd07409.jpg 984w, https:\/\/s2-ge.glbimg.com\/fG4iHkBb77hU9TJIdnp3w5288ZM=\/0x0:1250x618\/640x0\/smart\/filters:strip_icc()\/i.s3.glbimg.com\/v1\/AUTH_bc8228b6673f488aa253bbcb03c80ec5\/internal_photos\/bs\/2026\/d\/4\/K1Vs2JTXOcxNaztfWe4w\/6616f4bd07409.jpg 640w, https:\/\/s2-ge.glbimg.com\/MFU6qSKt5Uvv7ejvwPURNivXBPM=\/0x0:1250x618\/600x0\/smart\/filters:strip_icc()\/i.s3.glbimg.com\/v1\/AUTH_bc8228b6673f488aa253bbcb03c80ec5\/internal_photos\/bs\/2026\/d\/4\/K1Vs2JTXOcxNaztfWe4w\/6616f4bd07409.jpg 600w\" alt=\"Gregory, ex-Herc\u00edlio Luz, em apresenta\u00e7\u00e3o pelo Sub-20 do Botafogo em 2023 \u2014 Foto: Henrique Lima\/BFR\" \/><\/figure>\n<\/div>\n<p class=\"content-media__description  \">Gregory, ex-Herc\u00edlio Luz, em apresenta\u00e7\u00e3o pelo Sub-20 do Botafogo em 2023 \u2014 Foto: Henrique Lima\/BFR<\/p>\n<\/div>\n<\/div>\n<\/div>\n<div id=\"chunk-6pt8\">\n<div class=\"mc-column content-text active-extra-styles \" data-block-type=\"unstyled\" data-block-weight=\"50\" data-block-id=\"7\">\n<p class=\" content-text__container \" data-track-category=\"Link no Texto\" data-track-links=\"\">O jogador foi emprestado pelo Le\u00e3o do Sul ao Glorioso em 2023, para integrar o sub-20 do alvinegro. O valor da negocia\u00e7\u00e3o foi acordado em R$ 100 mil. O Botafogo fez o pagamento apenas de uma parcela de R$ 25 mil. Ele n\u00e3o chegou a atuar pelo profissional do alvinegro.<\/p>\n<\/div>\n<\/div>\n<div id=\"chunk-3ibtp\">\n<div class=\"mc-column content-text active-extra-styles \" data-block-type=\"unstyled\" data-block-weight=\"35\" data-block-id=\"8\">\n<p class=\" content-text__container \" data-track-category=\"Link no Texto\" data-track-links=\"\">O\u00a0<strong>ge\u00a0<\/strong>entrou em contato com o Herc\u00edlio Luz, que confirmou as informa\u00e7\u00f5es. O clube n\u00e3o divulgou detalhes como quantidade de parcelas acordadas com o Botafogo, assim como o prazo para pagamento na \u00e9poca.<\/p>\n<\/div>\n<\/div>\n<div id=\"chunk-c9u3p\">\n<div class=\"row medium-uncollapsed content-media content-photo\" data-block-type=\"backstage-photo\" data-block-id=\"9\">\n<div class=\" mc-column  content-media__container\">\n<div class=\"content-media-container glb-skeleton-box\">\n<figure class=\"content-media-figure\"><img decoding=\"async\" class=\"i-amphtml-fill-content i-amphtml-replaced-content\" src=\"https:\/\/s2-ge.glbimg.com\/4NzBSViuyFE7eNDHWXz4JOJKM1I=\/0x0:1536x1024\/984x0\/smart\/filters:strip_icc()\/i.s3.glbimg.com\/v1\/AUTH_bc8228b6673f488aa253bbcb03c80ec5\/internal_photos\/bs\/2025\/A\/Z\/oAi8njS2WFpwFsxN9yhA\/estadio-dr.-anibal-torres-costa.jpg\" sizes=\"(max-width: 1600px) 648px, 100vw\" srcset=\"https:\/\/s2-ge.glbimg.com\/L6hQEbV3V47GmfaPoaUvWpSysR0=\/0x0:1536x1024\/1000x0\/smart\/filters:strip_icc()\/i.s3.glbimg.com\/v1\/AUTH_bc8228b6673f488aa253bbcb03c80ec5\/internal_photos\/bs\/2025\/A\/Z\/oAi8njS2WFpwFsxN9yhA\/estadio-dr.-anibal-torres-costa.jpg 1000w, https:\/\/s2-ge.glbimg.com\/4NzBSViuyFE7eNDHWXz4JOJKM1I=\/0x0:1536x1024\/984x0\/smart\/filters:strip_icc()\/i.s3.glbimg.com\/v1\/AUTH_bc8228b6673f488aa253bbcb03c80ec5\/internal_photos\/bs\/2025\/A\/Z\/oAi8njS2WFpwFsxN9yhA\/estadio-dr.-anibal-torres-costa.jpg 984w, https:\/\/s2-ge.glbimg.com\/46JNUu1tQRAfqpHs0Rv5l1ocv4U=\/0x0:1536x1024\/640x0\/smart\/filters:strip_icc()\/i.s3.glbimg.com\/v1\/AUTH_bc8228b6673f488aa253bbcb03c80ec5\/internal_photos\/bs\/2025\/A\/Z\/oAi8njS2WFpwFsxN9yhA\/estadio-dr.-anibal-torres-costa.jpg 640w, https:\/\/s2-ge.glbimg.com\/S_H6k63DazkZ9vQscAJnowsMVBg=\/0x0:1536x1024\/600x0\/smart\/filters:strip_icc()\/i.s3.glbimg.com\/v1\/AUTH_bc8228b6673f488aa253bbcb03c80ec5\/internal_photos\/bs\/2025\/A\/Z\/oAi8njS2WFpwFsxN9yhA\/estadio-dr.-anibal-torres-costa.jpg 600w\" alt=\"Est\u00e1dio Dr. Anibal Torres Costa, em Tubar\u00e3o, casa do Herc\u00edlio Luz \u2014 Foto: William Lampert\/Herc\u00edlio Luz FC\" \/><\/figure>\n<\/div>\n<p class=\"content-media__description  \">Est\u00e1dio Dr. Anibal Torres Costa, em Tubar\u00e3o, casa do Herc\u00edlio Luz \u2014 Foto: William Lampert\/Herc\u00edlio Luz FC<\/p>\n<\/div>\n<\/div>\n<\/div>\n<div id=\"chunk-bjpuh\">\n<div class=\"mc-column content-text active-extra-styles \" data-block-type=\"unstyled\" data-block-weight=\"54\" data-block-id=\"13\">\n<p class=\" content-text__container \" data-track-category=\"Link no Texto\" data-track-links=\"\">O Botafogo entrou com uma medida precautelar como parte do processo para iniciar uma recupera\u00e7\u00e3o judicial na SAF. A defesa protocolou o pedido na ter\u00e7a-feira, e o processo corre em segredo de Justi\u00e7a. Na quarta-feira, a SAF obteve decis\u00e3o favor\u00e1vel do Ju\u00edzo da 2\u00aa Vara Empresarial da Comarca da Capital do Rio de Janeiro.<\/p>\n<\/div>\n<\/div>\n<div id=\"chunk-9dlam\">\n<div class=\"mc-column content-text active-extra-styles \" data-block-type=\"unstyled\" data-block-weight=\"44\" data-block-id=\"14\">\n<p class=\" content-text__container \" data-track-category=\"Link no Texto\" data-track-links=\"\">Ap\u00f3s a publica\u00e7\u00e3o, a SAF confirmou em nota oficial que fez o pedido de recupera\u00e7\u00e3o e incluiu na solicita\u00e7\u00e3o \u00e0 Justi\u00e7a a suspens\u00e3o tempor\u00e1ria do direito de voto do acionista majorit\u00e1rio, a Eagle Bidco, que est\u00e1 sob interven\u00e7\u00e3o judicial da administradora Cork Gully.<\/p>\n<\/div>\n<\/div>\n<div id=\"chunk-ad2is\">\n<div class=\"row medium-uncollapsed content-media content-photo\" data-block-type=\"backstage-photo\" data-block-id=\"15\">\n<div class=\" mc-column  content-media__container\">\n<div class=\"content-media-container glb-skeleton-box\">\n<figure class=\"content-media-figure\"><img decoding=\"async\" class=\"i-amphtml-fill-content i-amphtml-replaced-content\" src=\"https:\/\/s2-ge.glbimg.com\/xpy5JEPfO20A1d-18LYwPWcn15A=\/0x0:628x347\/984x0\/smart\/filters:strip_icc()\/i.s3.glbimg.com\/v1\/AUTH_bc8228b6673f488aa253bbcb03c80ec5\/internal_photos\/bs\/2026\/e\/X\/XaAjVpQGO9dhAA9ZeRBg\/whatsapp-image-2026-04-23-at-13.32.04-1-.jpeg\" sizes=\"(max-width: 1600px) 648px, 100vw\" srcset=\"https:\/\/s2-ge.glbimg.com\/C5iFJV1USDZJvzXB6NliuSzgBag=\/0x0:628x347\/1000x0\/smart\/filters:strip_icc()\/i.s3.glbimg.com\/v1\/AUTH_bc8228b6673f488aa253bbcb03c80ec5\/internal_photos\/bs\/2026\/e\/X\/XaAjVpQGO9dhAA9ZeRBg\/whatsapp-image-2026-04-23-at-13.32.04-1-.jpeg 1000w, https:\/\/s2-ge.glbimg.com\/xpy5JEPfO20A1d-18LYwPWcn15A=\/0x0:628x347\/984x0\/smart\/filters:strip_icc()\/i.s3.glbimg.com\/v1\/AUTH_bc8228b6673f488aa253bbcb03c80ec5\/internal_photos\/bs\/2026\/e\/X\/XaAjVpQGO9dhAA9ZeRBg\/whatsapp-image-2026-04-23-at-13.32.04-1-.jpeg 984w, https:\/\/s2-ge.glbimg.com\/UAwa4pjV16owztanrDz17OCtSLI=\/0x0:628x347\/640x0\/smart\/filters:strip_icc()\/i.s3.glbimg.com\/v1\/AUTH_bc8228b6673f488aa253bbcb03c80ec5\/internal_photos\/bs\/2026\/e\/X\/XaAjVpQGO9dhAA9ZeRBg\/whatsapp-image-2026-04-23-at-13.32.04-1-.jpeg 640w, https:\/\/s2-ge.glbimg.com\/QnLRnjL1MHr_hheF9iaZQjGeHcM=\/0x0:628x347\/600x0\/smart\/filters:strip_icc()\/i.s3.glbimg.com\/v1\/AUTH_bc8228b6673f488aa253bbcb03c80ec5\/internal_photos\/bs\/2026\/e\/X\/XaAjVpQGO9dhAA9ZeRBg\/whatsapp-image-2026-04-23-at-13.32.04-1-.jpeg 600w\" alt=\"Textor foi ao treino do Botafogo nesta quinta-feira \u2014 Foto: Reprodu\u00e7\u00e3o\" \/><\/figure>\n<\/div>\n<p class=\"content-media__description  \">Textor foi ao treino do Botafogo nesta quinta-feira \u2014 Foto: Reprodu\u00e7\u00e3o<\/p>\n<\/div>\n<\/div>\n<\/div>\n<div id=\"chunk-1bnca\">\n<div class=\"mc-column content-text active-extra-styles \" data-block-type=\"unstyled\" data-block-weight=\"47\" data-block-id=\"17\">\n<p class=\" content-text__container \" data-track-category=\"Link no Texto\" data-track-links=\"\">Segundo a dire\u00e7\u00e3o comandada por John Textor, a empresa &#8220;tem usado essa posi\u00e7\u00e3o para obstruir a chegada de novo capital ao clube de futebol&#8221;. O Botafogo deve R$ 1,1 bilh\u00e3o para clubes brasileiros e estrangeiros, bancos, fornecedores e atletas. A lista completa foi divulgada primeiramente pela\u00a0<em>ESPN.<\/em><\/p>\n<p class=\" content-text__container \" data-track-category=\"Link no Texto\" data-track-links=\"\"><em><br \/>\n<\/em>Fonte: Ge<\/p>\n<\/div>\n<\/div>\n<\/div>\n<\/article>\n<\/div>\n","protected":false},"excerpt":{"rendered":"<p>Clube da segunda divis\u00e3o catarinense est\u00e1 na lista de credores do Botafogo Herc\u00edlio Luz, do Sul de SC, tem R$<\/p>\n","protected":false},"author":1,"featured_media":13822,"comment_status":"open","ping_status":"open","sticky":false,"template":"","format":"standard","meta":{"colormag_page_container_layout":"default_layout","colormag_page_sidebar_layout":"default_layout","footnotes":""},"categories":[102],"tags":[],"class_list":["post-13816","post","type-post","status-publish","format-standard","has-post-thumbnail","hentry","category-esportes"],"_links":{"self":[{"href":"http:\/\/metropoleemfoco.com.br\/index.php?rest_route=\/wp\/v2\/posts\/13816","targetHints":{"allow":["GET"]}}],"collection":[{"href":"http:\/\/metropoleemfoco.com.br\/index.php?rest_route=\/wp\/v2\/posts"}],"about":[{"href":"http:\/\/metropoleemfoco.com.br\/index.php?rest_route=\/wp\/v2\/types\/post"}],"author":[{"embeddable":true,"href":"http:\/\/metropoleemfoco.com.br\/index.php?rest_route=\/wp\/v2\/users\/1"}],"replies":[{"embeddable":true,"href":"http:\/\/metropoleemfoco.com.br\/index.php?rest_route=%2Fwp%2Fv2%2Fcomments&post=13816"}],"version-history":[{"count":1,"href":"http:\/\/metropoleemfoco.com.br\/index.php?rest_route=\/wp\/v2\/posts\/13816\/revisions"}],"predecessor-version":[{"id":13823,"href":"http:\/\/metropoleemfoco.com.br\/index.php?rest_route=\/wp\/v2\/posts\/13816\/revisions\/13823"}],"wp:featuredmedia":[{"embeddable":true,"href":"http:\/\/metropoleemfoco.com.br\/index.php?rest_route=\/wp\/v2\/media\/13822"}],"wp:attachment":[{"href":"http:\/\/metropoleemfoco.com.br\/index.php?rest_route=%2Fwp%2Fv2%2Fmedia&parent=13816"}],"wp:term":[{"taxonomy":"category","embeddable":true,"href":"http:\/\/metropoleemfoco.com.br\/index.php?rest_route=%2Fwp%2Fv2%2Fcategories&post=13816"},{"taxonomy":"post_tag","embeddable":true,"href":"http:\/\/metropoleemfoco.com.br\/index.php?rest_route=%2Fwp%2Fv2%2Ftags&post=13816"}],"curies":[{"name":"wp","href":"https:\/\/api.w.org\/{rel}","templated":true}]}}