{"id":13815,"date":"2026-04-24T18:16:13","date_gmt":"2026-04-24T21:16:13","guid":{"rendered":"http:\/\/metropoleemfoco.com.br\/?p=13815"},"modified":"2026-04-24T18:16:13","modified_gmt":"2026-04-24T21:16:13","slug":"13815","status":"publish","type":"post","link":"http:\/\/metropoleemfoco.com.br\/?p=13815","title":{"rendered":""},"content":{"rendered":"<div class=\"row\">\n<div class=\"col-lg-9 mx-auto text-center\">\n<h1>Governo de SP investiu R$ 10,6 milh\u00f5es por m\u00eas em obras de escolas das redes municipais<\/h1>\n<p class=\"lead\">Aporte considerando redes estadual e municipais \u00e9 de R$ 3,2 bilh\u00f5es desde janeiro de 2023; mais de 11 mil vagas para crian\u00e7as de 0 a 5 anos de idade foram abertas com as novas creches<\/p>\n<\/div>\n<\/div>\n<div class=\"foto-destaque\"><img decoding=\"async\" class=\"img-fluid d-block\" src=\"https:\/\/www.educacao.sp.gov.br\/wcm\/connect\/851ee526-cf19-4186-9336-d43886f2164c\/55073208047_3473350d84_z+%281%29.jpg?MOD=AJPERES&amp;CACHEID=ROOTWORKSPACE-851ee526-cf19-4186-9336-d43886f2164c-pT0doOD\" alt=\"Foto ilustrativa\" \/><\/p>\n<p class=\"legenda-foto\">\n<\/div>\n<div class=\"row\">\n<div class=\"col-lg-9\">\n<article>\n<p dir=\"ltr\">O Governo do Estado de S\u00e3o Paulo investiu R$ 416,9 milh\u00f5es em constru\u00e7\u00f5es e reformas de unidades das redes municipais de ensino em 39 meses de gest\u00e3o. Isso significa que, entre janeiro de 2023 e mar\u00e7o de 2026, a Secretaria da Educa\u00e7\u00e3o do Estado de S\u00e3o Paulo (Seduc-SP) destinou uma m\u00e9dia mensal de R$ 10,6 milh\u00f5es para a infraestrutura das redes p\u00fablicas das prefeituras paulistas.<\/p>\n<p dir=\"ltr\">\nEm n\u00famero absoluto de obras, a cidade de S\u00e3o Paulo recebeu o maior n\u00famero de benfeitorias: foram 22 e um investimento de R$ 21,4 milh\u00f5es. A cidade de S\u00e3o Sebasti\u00e3o, por outro lado, foi a que recebeu o maior valor do Governo do Estado. Foram R$ 43,1 milh\u00f5es. O valor foi investido na constru\u00e7\u00e3o de dois pr\u00e9dios p\u00fablicos. No in\u00edcio de 2026, o Estado entregou as Escola Municipal Professora Nair Ribeiro de Almeida e Creche Municipal Juquehy II.<\/p>\n<p dir=\"ltr\">\nA escola municipal tamb\u00e9m foi afetada pelas fortes chuvas de 2023. Reconstru\u00edda, a nova estrutura tem capacidade para atender 900 alunos e possui 56 ambientes, entre eles 14 salas de aulas, laborat\u00f3rio, banheiros acess\u00edveis, parquinho, quadra e p\u00e1tio cobertos.<\/p>\n<h3 dir=\"ltr\"><strong>Creches na conta<\/strong><\/h3>\n<p dir=\"ltr\">\nEntre as a\u00e7\u00f5es est\u00e3o a conclus\u00e3o de 89 unidades do Programa Creche Escola, a\u00e7\u00e3o que gerou mais de 11 mil vagas nas unidades de ensino que atendem crian\u00e7as de 0 a 5 anos de idade. Essas escolas municipais de educa\u00e7\u00e3o infantil est\u00e3o localizadas em 87 munic\u00edpios paulistas. O aporte nesses pr\u00e9dios chega a R$ 250,5 milh\u00f5es.<\/p>\n<p dir=\"ltr\">\nOs investimentos em infraestrutura das redes municipais de ensino contemplaram ainda a constru\u00e7\u00e3o de tr\u00eas pr\u00e9dios para o atendimento dos anos iniciais do Ensino Fundamental (1\u00ba ao 5\u00ba ano), como a rec\u00e9m inaugurada Escola Municipal Nair Ribeiro de Almeida, em S\u00e3o Sebasti\u00e3o. Reformas de espa\u00e7os de uso exclusivo dos munic\u00edpios ou ainda compartilhados entre redes estaduais e municipais tamb\u00e9m somam \u00e0 colabora\u00e7\u00e3o de mais de R$ 416,9 milh\u00f5es ao longo dos 39 meses de gest\u00e3o.<\/p>\n<p dir=\"ltr\">\nFabricio Moura Moreira, presidente da Funda\u00e7\u00e3o para o Desenvolvimento da Educa\u00e7\u00e3o (FDE) \u2014 \u00f3rg\u00e3o respons\u00e1vel pelo acompanhamento de obras da Seduc-SP\u2014, destaca que investir na forma\u00e7\u00e3o integral das crian\u00e7as \u00e9 prioridade do governo do estado. \u201cDesde o in\u00edcio da gest\u00e3o do governador Tarc\u00edsio de Freitas conclu\u00edmos 89 creches em 87 munic\u00edpios paulistas. A orienta\u00e7\u00e3o do governador \u00e9 que a gente possa cada vez mais investir na primeira inf\u00e2ncia e zerar a fila de creches em todo o estado de S\u00e3o Paulo. E o trabalho continua. Neste momento n\u00f3s temos mais de 50 creches em constru\u00e7\u00e3o.\u201d<\/p>\n<p dir=\"ltr\">\nRefor\u00e7ando o compromisso com a educa\u00e7\u00e3o das crian\u00e7as paulistas, no \u00faltimo m\u00eas o Governo de S\u00e3o Paulo anunciou o pagamento de R$ 32,5 milh\u00f5es para as prefeituras que atingiram as metas do Programa Alfabetiza Juntos SP. A partir do programa, a Seduc-SP tem como meta 90% dos estudantes concluindo o 2\u00ba ano do Ensino Fundamental neste ano sabendo ler.<\/p>\n<h3 dir=\"ltr\">\n<strong>R$ 3,2 bilh\u00f5es em 39 meses<\/strong><\/h3>\n<p dir=\"ltr\">\nO aporte da Seduc-SP na infraestrutura da rede municipal integra os R$ 3,2 bilh\u00f5es empregados pelo Estado na execu\u00e7\u00e3o de 6.914 obras de infraestrutura escolar em todo o Estado.<\/p>\n<p dir=\"ltr\">\nNo per\u00edodo, foram revitalizados 3.503 pr\u00e9dios escolares, localizados em 572 munic\u00edpios. As interven\u00e7\u00f5es incluem reformas de quadras esportivas, cozinhas, refeit\u00f3rios e salas de aula que atendem estudantes do Ensino Fundamental e do Ensino M\u00e9dio, al\u00e9m da recupera\u00e7\u00e3o de fachadas e telhados, melhorias de acessibilidade e implanta\u00e7\u00e3o de climatiza\u00e7\u00e3o nas unidades.<\/p>\n<h3 dir=\"ltr\">\n<strong>Investimento na primeira inf\u00e2ncia<\/strong><\/h3>\n<p dir=\"ltr\">\nDavid Marang\u00e3o, diretor municipal de educa\u00e7\u00e3o da cidade de Santa Clara d\u00b4Oeste (cidade a 637 quil\u00f4metros da capital paulista) conta que a nova Creche Escola Municipal de Educa\u00e7\u00e3o Infantil Senhora Neuza Facincani Zarpelon praticamente zerou a fila de espera do munic\u00edpio. \u201cN\u00f3s conseguimos matr\u00edculas para todas as crian\u00e7as que precisam ficar na escola enquanto suas m\u00e3es trabalham\u201d. E celebra: \u201cHoje n\u00f3s temos 100% dos nossos alunos matriculados nas nossas escolas da Rede Municipal de Educa\u00e7\u00e3o, e isso gra\u00e7as ao Governo do Estado de S\u00e3o Paulo e ao governador Tarc\u00edsio\u201d.<\/p>\n<p dir=\"ltr\">Agora, Ana Beatriz Fracaroli, que \u00e9 especialista em c\u00edlios, sobrancelhas e maquiagem, pode trabalhar enquanto os filhos Miguel Fracaroli, 2 anos de idade, e Maria Alice Fracaroli, 9 meses de idade, est\u00e3o na creche rec\u00e9m-inaugurada em Santa Clara d\u2019Oeste. Al\u00e9m deles, ela \u00e9 m\u00e3e de Lorenzo Fracaroli, de 6 anos de idade. \u201cA creche do nosso munic\u00edpio oferece excelentes benef\u00edcios, como comidas com card\u00e1pios saud\u00e1veis, aulas com professoras maravilhosas, diretora e coordenadores prontos para nos atender. Trabalho sossegada e calma. Por n\u00e3o ter rede de apoio, trabalhar com tr\u00eas filhos seria imposs\u00edvel. Se n\u00e3o fosse a creche hoje, n\u00e3o sei o que seria dos pais\u201d, conta.<\/p>\n<p dir=\"ltr\">\nPara viabilizar a constru\u00e7\u00e3o de novas creches, os munic\u00edpios podem aderir ao Programa A\u00e7\u00e3o Educacional Estado Munic\u00edpio Educa\u00e7\u00e3o Infantil (Paem) ou ao Plano de A\u00e7\u00f5es Integradas do Estado de S\u00e3o Paulo (Painsp). No primeiro caso, Seduc, FDE e prefeituras firmam um termo de conv\u00eanio, por meio do qual toda a execu\u00e7\u00e3o do edif\u00edcio escolar padr\u00e3o FDE \u00e9 de responsabilidade da funda\u00e7\u00e3o. J\u00e1 no Painsp, \u00e9 firmado um termo de compromisso entre a Seduc-SP e os munic\u00edpios, cabendo \u00e0s prefeituras a contrata\u00e7\u00e3o e a execu\u00e7\u00e3o das obras e \u00e0 FDE a realiza\u00e7\u00e3o de vistorias e acompanhamento da obra.<\/p>\n<p>Fonte: Educa\u00e7\u00e3o Sp Gov<\/p>\n<\/article>\n<\/div>\n<\/div>\n","protected":false},"excerpt":{"rendered":"<p>Governo de SP investiu R$ 10,6 milh\u00f5es por m\u00eas em obras de escolas das redes municipais Aporte considerando redes estadual<\/p>\n","protected":false},"author":1,"featured_media":13820,"comment_status":"open","ping_status":"open","sticky":false,"template":"","format":"standard","meta":{"colormag_page_container_layout":"default_layout","colormag_page_sidebar_layout":"default_layout","footnotes":""},"categories":[101],"tags":[],"class_list":["post-13815","post","type-post","status-publish","format-standard","has-post-thumbnail","hentry","category-educacao"],"_links":{"self":[{"href":"http:\/\/metropoleemfoco.com.br\/index.php?rest_route=\/wp\/v2\/posts\/13815","targetHints":{"allow":["GET"]}}],"collection":[{"href":"http:\/\/metropoleemfoco.com.br\/index.php?rest_route=\/wp\/v2\/posts"}],"about":[{"href":"http:\/\/metropoleemfoco.com.br\/index.php?rest_route=\/wp\/v2\/types\/post"}],"author":[{"embeddable":true,"href":"http:\/\/metropoleemfoco.com.br\/index.php?rest_route=\/wp\/v2\/users\/1"}],"replies":[{"embeddable":true,"href":"http:\/\/metropoleemfoco.com.br\/index.php?rest_route=%2Fwp%2Fv2%2Fcomments&post=13815"}],"version-history":[{"count":1,"href":"http:\/\/metropoleemfoco.com.br\/index.php?rest_route=\/wp\/v2\/posts\/13815\/revisions"}],"predecessor-version":[{"id":13821,"href":"http:\/\/metropoleemfoco.com.br\/index.php?rest_route=\/wp\/v2\/posts\/13815\/revisions\/13821"}],"wp:featuredmedia":[{"embeddable":true,"href":"http:\/\/metropoleemfoco.com.br\/index.php?rest_route=\/wp\/v2\/media\/13820"}],"wp:attachment":[{"href":"http:\/\/metropoleemfoco.com.br\/index.php?rest_route=%2Fwp%2Fv2%2Fmedia&parent=13815"}],"wp:term":[{"taxonomy":"category","embeddable":true,"href":"http:\/\/metropoleemfoco.com.br\/index.php?rest_route=%2Fwp%2Fv2%2Fcategories&post=13815"},{"taxonomy":"post_tag","embeddable":true,"href":"http:\/\/metropoleemfoco.com.br\/index.php?rest_route=%2Fwp%2Fv2%2Ftags&post=13815"}],"curies":[{"name":"wp","href":"https:\/\/api.w.org\/{rel}","templated":true}]}}