{"id":13814,"date":"2026-04-24T18:14:48","date_gmt":"2026-04-24T21:14:48","guid":{"rendered":"http:\/\/metropoleemfoco.com.br\/?p=13814"},"modified":"2026-04-24T18:14:48","modified_gmt":"2026-04-24T21:14:48","slug":"13814","status":"publish","type":"post","link":"http:\/\/metropoleemfoco.com.br\/?p=13814","title":{"rendered":""},"content":{"rendered":"<div class=\"header-noticia full-width\">\n<h1 class=\"titulo-materia\">PM que atirou e matou mulher em SP \u00e9 suspensa da fun\u00e7\u00e3o<\/h1>\n<div class=\"linha-fina-noticia\">Medida foi adotada ap\u00f3s decis\u00e3o judicial<\/div>\n<\/div>\n<div class=\"subheader\">\n<div class=\"container-autoria\">\n<div class=\"autor-noticia\">Bruno Bocchini &#8211; Rep\u00f3rter da Ag\u00eancia Brasil<\/div>\n<div class=\"local\">S\u00e3o Paulo<\/div>\n<\/div>\n<nav class=\"compartilhamento rowflex\"><\/nav>\n<\/div>\n<div class=\"capa-materia rel-position\">\n<figure><img decoding=\"async\" id=\"media-432211\" title=\"PMSP\/Divulga\u00e7\u00e3o\" src=\"https:\/\/imagens.ebc.com.br\/a3yI0ee8TFJ0vNJFuVg6_2Ackss=\/1170x700\/smart\/https:\/\/agenciabrasil.ebc.com.br\/sites\/default\/files\/thumbnails\/image\/2025\/07\/28\/pmsp2_copiar.jpg?itok=H66tZpxS\" alt=\"S\u00e3o Paulo (SP), 28\/07\/2025 - Pol\u00edcia Militar de S\u00e3o Paulo. Foto: PMSP\/Divulga\u00e7\u00e3o\" \/><figcaption class=\"credito-foto abs-position fullwidth\">\u00a9 PMSP\/Divulga\u00e7\u00e3o<\/figcaption><\/figure>\n<\/div>\n<div id=\"block-tts-block-tts\" class=\"block block-tts\">\n<div class=\"content\">\n<div id=\"tts-container\" class=\"container-audio rel-position\">\n<div class=\"title abs-position\">Vers\u00e3o em \u00e1udio<\/div>\n<\/div>\n<\/div>\n<\/div>\n<div class=\"conteudo-noticia\">\n<p><strong>A policial militar Yasmin Ferreira foi suspensa de sua fun\u00e7\u00e3o p\u00fablica por decis\u00e3o judicial.\u00a0A agente atirou e matou a Thawanna Salm\u00e1zio, no dia\u00a03 de abril.<\/strong><img decoding=\"async\" src=\"https:\/\/agenciabrasil.ebc.com.br\/ebc.png?id=1687097&amp;o=node\" \/><img decoding=\"async\" src=\"https:\/\/agenciabrasil.ebc.com.br\/ebc.gif?id=1687097&amp;o=node\" \/><\/p>\n<p>Com a decis\u00e3o,\u00a0<strong>a\u00a0agente de seguran\u00e7a n\u00e3o poder\u00e1 portar arma de fogo, manter contato com testemunhas e parentes da v\u00edtima, nem deixar a comarca sem autoriza\u00e7\u00e3o judicial pr\u00e9via. Ela dever\u00e1 ainda ficar\u00a0recolhida em seu domic\u00edlio das 22h \u00e0s 5h.<\/strong><\/p>\n<p>As informa\u00e7\u00f5es foram confirmadas pela Secretaria de Seguran\u00e7a P\u00fablica do estado de S\u00e3o Paulo e tamb\u00e9m pelo Minist\u00e9rio P\u00fablico estadual.<\/p>\n<p>Segundo a decis\u00e3o do magistrado Ant\u00f4nio Carlos Ponte de Souza, existem provas de materialidade e suficientes ind\u00edcios de autoria da conduta criminosa.<\/p>\n<p>&#8220;Os elementos informativos at\u00e9 ent\u00e3o produzidos revelam quadro que extrapola, de forma inequ\u00edvoca, os limites do uso leg\u00edtimo da for\u00e7a por agente estatal, evidenciando, em ju\u00edzo de cogni\u00e7\u00e3o sum\u00e1ria, conduta marcada por impulsividade, descontrole emocional e absoluta desproporcionalidade&#8221;, disse na senten\u00e7a.<\/p>\n<h2>Entenda o caso<\/h2>\n<p>Na noite do\u00a0dia 3 de abril, a\u00a0policial Yasmin Ferreira e outro agente circulavam com a viatura pelas ruas do bairro Cidade Tiradentes, na zona leste da capital paulista.<\/p>\n<p>Segundo informa\u00e7\u00f5es do companheiro da v\u00edtima,\u00a0ele e Thawanna andavam na rua. O homem se desequilibrou e bateu com o bra\u00e7o no retrovisor da viatura policial, que parou para averiguar a situa\u00e7\u00e3o. Houve um princ\u00edpio de confus\u00e3o e os agentes policiais afirmaram que tiveram de usar for\u00e7a para deter o casal. A policial Yasmin Ferreira desceu da viatura e, ap\u00f3s discutir com Thawanna, alvejou-a. A v\u00edtima morreu menos de uma hora depois.<\/p>\n<p>Na ocasi\u00e3o, a Secretaria de Seguran\u00e7a P\u00fablica (SSP) informou que\u00a0a v\u00edtima foi levada ao Hospital Tiradentes, mas n\u00e3o resistiu aos ferimentos.<\/p>\n<p>Em nota, a secretaria disse que todas as circunst\u00e2ncias do caso est\u00e3o sendo investigadas \u201ccom prioridade\u201d pelo Departamento de Homic\u00eddios e de Prote\u00e7\u00e3o \u00e0 Pessoa (DHPP) e por meio de Inqu\u00e9rito Policial Militar (IPM), com acompanhamento das corregedorias das institui\u00e7\u00f5es envolvidas.<\/p>\n<p>No \u00faltimo dia 8, o\u00a0Minist\u00e9rio P\u00fablico de S\u00e3o Paulo<a href=\"https:\/\/agenciabrasil.ebc.com.br\/justica\/noticia\/2026-04\/mp-de-sao-paulo-vai-investigar-morte-de-mulher-baleada-pela-pm\" target=\"_blank\" rel=\"noopener\">\u00a0anunciou que vai investigar a morte de\u00a0Thawanna da Silva Salm\u00e1zio<\/a>.<\/p>\n<p>A Ouvidoria da Pol\u00edcia do Estado de S\u00e3o Paulo tamb\u00e9m\u00a0<a href=\"https:\/\/agenciabrasil.ebc.com.br\/direitos-humanos\/noticia\/2026-04\/ouvidoria-da-policia-pede-apuracao-da-morte-de-mulher-baleada-por-pm\" target=\"_blank\" rel=\"noopener\">pediu a apura\u00e7\u00e3o da morte<\/a>.<\/p>\n<p>Fonte: Agencia Brasil<\/p>\n<p>&nbsp;<\/p>\n<\/div>\n","protected":false},"excerpt":{"rendered":"<p>PM que atirou e matou mulher em SP \u00e9 suspensa da fun\u00e7\u00e3o Medida foi adotada ap\u00f3s decis\u00e3o judicial Bruno Bocchini<\/p>\n","protected":false},"author":1,"featured_media":13818,"comment_status":"open","ping_status":"open","sticky":false,"template":"","format":"standard","meta":{"colormag_page_container_layout":"default_layout","colormag_page_sidebar_layout":"default_layout","footnotes":""},"categories":[99],"tags":[],"class_list":["post-13814","post","type-post","status-publish","format-standard","has-post-thumbnail","hentry","category-sp"],"_links":{"self":[{"href":"http:\/\/metropoleemfoco.com.br\/index.php?rest_route=\/wp\/v2\/posts\/13814","targetHints":{"allow":["GET"]}}],"collection":[{"href":"http:\/\/metropoleemfoco.com.br\/index.php?rest_route=\/wp\/v2\/posts"}],"about":[{"href":"http:\/\/metropoleemfoco.com.br\/index.php?rest_route=\/wp\/v2\/types\/post"}],"author":[{"embeddable":true,"href":"http:\/\/metropoleemfoco.com.br\/index.php?rest_route=\/wp\/v2\/users\/1"}],"replies":[{"embeddable":true,"href":"http:\/\/metropoleemfoco.com.br\/index.php?rest_route=%2Fwp%2Fv2%2Fcomments&post=13814"}],"version-history":[{"count":1,"href":"http:\/\/metropoleemfoco.com.br\/index.php?rest_route=\/wp\/v2\/posts\/13814\/revisions"}],"predecessor-version":[{"id":13819,"href":"http:\/\/metropoleemfoco.com.br\/index.php?rest_route=\/wp\/v2\/posts\/13814\/revisions\/13819"}],"wp:featuredmedia":[{"embeddable":true,"href":"http:\/\/metropoleemfoco.com.br\/index.php?rest_route=\/wp\/v2\/media\/13818"}],"wp:attachment":[{"href":"http:\/\/metropoleemfoco.com.br\/index.php?rest_route=%2Fwp%2Fv2%2Fmedia&parent=13814"}],"wp:term":[{"taxonomy":"category","embeddable":true,"href":"http:\/\/metropoleemfoco.com.br\/index.php?rest_route=%2Fwp%2Fv2%2Fcategories&post=13814"},{"taxonomy":"post_tag","embeddable":true,"href":"http:\/\/metropoleemfoco.com.br\/index.php?rest_route=%2Fwp%2Fv2%2Ftags&post=13814"}],"curies":[{"name":"wp","href":"https:\/\/api.w.org\/{rel}","templated":true}]}}