{"id":13809,"date":"2026-04-24T18:13:07","date_gmt":"2026-04-24T21:13:07","guid":{"rendered":"http:\/\/metropoleemfoco.com.br\/?p=13809"},"modified":"2026-04-24T18:13:07","modified_gmt":"2026-04-24T21:13:07","slug":"13809","status":"publish","type":"post","link":"http:\/\/metropoleemfoco.com.br\/?p=13809","title":{"rendered":""},"content":{"rendered":"<div class=\"header-noticia full-width\">\n<h1 class=\"titulo-materia\">Viva Maria discute o papel do jornalismo na preserva\u00e7\u00e3o ambiental<\/h1>\n<div class=\"linha-fina-noticia\">A convidada \u00e9 Patr\u00edcia Blanco, presidente do Instituto Palavra Aberta.<\/div>\n<div class=\"rowflex noticia-play-btns\"><\/div>\n<\/div>\n<div class=\"subheader\">\n<div class=\"container-autoria\">\n<div class=\"autor-noticia\">Mara R\u00e9gia \u2013 Apresentadora do Viva Maria<\/div>\n<div class=\"local\">undefined<\/div>\n<\/div>\n<nav class=\"compartilhamento rowflex\"><\/nav>\n<\/div>\n<div class=\"capa-materia rel-position\">\n<figure><img decoding=\"async\" id=\"media-388095\" title=\"Tomaz Silva\/Ag\u00eancia Brasil\" src=\"https:\/\/imagens.ebc.com.br\/fwKZ_loyqqodaoCrIyPYXD6MmGU=\/1170x700\/smart\/https:\/\/agenciabrasil.ebc.com.br\/sites\/default\/files\/thumbnails\/image\/2024\/06\/05\/0g2a0111.jpg?itok=nelFGH4k\" alt=\"Rio de Janeiro (RJ), 05\/06\/2024 \u2013 Dia Mundial do Meio Ambiente no Jardim Bot\u00e2nico do Rio de Janeiro. Foto: Tomaz Silva\/Ag\u00eancia Brasil\" \/><figcaption class=\"credito-foto abs-position fullwidth\">\u00a9 Tomaz Silva\/Ag\u00eancia Brasil<\/figcaption><\/figure>\n<\/div>\n<div class=\"conteudo-noticia\">\n<p>O Viva Maria marca o encerramento da participa\u00e7\u00e3o no 25\u00ba Encontro Nacional de Ensino de Jornalismo (ENJOR 2026), realizado na Universidade de Bras\u00edlia (UnB). A apresentadora Mara R\u00e9gia destaca a import\u00e2ncia de debater a crise clim\u00e1tica sob a \u00f3tica do ensino de jornalismo, integrando as li\u00e7\u00f5es aprendidas com a audi\u00eancia do programa, desde pesquisadores at\u00e9 lideran\u00e7as rurais e povos origin\u00e1rios, que usam o microfone para denunciar queimadas e o desmatamento.<img decoding=\"async\" src=\"https:\/\/agenciabrasil.ebc.com.br\/ebc.png?id=1687096&amp;o=node\" \/><img decoding=\"async\" src=\"https:\/\/agenciabrasil.ebc.com.br\/ebc.gif?id=1687096&amp;o=node\" \/><\/p>\n<p>A entrevistada desta edi\u00e7\u00e3o foi Patr\u00edcia Blanco, presidente do Instituto Palavra Aberta, organiza\u00e7\u00e3o que defende a liberdade de express\u00e3o, liberdade de imprensa e educa\u00e7\u00e3o midi\u00e1tica no Brasil. Ela \u00e9 especialista em comunica\u00e7\u00e3o e lidera o programa EducaM\u00eddia e atua no combate \u00e0 desinforma\u00e7\u00e3o.<\/p>\n<p>Patr\u00edcia analisou o desafio de cobrir a emerg\u00eancia clim\u00e1tica em um cen\u00e1rio de desinforma\u00e7\u00e3o. Ela apontou um paradoxo: embora os ve\u00edculos de comunica\u00e7\u00e3o tenham ampliado o espa\u00e7o para o tema, o engajamento do p\u00fablico permanece baixo. Ela defendeu que o clima deve ser tratado com a mesma urg\u00eancia que \u00e1reas como sa\u00fade e educa\u00e7\u00e3o, sendo abordado de forma transversal para evidenciar seus impactos sociais e econ\u00f4micos, especialmente nas popula\u00e7\u00f5es mais vulnerabilizadas.<\/p>\n<p>Patr\u00edcia ressaltou que a imprensa deve cumprir um papel pedag\u00f3gico, ajudando o cidad\u00e3o a desenvolver um pensamento cr\u00edtico para compreender as causas estruturais que levaram o planeta ao estado atual de emerg\u00eancia.<\/p>\n<p>O programa termina com uma reflex\u00e3o sobre o protagonismo feminino na preserva\u00e7\u00e3o ambiental, associando a figura da mulher ao cuidado essencial necess\u00e1rio para gerar uma nova mentalidade.<\/p>\n<p>Fonte: Agencia Brasil<\/p>\n<\/div>\n","protected":false},"excerpt":{"rendered":"<p>Viva Maria discute o papel do jornalismo na preserva\u00e7\u00e3o ambiental A convidada \u00e9 Patr\u00edcia Blanco, presidente do Instituto Palavra Aberta.<\/p>\n","protected":false},"author":1,"featured_media":13812,"comment_status":"open","ping_status":"open","sticky":false,"template":"","format":"standard","meta":{"colormag_page_container_layout":"default_layout","colormag_page_sidebar_layout":"default_layout","footnotes":""},"categories":[98],"tags":[],"class_list":["post-13809","post","type-post","status-publish","format-standard","has-post-thumbnail","hentry","category-meio-ambiente"],"_links":{"self":[{"href":"http:\/\/metropoleemfoco.com.br\/index.php?rest_route=\/wp\/v2\/posts\/13809","targetHints":{"allow":["GET"]}}],"collection":[{"href":"http:\/\/metropoleemfoco.com.br\/index.php?rest_route=\/wp\/v2\/posts"}],"about":[{"href":"http:\/\/metropoleemfoco.com.br\/index.php?rest_route=\/wp\/v2\/types\/post"}],"author":[{"embeddable":true,"href":"http:\/\/metropoleemfoco.com.br\/index.php?rest_route=\/wp\/v2\/users\/1"}],"replies":[{"embeddable":true,"href":"http:\/\/metropoleemfoco.com.br\/index.php?rest_route=%2Fwp%2Fv2%2Fcomments&post=13809"}],"version-history":[{"count":1,"href":"http:\/\/metropoleemfoco.com.br\/index.php?rest_route=\/wp\/v2\/posts\/13809\/revisions"}],"predecessor-version":[{"id":13813,"href":"http:\/\/metropoleemfoco.com.br\/index.php?rest_route=\/wp\/v2\/posts\/13809\/revisions\/13813"}],"wp:featuredmedia":[{"embeddable":true,"href":"http:\/\/metropoleemfoco.com.br\/index.php?rest_route=\/wp\/v2\/media\/13812"}],"wp:attachment":[{"href":"http:\/\/metropoleemfoco.com.br\/index.php?rest_route=%2Fwp%2Fv2%2Fmedia&parent=13809"}],"wp:term":[{"taxonomy":"category","embeddable":true,"href":"http:\/\/metropoleemfoco.com.br\/index.php?rest_route=%2Fwp%2Fv2%2Fcategories&post=13809"},{"taxonomy":"post_tag","embeddable":true,"href":"http:\/\/metropoleemfoco.com.br\/index.php?rest_route=%2Fwp%2Fv2%2Ftags&post=13809"}],"curies":[{"name":"wp","href":"https:\/\/api.w.org\/{rel}","templated":true}]}}