{"id":13472,"date":"2026-03-17T06:00:41","date_gmt":"2026-03-17T09:00:41","guid":{"rendered":"http:\/\/metropoleemfoco.com.br\/?p=13472"},"modified":"2026-03-16T22:30:38","modified_gmt":"2026-03-17T01:30:38","slug":"13472","status":"publish","type":"post","link":"http:\/\/metropoleemfoco.com.br\/?p=13472","title":{"rendered":""},"content":{"rendered":"<header class=\"entry-header\">\n<h1 class=\"title\">Melhor Escola do Mundo: Projeto de escola de Cubat\u00e3o inspira implanta\u00e7\u00e3o da Rede Escola dos Sonhos pela Educa\u00e7\u00e3o de SP<\/h1>\n<div class=\"subtile\">\n<h2>Escola Estadual Parque dos Sonhos recebeu a visita do criador do pr\u00eamio internacional, Vikas Pota, no s\u00e1bado; na Rede Escola dos Sonhos, 100 unidades p\u00fablicas ter\u00e3o suas trajet\u00f3rias transformadas em 2026<\/h2>\n<\/div>\n<div class=\"sociais\">\n<div class=\"item-social whatsapp\"><\/div>\n<\/div>\n<\/header>\n<div class=\"entry-content\">\n<p><img loading=\"lazy\" decoding=\"async\" class=\"aligncenter wp-image-1580132 size-large\" src=\"http:\/\/www.educacao.sp.gov.br\/wp-content\/uploads\/2026\/03\/WhatsApp-Image-2026-03-16-at-12.56.24-1-1024x576.jpeg\" sizes=\"auto, (max-width: 1024px) 100vw, 1024px\" srcset=\"https:\/\/www.educacao.sp.gov.br\/wp-content\/uploads\/2026\/03\/WhatsApp-Image-2026-03-16-at-12.56.24-1-1024x576.jpeg 1024w, https:\/\/www.educacao.sp.gov.br\/wp-content\/uploads\/2026\/03\/WhatsApp-Image-2026-03-16-at-12.56.24-1-300x169.jpeg 300w, https:\/\/www.educacao.sp.gov.br\/wp-content\/uploads\/2026\/03\/WhatsApp-Image-2026-03-16-at-12.56.24-1-768x432.jpeg 768w, https:\/\/www.educacao.sp.gov.br\/wp-content\/uploads\/2026\/03\/WhatsApp-Image-2026-03-16-at-12.56.24-1.jpeg 1600w\" alt=\"\" width=\"1024\" height=\"576\" \/><\/p>\n<p>A trajet\u00f3ria da Escola Estadual Parque dos Sonhos, em Cubat\u00e3o, foi alterada algumas vezes na \u00faltima d\u00e9cada. Conhecida como \u201cParque dos Pesadelos\u201d, a unidade de ensino passou por uma transforma\u00e7\u00e3o a partir de um projeto de conviv\u00eancia e envolvimento de toda a comunidade escolar, zerou o n\u00famero de boletins de ocorr\u00eancia por invas\u00e3o e, em setembro de 2025, conquistou o Pr\u00eamio Melhor Escola do Mundo na categoria Supera\u00e7\u00e3o de Adversidades. No \u00faltimo s\u00e1bado (14), a escola registrou mais um marco em sua hist\u00f3ria: ela celebra o fato de ter se tornado inspira\u00e7\u00e3o para o projeto Rede Escola dos Sonhos, que a Secretaria da Educa\u00e7\u00e3o do Estado de S\u00e3o Paulo (Seduc-SP) est\u00e1 implantando em 100 escolas p\u00fablicas da rede neste ano.<\/p>\n<p>A cria\u00e7\u00e3o da Rede Escola dos Sonhos foi destaque em evento na escola de Cubat\u00e3o no s\u00e1bado, com a presen\u00e7a da diretora do Conviva (Programa de Melhoria da Conviv\u00eancia e Prote\u00e7\u00e3o Escolar), Daniele Quirino, que representou o secret\u00e1rio da Educa\u00e7\u00e3o, Renato Feder, durante a cerim\u00f4nia, de Vikas Pota,\u00a0 fundador da\u00a0<i>T4 Education<\/i>, organiza\u00e7\u00e3o respons\u00e1vel pela entrega do Pr\u00eamio Melhor Escola do Mundo, e pelo diretor da escola de Cubat\u00e3o, professor Regis Marques, que capitaneou a transforma\u00e7\u00e3o da realidade local. Essa \u00e9 a primeira vez que o fundador da T4 visita a escola Parque dos Sonhos.<\/p>\n<p><img loading=\"lazy\" decoding=\"async\" class=\"size-medium wp-image-1580133 alignleft\" src=\"http:\/\/www.educacao.sp.gov.br\/wp-content\/uploads\/2026\/03\/WhatsApp-Image-2026-03-16-at-13.04.14-300x169.jpeg\" sizes=\"auto, (max-width: 300px) 100vw, 300px\" srcset=\"https:\/\/www.educacao.sp.gov.br\/wp-content\/uploads\/2026\/03\/WhatsApp-Image-2026-03-16-at-13.04.14-300x169.jpeg 300w, https:\/\/www.educacao.sp.gov.br\/wp-content\/uploads\/2026\/03\/WhatsApp-Image-2026-03-16-at-13.04.14-768x432.jpeg 768w, https:\/\/www.educacao.sp.gov.br\/wp-content\/uploads\/2026\/03\/WhatsApp-Image-2026-03-16-at-13.04.14-1024x576.jpeg 1024w, https:\/\/www.educacao.sp.gov.br\/wp-content\/uploads\/2026\/03\/WhatsApp-Image-2026-03-16-at-13.04.14.jpeg 1600w\" alt=\"\" width=\"300\" height=\"169\" \/>\u201cO que a Escola Estadual Parque dos Sonhos est\u00e1 fazendo hoje \u00e9 exatamente o motivo pelo qual o\u00a0<i>World\u2019s Best School Prizes<\/i>\u00a0foi criado \u2014 para dar destaque a escolas extraordin\u00e1rias que transformam vidas nas circunst\u00e2ncias mais desafiadoras e garantir que suas inova\u00e7\u00f5es inspirem mudan\u00e7as muito al\u00e9m de suas pr\u00f3prias salas de aula\u201d, diz Vikas Pota, da\u00a0<i>T4 Education.<\/i><\/p>\n<p>A partir das a\u00e7\u00f5es que levaram a escola p\u00fablica de Cubat\u00e3o ao topo da premia\u00e7\u00e3o internacional \u2014 baseada na integra\u00e7\u00e3o entre escola e comunidade, acolhimento, conex\u00e3o, cultura de paz e autonomia dos professores\u00a0 \u2014 a Secretaria da Educa\u00e7\u00e3o vai formar equipes gestoras de escolas para replicar exemplos de sucesso da Melhor Escola do Mundo.<\/p>\n<p>A metodologia de implanta\u00e7\u00e3o da Rede Escola dos Sonhos ser\u00e1 norteada a partir de tr\u00eas pilares e acompanhadas, na Seduc-SP, pelo Conviva:<\/p>\n<ul>\n<li>forma\u00e7\u00e3o continuada;<\/li>\n<li>acompanhamento territorial; e<\/li>\n<li>implementa\u00e7\u00e3o de pr\u00e1ticas pedag\u00f3gicas e de conviv\u00eancia.<\/li>\n<\/ul>\n<p>As 100 escolas da Rede Escola dos Sonhos est\u00e3o localizadas em 30 das 91 unidades regionais de ensino do estado. \u201cTodas as unidades est\u00e3o passando por forma\u00e7\u00e3o e acompanhamento do Conviva e ter\u00e3o autonomia para implantar seus pr\u00f3prios projetos ao longo de 2026, a partir de suas realidades e decis\u00f5es de seus professores\u201d, explica Daniele Quirino.<\/p>\n<p>\u201cA Rede Escolas dos Sonhos \u00e9 uma iniciativa que visa fortalecer uma cultura de conviv\u00eancia baseada no cuidado, na responsabilidade compartilhada e na transforma\u00e7\u00e3o das rela\u00e7\u00f5es dentro das escolas. O projeto ser\u00e1 baseado na sistematiza\u00e7\u00e3o e replica\u00e7\u00e3o de pr\u00e1ticas bem-sucedidas desenvolvidas na Escola Estadual Parque dos Sonhos, que se tornou uma refer\u00eancia estadual na promo\u00e7\u00e3o de um clima escolar positivo, media\u00e7\u00e3o de conflitos e participa\u00e7\u00e3o estudantil\u201d, comenta o secret\u00e1rio da Educa\u00e7\u00e3o, Renato Feder.<\/p>\n<h3><b>Uma escola, uma rede<\/b><\/h3>\n<p>\u201cA Rede Escolas dos Sonhos foi criada para provar que cada escola pode se tornar um lugar de esperan\u00e7a, pertencimento e futuro. Quando transformamos escolas, transformamos territ\u00f3rios, e quando os territ\u00f3rios se transformam, as sociedades mudam\u201d, comenta o diretor da unidade.<\/p>\n<p>Na escola de Cubat\u00e3o, s\u00e3o 21 projetos propostos e implantados pelos professores e frequentados pelos estudantes. \u201cNossos alunos s\u00e3o reconhecidos regionalmente no v\u00f4lei, por exemplo, e internacionalmente na patina\u00e7\u00e3o art\u00edstica. Nossa escola desenvolve ainda o projeto \u2018A Escola vai \u00e0 sua Casa\u2019, em que nossos professores visitam as casas dos nossos estudantes, em mais uma forma de nos aproximar das fam\u00edlias\u201d, lembra o diretor.<\/p>\n<p>Essas aulas podem inspirar a cria\u00e7\u00e3o das turmas das\u00a0<a href=\"http:\/\/www.educacao.sp.gov.br\/wp-content\/uploads\/2026\/03\/Rede-Escolas-dos-Sonhos-Base.pdf\" target=\"_blank\" rel=\"noopener noreferrer\">100 escolas da Rede Escola dos Sonhos.<\/a><\/p>\n<p><img loading=\"lazy\" decoding=\"async\" class=\"size-medium wp-image-1580129 aligncenter\" src=\"http:\/\/www.educacao.sp.gov.br\/wp-content\/uploads\/2026\/03\/WhatsApp-Image-2026-03-14-at-11.01.43-300x225.jpeg\" sizes=\"auto, (max-width: 300px) 100vw, 300px\" srcset=\"https:\/\/www.educacao.sp.gov.br\/wp-content\/uploads\/2026\/03\/WhatsApp-Image-2026-03-14-at-11.01.43-300x225.jpeg 300w, https:\/\/www.educacao.sp.gov.br\/wp-content\/uploads\/2026\/03\/WhatsApp-Image-2026-03-14-at-11.01.43-768x576.jpeg 768w, https:\/\/www.educacao.sp.gov.br\/wp-content\/uploads\/2026\/03\/WhatsApp-Image-2026-03-14-at-11.01.43-1024x768.jpeg 1024w, https:\/\/www.educacao.sp.gov.br\/wp-content\/uploads\/2026\/03\/WhatsApp-Image-2026-03-14-at-11.01.43.jpeg 1600w\" alt=\"\" width=\"300\" height=\"225\" \/>A estudante Ingrid Puppi Rodrigues, de 12 anos de idade, do 7\u00ba ano do Ensino Fundamental, que frequenta a unidade desde o 1\u00ba ano, afirma que estar em uma escola como a Parque dos Sonhos pode transformar a vida de alunos e professores. \u201cEssa \u00e9 uma escola que acolhe, que ouve os projetos dos professores e esses professores amam dar aulas para a gente\u201d.<\/p>\n<p>Entre os 21 projetos da escola, ela integra a turma de patina\u00e7\u00e3o. \u201cEstou na patina\u00e7\u00e3o h\u00e1 tr\u00eas anos. Com a patina\u00e7\u00e3o, aprendi a perder e a ganhar, a ter mais consci\u00eancia, a lidar com as emo\u00e7\u00f5es e passei a me dedicar ainda mais aos estudos\u201d,\u00a0finaliza a estudante, campe\u00e3 brasileira e estadual da modalidade.<\/p>\n<p>Fonte: Educa\u00e7\u00e3o Sp Gov<\/p>\n<\/div>\n","protected":false},"excerpt":{"rendered":"<p>Melhor Escola do Mundo: Projeto de escola de Cubat\u00e3o inspira implanta\u00e7\u00e3o da Rede Escola dos Sonhos pela Educa\u00e7\u00e3o de SP<\/p>\n","protected":false},"author":1,"featured_media":13478,"comment_status":"open","ping_status":"open","sticky":false,"template":"","format":"standard","meta":{"colormag_page_container_layout":"default_layout","colormag_page_sidebar_layout":"default_layout","footnotes":""},"categories":[101],"tags":[],"class_list":["post-13472","post","type-post","status-publish","format-standard","has-post-thumbnail","hentry","category-educacao"],"_links":{"self":[{"href":"http:\/\/metropoleemfoco.com.br\/index.php?rest_route=\/wp\/v2\/posts\/13472","targetHints":{"allow":["GET"]}}],"collection":[{"href":"http:\/\/metropoleemfoco.com.br\/index.php?rest_route=\/wp\/v2\/posts"}],"about":[{"href":"http:\/\/metropoleemfoco.com.br\/index.php?rest_route=\/wp\/v2\/types\/post"}],"author":[{"embeddable":true,"href":"http:\/\/metropoleemfoco.com.br\/index.php?rest_route=\/wp\/v2\/users\/1"}],"replies":[{"embeddable":true,"href":"http:\/\/metropoleemfoco.com.br\/index.php?rest_route=%2Fwp%2Fv2%2Fcomments&post=13472"}],"version-history":[{"count":1,"href":"http:\/\/metropoleemfoco.com.br\/index.php?rest_route=\/wp\/v2\/posts\/13472\/revisions"}],"predecessor-version":[{"id":13479,"href":"http:\/\/metropoleemfoco.com.br\/index.php?rest_route=\/wp\/v2\/posts\/13472\/revisions\/13479"}],"wp:featuredmedia":[{"embeddable":true,"href":"http:\/\/metropoleemfoco.com.br\/index.php?rest_route=\/wp\/v2\/media\/13478"}],"wp:attachment":[{"href":"http:\/\/metropoleemfoco.com.br\/index.php?rest_route=%2Fwp%2Fv2%2Fmedia&parent=13472"}],"wp:term":[{"taxonomy":"category","embeddable":true,"href":"http:\/\/metropoleemfoco.com.br\/index.php?rest_route=%2Fwp%2Fv2%2Fcategories&post=13472"},{"taxonomy":"post_tag","embeddable":true,"href":"http:\/\/metropoleemfoco.com.br\/index.php?rest_route=%2Fwp%2Fv2%2Ftags&post=13472"}],"curies":[{"name":"wp","href":"https:\/\/api.w.org\/{rel}","templated":true}]}}