{"id":13471,"date":"2026-03-17T06:00:35","date_gmt":"2026-03-17T09:00:35","guid":{"rendered":"http:\/\/metropoleemfoco.com.br\/?p=13471"},"modified":"2026-03-16T22:28:01","modified_gmt":"2026-03-17T01:28:01","slug":"13471","status":"publish","type":"post","link":"http:\/\/metropoleemfoco.com.br\/?p=13471","title":{"rendered":""},"content":{"rendered":"<div class=\"mc-article-header\">\n<div class=\"row content-head mc-column non-featured \">\n<div class=\"title\" data-block-type=\"title\" data-block-id=\"0\">\n<h1 class=\"content-head__title\">Convoca\u00e7\u00e3o da Sele\u00e7\u00e3o: veja a lista de Carlo Ancelotti para os amistosos contra Fran\u00e7a e Cro\u00e1cia<\/h1>\n<\/div>\n<div class=\"medium-centered subtitle\">\n<h2 class=\"content-head__subtitle\">T\u00e9cnico deixa Neymar fora, mas chama Leo Pereira, Gabriel Sara, Igor Thiago e Rayan; Endrick volta, e Iba\u00f1ez e Danilo s\u00e3o lembrados na \u00faltima convoca\u00e7\u00e3o antes da defini\u00e7\u00e3o para a Copa do Mundo<\/h2>\n<\/div>\n<\/div>\n<div class=\"content__signa-share mc-column\">\n<div class=\"content__signature\">\n<div class=\"content-publication-data\">\n<div class=\"content-publication-data__text\">\n<p class=\"content-publication-data__from\" title=\"Bruno Cassucci e Cah\u00ea Mota\">Por Bruno Cassucci e Cah\u00ea Mota\u00a0\u2014 Rio de Janeiro<\/p>\n<\/div>\n<\/div>\n<\/div>\n<\/div>\n<div class=\"glb-share-bar content__share-bar\">\n<div class=\"glb-share-bar_icons\">\n<div class=\"glb-share-bar_button-img\"><\/div>\n<div class=\"glb-share-bar_button-img\"><\/div>\n<div class=\"glb-share-bar_button-img\"><\/div>\n<\/div>\n<\/div>\n<hr class=\"content__divider \" \/>\n<\/div>\n<div class=\"mc-article-body\">\n<article>\n<div id=\"chunk-9vii9\">\n<div class=\"cxm-block-video content-media mc-column \" data-block-type=\"backstage-video\" data-block-id=\"1\">\n<div class=\"cxm-block-video__container \">\n<div class=\"cxm-block-video__player-fixer\">\n<article class=\"cxm-block-video__player-wrapper\">\n<section class=\"cxm-block-video__player\">\n<div class=\"cxm-block-video__placeholder\" data-video-id=\"14435242\"><img decoding=\"async\" class=\"cxm-block-video__thumb\" title=\"Com Rayan e Vini Jr., Ancellotti convoca jogadores para amistosos contra Fran\u00e7a e Cro\u00e1cia\" src=\"https:\/\/s03.video.glbimg.com\/x240\/14435242.jpg\" alt=\"Com Rayan e Vini Jr., Ancellotti convoca jogadores para amistosos contra Fran\u00e7a e Cro\u00e1cia\" \/><\/div>\n<\/section>\n<\/article>\n<\/div>\n<div class=\"cxm-block-video__caption-container\">\n<p class=\"codex-caption codex-caption--small\">Com Rayan e Vini Jr., Ancellotti convoca jogadores para amistosos contra Fran\u00e7a e Cro\u00e1cia<\/p>\n<\/div>\n<\/div>\n<\/div>\n<\/div>\n<div id=\"chunk-7fpcc\">\n<div class=\"mc-column content-text active-extra-styles \" data-block-type=\"unstyled\" data-block-weight=\"81\" data-block-id=\"2\">\n<p class=\" content-text__container \" data-track-category=\"Link no Texto\" data-track-links=\"\" data-mrf-recirculation=\"Artigo - Link no Texto\">O t\u00e9cnico Carlo Ancelotti anunciou nesta segunda-feira a rela\u00e7\u00e3o de\u00a0<strong>jogadores convocados para os amistosos contra Fran\u00e7a e Cro\u00e1cia<\/strong>, marcados para os dias 26 e 31 de mar\u00e7o. O treinador deixou Neymar fora, mas chamou Leo Pereira, Gabriel Sara, Igor Thiago e Rayan. Endrick retorna, e Iba\u00f1ez e Danilo voltam a ser lembrados na \u00faltima convoca\u00e7\u00e3o antes da defini\u00e7\u00e3o para a Copa.\u00a0<span class=\"highlight highlighted\">Essa \u00e9 a \u00faltima convoca\u00e7\u00e3o da sele\u00e7\u00e3o brasileira antes da lista final para a Copa do Mundo de 2026<\/span>.<\/p>\n<\/div>\n<\/div>\n<div class=\"wall protected-content\">\n<div id=\"chunk-17gov\">\n<div class=\"row medium-uncollapsed content-media content-photo\" data-block-type=\"backstage-photo\" data-block-id=\"5\">\n<div class=\" mc-column  content-media__container\">\n<div class=\"content-media-container glb-skeleton-box\">\n<figure class=\"content-media-figure\"><img decoding=\"async\" class=\"i-amphtml-fill-content i-amphtml-replaced-content\" src=\"https:\/\/s2-ge.glbimg.com\/CdiA5nsgE2EZWsHWydlpFekJ0R8=\/0x0:3714x2455\/984x0\/smart\/filters:strip_icc()\/i.s3.glbimg.com\/v1\/AUTH_bc8228b6673f488aa253bbcb03c80ec5\/internal_photos\/bs\/2026\/I\/b\/vxW0k1SzSLDkzlxhGcWQ\/1-1-.jpg\" sizes=\"(max-width: 1600px) 648px, 100vw\" srcset=\"https:\/\/s2-ge.glbimg.com\/OvRECz9m6I_bHB9Eef3AXm7oDZ4=\/0x0:3714x2455\/1000x0\/smart\/filters:strip_icc()\/i.s3.glbimg.com\/v1\/AUTH_bc8228b6673f488aa253bbcb03c80ec5\/internal_photos\/bs\/2026\/I\/b\/vxW0k1SzSLDkzlxhGcWQ\/1-1-.jpg 1000w, https:\/\/s2-ge.glbimg.com\/CdiA5nsgE2EZWsHWydlpFekJ0R8=\/0x0:3714x2455\/984x0\/smart\/filters:strip_icc()\/i.s3.glbimg.com\/v1\/AUTH_bc8228b6673f488aa253bbcb03c80ec5\/internal_photos\/bs\/2026\/I\/b\/vxW0k1SzSLDkzlxhGcWQ\/1-1-.jpg 984w, https:\/\/s2-ge.glbimg.com\/AFvpLLlMHUuToCQsKWCinUeY_iM=\/0x0:3714x2455\/640x0\/smart\/filters:strip_icc()\/i.s3.glbimg.com\/v1\/AUTH_bc8228b6673f488aa253bbcb03c80ec5\/internal_photos\/bs\/2026\/I\/b\/vxW0k1SzSLDkzlxhGcWQ\/1-1-.jpg 640w, https:\/\/s2-ge.glbimg.com\/AqNPX4tLbkYDs9LiupM27EqXfN0=\/0x0:3714x2455\/600x0\/smart\/filters:strip_icc()\/i.s3.glbimg.com\/v1\/AUTH_bc8228b6673f488aa253bbcb03c80ec5\/internal_photos\/bs\/2026\/I\/b\/vxW0k1SzSLDkzlxhGcWQ\/1-1-.jpg 600w\" alt=\"CArlo Ancelotti convoca a sele\u00e7\u00e3o brasileira \u2014 Foto: Andr\u00e9 Dur\u00e3o\" \/><\/figure>\n<\/div>\n<p class=\"content-media__description  \">CArlo Ancelotti convoca a sele\u00e7\u00e3o brasileira \u2014 Foto: Andr\u00e9 Dur\u00e3o<\/p>\n<\/div>\n<\/div>\n<\/div>\n<div id=\"chunk-5h9mm\">\n<div class=\"mc-column content-text active-extra-styles \" data-block-type=\"unstyled\" data-block-weight=\"65\" data-block-id=\"8\">\n<p class=\" content-text__container \" data-track-category=\"Link no Texto\" data-track-links=\"\" data-mrf-recirculation=\"Artigo - Link no Texto\">\u2014<span class=\"highlight highlighted\">\u00a0A explica\u00e7\u00e3o da lista \u00e9 que depende muito das les\u00f5es, obviamente. \u00c9 uma lista criada com jogadores que est\u00e3o 100% de condi\u00e7\u00e3o f\u00edsica<\/span>. Temos les\u00f5es importantes, como Milit\u00e3o, Bruno Guimar\u00e3es, Estev\u00e3o, Rodrygo, que desejamos uma r\u00e1pida recupera\u00e7\u00e3o. Vamos jogar dois jogos muito importantes, de intensidade, com um prazo muito curto, incluindo a viagem. Ent\u00e3o preferi chamar quem est\u00e1 100% \u2014 comentou o treinador.<\/p>\n<\/div>\n<\/div>\n<div id=\"chunk-48fdq\">\n<div class=\"mc-column content-text active-extra-styles \" data-block-type=\"unstyled\" data-block-weight=\"36\" data-block-id=\"9\">\n<p class=\" content-text__container \" data-track-category=\"Link no Texto\" data-track-links=\"\" data-mrf-recirculation=\"Artigo - Link no Texto\"><a class=\"\" href=\"https:\/\/ge.globo.com\/futebol\/selecao-brasileira\/noticia\/2026\/03\/16\/ancelotti-nao-convoca-neymar-e-evita-falar-do-jogador-do-santos.ghtml\" data-mrf-link=\"https:\/\/ge.globo.com\/futebol\/selecao-brasileira\/noticia\/2026\/03\/16\/ancelotti-nao-convoca-neymar-e-evita-falar-do-jogador-do-santos.ghtml\"><strong>Carlo Ancelotti n\u00e3o se prolongou na resposta sobre a aus\u00eancia de Neymar<\/strong><\/a>.\u00a0<a class=\"\" href=\"https:\/\/ge.globo.com\/sp\/santos-e-regiao\/futebol\/times\/santos\/noticia\/2026\/03\/09\/neymar-entra-em-pre-lista-da-selecao-e-ancelotti-vai-a-mirassol-assistir-jogo-do-santos.ghtml\" data-mrf-link=\"https:\/\/ge.globo.com\/sp\/santos-e-regiao\/futebol\/times\/santos\/noticia\/2026\/03\/09\/neymar-entra-em-pre-lista-da-selecao-e-ancelotti-vai-a-mirassol-assistir-jogo-do-santos.ghtml\"><strong>O atacante do Santos estava na pr\u00e9-lista<\/strong><\/a>, mas n\u00e3o disputou o jogo contra o Mirassol, que o t\u00e9cnico da Sele\u00e7\u00e3o acompanhou in loco.<\/p>\n<\/div>\n<\/div>\n<div id=\"chunk-ekr5v\">\n<div class=\"cxm-block-video content-media mc-column \" data-block-type=\"backstage-video\" data-block-id=\"11\">\n<div class=\"cxm-block-video__container \">\n<div class=\"cxm-block-video__player-fixer\">\n<article class=\"cxm-block-video__player-wrapper\">\n<section class=\"cxm-block-video__player\">\n<div class=\"cxm-block-video__placeholder\" data-video-id=\"14435278\"><img decoding=\"async\" class=\"cxm-block-video__thumb\" title=\"Ancelotti explica ida a Mirassol mesmo sem Neymar: &quot;Respeito a atletas, clubes e \u00e0 cidade&quot;\" src=\"https:\/\/s03.video.glbimg.com\/x240\/14435278.jpg\" alt=\"Ancelotti explica ida a Mirassol mesmo sem Neymar: &quot;Respeito a atletas, clubes e \u00e0 cidade&quot;\" \/><\/div>\n<\/section>\n<\/article>\n<\/div>\n<div class=\"cxm-block-video__caption-container\">\n<p class=\"codex-caption codex-caption--small\">Ancelotti explica ida a Mirassol mesmo sem Neymar: &#8220;Respeito a atletas, clubes e \u00e0 cidade&#8221;<\/p>\n<\/div>\n<\/div>\n<\/div>\n<\/div>\n<div id=\"chunk-8tlj6\">\n<div class=\"mc-column content-text active-extra-styles \" data-block-type=\"unstyled\" data-block-weight=\"50\" data-block-id=\"13\">\n<p class=\" content-text__container \" data-track-category=\"Link no Texto\" data-track-links=\"\" data-mrf-recirculation=\"Artigo - Link no Texto\">As novidades na lista s\u00e3o: Leo Pereira, do Flamengo; Gabriel Sara, do Galatasaray; Igor Thiago, do Brentford; e Rayan, do Bournemouth.\u00a0<span class=\"highlight highlighted\">O zagueiro Iba\u00f1ez foi chamado para a Sele\u00e7\u00e3o no in\u00edcio deste ciclo p\u00f3s Copa do Mundo de 2022,\u00a0<\/span>e o volante Danilo chegou a ser convocado por Tite.<\/p>\n<\/div>\n<\/div>\n<div id=\"chunk-8a5ba\">\n<div class=\"mc-column content-text active-extra-styles \" data-block-type=\"unstyled\" data-block-weight=\"36\" data-block-id=\"14\">\n<p class=\" content-text__container \" data-track-category=\"Link no Texto\" data-track-links=\"\" data-mrf-recirculation=\"Artigo - Link no Texto\">\u2014 Quando chamamos jogadores novos, queremos saber como se incorporam no nosso ambiente, car\u00e1ter.\u00a0<span class=\"highlight highlighted\">Sabemos perfeitamente como est\u00e3o jogando, porque temos avalia\u00e7\u00f5es de cada jogador que est\u00e1 e n\u00e3o est\u00e1 na lista<\/span> \u2014 disse Ancelotti.<\/p>\n<\/div>\n<\/div>\n<div id=\"chunk-9qs54\">\n<div class=\"cxm-block-video content-media mc-column \" data-block-type=\"backstage-video\" data-block-id=\"16\">\n<div class=\"cxm-block-video__container \">\n<div class=\"cxm-block-video__player-fixer\">\n<article class=\"cxm-block-video__player-wrapper\">\n<section class=\"cxm-block-video__player\">\n<div class=\"cxm-block-video__placeholder\" data-video-id=\"14435415\"><img decoding=\"async\" class=\"cxm-block-video__thumb\" title=\"&quot;Acredito no trabalho&quot;: Samir Xaud avalia lista de Ancelotti para amistosos de mar\u00e7o\" src=\"https:\/\/s04.video.glbimg.com\/x240\/14435415.jpg\" alt=\"&quot;Acredito no trabalho&quot;: Samir Xaud avalia lista de Ancelotti para amistosos de mar\u00e7o\" \/><\/div>\n<\/section>\n<\/article>\n<\/div>\n<div class=\"cxm-block-video__caption-container\">\n<p class=\"codex-caption codex-caption--small\">&#8220;Acredito no trabalho&#8221;: Samir Xaud avalia lista de Ancelotti para amistosos de mar\u00e7o<\/p>\n<\/div>\n<\/div>\n<\/div>\n<\/div>\n<div id=\"chunk-cnu3k\">\n<div class=\"mc-column content-text active-extra-styles\" data-block-type=\"raw\" data-block-weight=\"4\" data-block-id=\"18\">\n<div class=\"content-intertitle\">\n<h2>Os convocados da Sele\u00e7\u00e3o:<\/h2>\n<\/div>\n<\/div>\n<\/div>\n<div id=\"chunk-37ll\">\n<div class=\"mc-column content-text active-extra-styles\" data-block-type=\"raw\" data-block-weight=\"75\" data-block-id=\"19\">\n<ul class=\"content-unordered-list\" data-mrf-recirculation=\"Artigo - Mais Mat\u00e9rias\">\n<li><strong>Goleiros:\u00a0<\/strong>Alisson (Liverpool), Bento (Al-Nassr) e Ederson (Fenerbah\u00e7e).<\/li>\n<li><strong>Defensores:\u00a0<\/strong>Alex Sandro (Flamengo), Bremer (Juventus), Danilo (Flamengo), Douglas Santos (Zenit), Gabriel Magalh\u00e3es (Arsenal), Iba\u00f1ez (Al-Ahli), Leo Pereira (Flamengo), Marquinhos (PSG) e Wesley (Roma).<\/li>\n<li><strong>Meio-campistas:<\/strong>\u00a0Andrey Santos (Chelsea), Casemiro (Manchester United), Danilo (Botafogo), Fabinho (Al-Ittihad) e Gabriel Sara (Galatasaray).<\/li>\n<li><strong>Atacantes:<\/strong>\u00a0Endrick (Lyon), Gabriel Martinelli (Arsenal), Igor Thiago (Brentford), Jo\u00e3o Pedro (Chelsea), Luiz Henrique (Zenit), Matheus Cunha (Manchester United), Raphinha (Barcelona), Rayan (Bournemouth) e Vinicius Junior (Real Madrid).<\/li>\n<\/ul>\n<\/div>\n<\/div>\n<div id=\"chunk-6j8hn\">\n<div class=\"mc-column content-text active-extra-styles \" data-block-type=\"unstyled\" data-block-weight=\"41\" data-block-id=\"20\">\n<p class=\" content-text__container \" data-track-category=\"Link no Texto\" data-track-links=\"\" data-mrf-recirculation=\"Artigo - Link no Texto\"><a class=\"\" href=\"https:\/\/ge.globo.com\/futebol\/selecao-brasileira\/noticia\/2026\/03\/11\/selecao-acumula-desfalques-por-lesao-mas-confia-em-volta-de-pecas-chave-ate-a-copa-do-mundo.ghtml\" data-mrf-link=\"https:\/\/ge.globo.com\/futebol\/selecao-brasileira\/noticia\/2026\/03\/11\/selecao-acumula-desfalques-por-lesao-mas-confia-em-volta-de-pecas-chave-ate-a-copa-do-mundo.ghtml\"><strong>Algumas baixas na lista da Sele\u00e7\u00e3o para esta data Fifa j\u00e1 eram conhecidas h\u00e1 tempos<\/strong><\/a>, como as do zagueiro \u00c9der Milit\u00e3o e do volante Bruno Guimar\u00e3es.\u00a0<a class=\"\" href=\"https:\/\/ge.globo.com\/futebol\/futebol-internacional\/noticia\/2026\/03\/03\/rodrygo-rompe-ligamento-cruzado-anterior-do-joelho-direito-diz-jornal.ghtml\" data-mrf-link=\"https:\/\/ge.globo.com\/futebol\/futebol-internacional\/noticia\/2026\/03\/03\/rodrygo-rompe-ligamento-cruzado-anterior-do-joelho-direito-diz-jornal.ghtml\"><strong>Outras s\u00e3o recentes, com as do atacante Rodrygo<\/strong><\/a>\u00a0e dos laterais Caio Henrique e Vanderson.<\/p>\n<\/div>\n<\/div>\n<div id=\"chunk-ajod\">\n<div class=\"mc-column content-text active-extra-styles \" data-block-type=\"unstyled\" data-block-weight=\"66\" data-block-id=\"21\">\n<p class=\" content-text__container \" data-track-category=\"Link no Texto\" data-track-links=\"\" data-mrf-recirculation=\"Artigo - Link no Texto\"><span class=\"highlight highlighted\">O Brasil enfrentar\u00e1 a Fran\u00e7a no dia 26 em Boston e a Cro\u00e1cia no dia 31 em Orlando, ambos os amistosos nos Estados Unidos.<\/span>\u00a0Depois disso, a Sele\u00e7\u00e3o far\u00e1 um jogo contra o Panam\u00e1, no Maracan\u00e3, no dia 31 de maio,\u00a0<strong>e seu \u00faltimo compromisso antes da Copa do Mundo ser\u00e1 o amistoso contra o Egito<\/strong>, no dia 6 de junho, em Cleveland, tamb\u00e9m nos EUA.<\/p>\n<\/div>\n<\/div>\n<div id=\"chunk-d28lf\">\n<div class=\"row medium-uncollapsed content-media content-photo\" data-block-type=\"backstage-photo\" data-block-id=\"24\">\n<div class=\" mc-column  content-media__container\">\n<div class=\"content-media-container glb-skeleton-box\">\n<figure class=\"content-media-figure\"><img decoding=\"async\" class=\"i-amphtml-fill-content i-amphtml-replaced-content\" src=\"https:\/\/s2-ge.glbimg.com\/QmMbWZoRvCE8q4z5NhZODQWR1YA=\/0x0:1024x709\/984x0\/smart\/filters:strip_icc()\/i.s3.glbimg.com\/v1\/AUTH_bc8228b6673f488aa253bbcb03c80ec5\/internal_photos\/bs\/2026\/X\/p\/kCKARXSqm3Jr06vRg1QA\/54932939793-939ac9eac6-b.jpg\" sizes=\"(max-width: 1600px) 648px, 100vw\" srcset=\"https:\/\/s2-ge.glbimg.com\/sgp4IqsTYfeydK-KAhEzjIdpSlc=\/0x0:1024x709\/1000x0\/smart\/filters:strip_icc()\/i.s3.glbimg.com\/v1\/AUTH_bc8228b6673f488aa253bbcb03c80ec5\/internal_photos\/bs\/2026\/X\/p\/kCKARXSqm3Jr06vRg1QA\/54932939793-939ac9eac6-b.jpg 1000w, https:\/\/s2-ge.glbimg.com\/QmMbWZoRvCE8q4z5NhZODQWR1YA=\/0x0:1024x709\/984x0\/smart\/filters:strip_icc()\/i.s3.glbimg.com\/v1\/AUTH_bc8228b6673f488aa253bbcb03c80ec5\/internal_photos\/bs\/2026\/X\/p\/kCKARXSqm3Jr06vRg1QA\/54932939793-939ac9eac6-b.jpg 984w, https:\/\/s2-ge.glbimg.com\/c1ERz_dVkHoGeEhUAui-gqnM3tM=\/0x0:1024x709\/640x0\/smart\/filters:strip_icc()\/i.s3.glbimg.com\/v1\/AUTH_bc8228b6673f488aa253bbcb03c80ec5\/internal_photos\/bs\/2026\/X\/p\/kCKARXSqm3Jr06vRg1QA\/54932939793-939ac9eac6-b.jpg 640w, https:\/\/s2-ge.glbimg.com\/3wcsr3c7zpJ7PfdR9wFpmt9QxpQ=\/0x0:1024x709\/600x0\/smart\/filters:strip_icc()\/i.s3.glbimg.com\/v1\/AUTH_bc8228b6673f488aa253bbcb03c80ec5\/internal_photos\/bs\/2026\/X\/p\/kCKARXSqm3Jr06vRg1QA\/54932939793-939ac9eac6-b.jpg 600w\" alt=\"Brasil enfrentar\u00e1 Fran\u00e7a, Cro\u00e1cia, Panam\u00e1 e Egito antes da estreia na Copa do Mundo de 2026 \u2014 Foto: Rafael Ribeiro\" \/><\/figure>\n<\/div>\n<p class=\"content-media__description  \">Brasil enfrentar\u00e1 Fran\u00e7a, Cro\u00e1cia, Panam\u00e1 e Egito antes da estreia na Copa do Mundo de 2026 \u2014 Foto: Rafael Ribeiro<\/p>\n<\/div>\n<\/div>\n<\/div>\n<div id=\"chunk-aqtr5\">\n<div class=\"mc-column content-text active-extra-styles \" data-block-type=\"unstyled\" data-block-weight=\"62\" data-block-id=\"25\">\n<p class=\" content-text__container \" data-track-category=\"Link no Texto\" data-track-links=\"\" data-mrf-recirculation=\"Artigo - Link no Texto\"><strong>A convoca\u00e7\u00e3o para a Copa ser\u00e1 no dia 18 de maio<\/strong>. A previs\u00e3o \u00e9 come\u00e7ar a prepara\u00e7\u00e3o espec\u00edfica para a Copa no dia 25 de maio, na Granja Comary, em Teres\u00f3polis. Mas a data de apresenta\u00e7\u00e3o dos jogadores vai depender do desgaste com o fim de temporada na Europa.\u00a0<span class=\"highlight highlighted\">A sele\u00e7\u00e3o brasileira viaja para os Estados Unidos no dia 1\u00ba de junho.<\/span><\/p>\n<\/div>\n<\/div>\n<div id=\"chunk-2mb4u\">\n<div class=\"mc-column content-text active-extra-styles \" data-block-type=\"unstyled\" data-block-weight=\"56\" data-block-id=\"26\">\n<p class=\" content-text__container \" data-track-category=\"Link no Texto\" data-track-links=\"\" data-mrf-recirculation=\"Artigo - Link no Texto\">O Brasil est\u00e1 no Grupo C da Copa do Mundo 2026 e estreia no dia 13 de junho, diante do Marrocos, em Nova Jersey, \u00e0s 19h (de Bras\u00edlia). A segunda rodada ser\u00e1 no dia 19, contra o Haiti, \u00e0s 22h, na Filad\u00e9lfia, at\u00e9 encerrar a primeira fase dia 24, em Miami, enfrentando a Esc\u00f3cia, \u00e0s 19h.<\/p>\n<\/div>\n<\/div>\n<div id=\"chunk-521mi\">\n<div class=\"mc-column content-text active-extra-styles\" data-block-type=\"raw\" data-block-weight=\"28\" data-block-id=\"28\">\n<blockquote class=\"content-blockquote theme-border-color-primary-before\"><p>O Brasil disputou at\u00e9 hoje oito jogos sob o comando de Carlo Ancelotti. Foram quatro vit\u00f3rias, dois empates e duas derrotas, com 14 gols marcados e cinco sofridos.<\/p><\/blockquote>\n<\/div>\n<\/div>\n<div id=\"chunk-f18vd\">\n<div class=\"cxm-block-video content-media mc-column \" data-block-type=\"backstage-video\" data-block-id=\"30\">\n<div class=\"cxm-block-video__container \">\n<div class=\"cxm-block-video__player-fixer\">\n<article class=\"cxm-block-video__player-wrapper\">\n<section class=\"cxm-block-video__player\">\n<div class=\"cxm-block-video__placeholder\" data-video-id=\"14435252\"><img decoding=\"async\" class=\"cxm-block-video__thumb\" title=\"Neymar deve ser convocado para a Copa? Comentaristas debatem\" src=\"https:\/\/s01.video.glbimg.com\/x240\/14435252.jpg\" alt=\"Neymar deve ser convocado para a Copa? Comentaristas debatem\" \/><\/div>\n<\/section>\n<\/article>\n<\/div>\n<div class=\"cxm-block-video__caption-container\">\n<p class=\"codex-caption codex-caption--small\">Neymar deve ser convocado para a Copa? Comentaristas debatem<\/p>\n<\/div>\n<\/div>\n<\/div>\n<\/div>\n<div id=\"chunk-c0jsa\">\n<div class=\"mc-column content-text active-extra-styles\" data-block-type=\"raw\" data-block-weight=\"7\" data-block-id=\"31\">\n<div class=\"content-intertitle\">\n<h2>Agenda da Sele\u00e7\u00e3o prevista at\u00e9 a Copa:<\/h2>\n<\/div>\n<\/div>\n<\/div>\n<div id=\"chunk-6trro\">\n<div class=\"mc-column content-text active-extra-styles\" data-block-type=\"raw\" data-block-weight=\"75\" data-block-id=\"32\">\n<ul class=\"content-unordered-list\" data-mrf-recirculation=\"Artigo - Mais Mat\u00e9rias\">\n<li>23\/03 &#8211; Apresenta\u00e7\u00e3o em Orlando<\/li>\n<li>26\/03 &#8211; Brasil x Fran\u00e7a, em Boston<\/li>\n<li>31\/03 &#8211; Brasil x Cro\u00e1cia, em Orlando<\/li>\n<li>11\/05 &#8211; Prazo final para a inscri\u00e7\u00e3o para a Copa<\/li>\n<li><strong>18\/05 &#8211; Convoca\u00e7\u00e3o para a Copa do Mundo<\/strong><\/li>\n<li>25\/05 &#8211; In\u00edcio da prepara\u00e7\u00e3o na Granja Comary<\/li>\n<li>31\/05 &#8211; Brasil x Panam\u00e1, no Maracan\u00e3<\/li>\n<li>01\/06 &#8211; Viagem para os EUA<\/li>\n<li>06\/06 &#8211; Brasil x Egito, em Cleveland<\/li>\n<li><strong>13\/06 &#8211; Estreia na Copa do Mundo, contra o Marrocos<\/strong><\/li>\n<\/ul>\n<p>Fonte: Ge<\/p>\n<\/div>\n<\/div>\n<\/div>\n<\/article>\n<\/div>\n","protected":false},"excerpt":{"rendered":"<p>Convoca\u00e7\u00e3o da Sele\u00e7\u00e3o: veja a lista de Carlo Ancelotti para os amistosos contra Fran\u00e7a e Cro\u00e1cia T\u00e9cnico deixa Neymar fora,<\/p>\n","protected":false},"author":1,"featured_media":13476,"comment_status":"open","ping_status":"open","sticky":false,"template":"","format":"standard","meta":{"colormag_page_container_layout":"default_layout","colormag_page_sidebar_layout":"default_layout","footnotes":""},"categories":[102],"tags":[],"class_list":["post-13471","post","type-post","status-publish","format-standard","has-post-thumbnail","hentry","category-esportes"],"_links":{"self":[{"href":"http:\/\/metropoleemfoco.com.br\/index.php?rest_route=\/wp\/v2\/posts\/13471","targetHints":{"allow":["GET"]}}],"collection":[{"href":"http:\/\/metropoleemfoco.com.br\/index.php?rest_route=\/wp\/v2\/posts"}],"about":[{"href":"http:\/\/metropoleemfoco.com.br\/index.php?rest_route=\/wp\/v2\/types\/post"}],"author":[{"embeddable":true,"href":"http:\/\/metropoleemfoco.com.br\/index.php?rest_route=\/wp\/v2\/users\/1"}],"replies":[{"embeddable":true,"href":"http:\/\/metropoleemfoco.com.br\/index.php?rest_route=%2Fwp%2Fv2%2Fcomments&post=13471"}],"version-history":[{"count":1,"href":"http:\/\/metropoleemfoco.com.br\/index.php?rest_route=\/wp\/v2\/posts\/13471\/revisions"}],"predecessor-version":[{"id":13477,"href":"http:\/\/metropoleemfoco.com.br\/index.php?rest_route=\/wp\/v2\/posts\/13471\/revisions\/13477"}],"wp:featuredmedia":[{"embeddable":true,"href":"http:\/\/metropoleemfoco.com.br\/index.php?rest_route=\/wp\/v2\/media\/13476"}],"wp:attachment":[{"href":"http:\/\/metropoleemfoco.com.br\/index.php?rest_route=%2Fwp%2Fv2%2Fmedia&parent=13471"}],"wp:term":[{"taxonomy":"category","embeddable":true,"href":"http:\/\/metropoleemfoco.com.br\/index.php?rest_route=%2Fwp%2Fv2%2Fcategories&post=13471"},{"taxonomy":"post_tag","embeddable":true,"href":"http:\/\/metropoleemfoco.com.br\/index.php?rest_route=%2Fwp%2Fv2%2Ftags&post=13471"}],"curies":[{"name":"wp","href":"https:\/\/api.w.org\/{rel}","templated":true}]}}