{"id":13470,"date":"2026-03-17T06:00:30","date_gmt":"2026-03-17T09:00:30","guid":{"rendered":"http:\/\/metropoleemfoco.com.br\/?p=13470"},"modified":"2026-03-16T22:24:00","modified_gmt":"2026-03-17T01:24:00","slug":"13470","status":"publish","type":"post","link":"http:\/\/metropoleemfoco.com.br\/?p=13470","title":{"rendered":""},"content":{"rendered":"<header class=\"group\/header group mx-auto box-border flex w-full max-w-full flex-col gap-4 pb-4 md:border-b md:border-neutral-200 [&amp;_.gallery]:-mx-4 [&amp;_.gallery]:outline [&amp;_.gallery]:outline-2 [&amp;_.gallery]:outline-neutral-950 [&amp;_.gallery]:lg:-mx-0 [&amp;_.gallery]:lg:outline-none\">\n<div class=\"flex w-full flex-col gap-4\">\n<div class=\"border-b pb-4 lg:border-b-0 lg:pb-0\" tabindex=\"1\">\n<h1 class=\"font-bold text-3xl lg:text-4xl\" data-single-title=\"true\">Jos\u00e9 Dirceu confirma pr\u00e9-candidatura \u00e0 C\u00e2mara dos Deputados por S\u00e3o Paulo<\/h1>\n<\/div>\n<div tabindex=\"2\">\n<h2 class=\"text-lg font-normal group-[.isActiveSource]:text-xl\" data-single-excerpt=\"true\">Ex-ministro de Lula afirmou \u00e0 CNN que tomou decis\u00e3o ap\u00f3s convite do presidente<\/h2>\n<\/div>\n<\/div>\n<div class=\"flex w-full flex-col gap-1\" data-single-author=\"true\"><span class=\"text-sm font-normal\"><a class=\"text-sm underline\" href=\"https:\/\/www.cnnbrasil.com.br\/autor\/gabriela-piva\/\" target=\"_self\"><span class=\"text-sm font-medium\">Gabriela Piva<\/span><\/a>, da CNN Brasil, S\u00e3o Paulo<\/span><\/div>\n<div class=\"h-auto w-fit cursor-pointer group-has-[.featuredImage]:w-full group-has-[.gallery]:w-full group-has-[.mosaic-large]:w-full group-has-[.mosaic-small]:w-fit [#gut-square_&amp;]:w-full [#gut-square_&amp;]:lg:w-fit [#gut-trio_&amp;]:w-full [#manchete-section-one_&amp;]:h-full [#manchete-section-one_&amp;]:w-full\" tabindex=\"0\" role=\"button\" aria-controls=\"modal-content\" aria-expanded=\"false\" aria-haspopup=\"true\">\n<div class=\"group\/featureImage featuredImage relative w-full\" data-image=\"true\">\n<div class=\"fullScreenButton absolute right-0 z-20 mr-2 mt-2 size-6 rounded-sm bg-red-600 p-0 hover:bg-red-500 sm:p-1 md:mr-4 md:mt-4 md:size-8\"><\/div>\n<figure class=\"group\/featureImage featuredImage relative z-10 mb-4 flex shrink flex-col gap-2\">\n<div class=\"featuredImage--image z-10 -mx-4 flex items-center justify-center bg-neutral-950 lg:mx-0 lg:overflow-hidden lg:rounded-lg\"><picture class=\"flex object-cover overflow-clip w-full aspect-video\"><source srcset=\"https:\/\/admin.cnnbrasil.com.br\/wp-content\/uploads\/sites\/12\/2024\/10\/lula_marques-10-e1730233039737.jpg?w=1200&amp;h=900&amp;crop=0\" media=\"(min-width: 1024px)\" \/><source srcset=\"https:\/\/admin.cnnbrasil.com.br\/wp-content\/uploads\/sites\/12\/2024\/10\/lula_marques-10-e1730233039737.jpg?w=849&amp;h=477&amp;crop=0\" media=\"(min-width: 768px)\" \/><img loading=\"lazy\" decoding=\"async\" class=\"flex size-full object-cover\" src=\"https:\/\/admin.cnnbrasil.com.br\/wp-content\/uploads\/sites\/12\/2024\/10\/lula_marques-10-e1730233039737.jpg?w=419&amp;h=283&amp;crop=0\" alt=\"\" width=\"419\" height=\"283\" \/><\/picture><\/div><figcaption class=\"featuredImage--caption text-neutral-500\"><span class=\"text-sm font-medium featuredImage--subtitle\">O ex-ministro Jos\u00e9 Dirceu<\/span><span class=\"text-xs font-normal featuredImage--credits\">\u00a0 \u2022 Lula Marques\/ Ag\u00eancia Brasil<\/span><\/figcaption><\/figure>\n<\/div>\n<\/div>\n<\/header>\n<div class=\"text-lg w-full pt-6 font-light text-neutral-800 group-[.isActiveSource&gt;*]:text-xl md:pt-10 [&amp;&gt;*:not(.single-product)]:mx-auto [&amp;&gt;*:not(.single-product)]:max-w-2xl [&amp;_.gallery]:mb-4 [&amp;_p]:my-4 first:[&amp;_p]:mt-0 [&amp;_strong]:font-medium\" data-single-content=\"true\">\n<p class=\"my-5 break-words group-[.isActiveSource]:text-xl\">O ex-ministro da Casa Civil\u00a0<strong class=\"group-[.isActiveSource]:text-xl group-[.isActiveSource]:font-bold\">Jos\u00e9 Dirceu<\/strong>\u00a0(PT) confirmou \u00e0\u00a0<strong class=\"group-[.isActiveSource]:text-xl group-[.isActiveSource]:font-bold\">CNN<\/strong> nesta segunda-feira (16) que \u00e9 pr\u00e9-candidato a deputado federal por S\u00e3o Paulo.<\/p>\n<p class=\"my-5 break-words group-[.isActiveSource]:text-xl\">Segundo ele, tanto a decis\u00e3o de disputar as elei\u00e7\u00f5es neste ano quanto a de ter voltado para a\u00a0<a class=\"text-red-600 underline hover:text-red-500 font-medium break-words group-[.isActiveSource]:text-xl\" href=\"https:\/\/www.cnnbrasil.com.br\/blogs\/pedro-venceslau\/politica\/pt-jose-dirceu-tera-vaga-no-diretorio-nacional\/\" target=\"_blank\" rel=\"noopener noreferrer\">dire\u00e7\u00e3o do PT<\/a>\u00a0se deram ap\u00f3s receber um convite do presidente\u00a0<strong class=\"group-[.isActiveSource]:text-xl group-[.isActiveSource]:font-bold\">Luiz In\u00e1cio Lula da Silva<\/strong>\u00a0(PT).<\/p>\n<p class=\"my-5 break-words group-[.isActiveSource]:text-xl\">&#8220;Voltei para a dire\u00e7\u00e3o do PT (Partido dos Trabalhadores) e j\u00e1 estou em pr\u00e9-campanha&#8221;, completou o mineiro.<\/p>\n<p class=\"my-5 break-words group-[.isActiveSource]:text-xl\">Para Dirceu, o\u00a0<a class=\"text-red-600 underline hover:text-red-500 font-medium break-words group-[.isActiveSource]:text-xl\" href=\"https:\/\/www.cnnbrasil.com.br\/eleicoes\/sp-esta-resolvido-dirceu-projeta-haddad-ao-governo-e-tebet-ao-senado\/\" target=\"_blank\" rel=\"noopener noreferrer\">estado de S\u00e3o Paulo<\/a>\u00a0est\u00e1 sub-representado e precisa de mais deputados na C\u00e2mara.<\/p>\n<p class=\"my-5 break-words group-[.isActiveSource]:text-xl\">&#8220;S\u00e3o Paulo precisa se defender no Congresso Nacional, come\u00e7ando por uma reforma pol\u00edtica que d\u00ea ao Estado os 111 deputados que tem direito pela sua popula\u00e7\u00e3o, pondo fim ao modelo m\u00ednimo de oito [e] m\u00e1ximo de 70, que s\u00f3 existe no Brasil&#8221;, explicou.<\/p>\n<p class=\"my-5 break-words group-[.isActiveSource]:text-xl\">O ex-ministro tamb\u00e9m afirmou que pode contribuir com o PT e a C\u00e2mara dos Deputados para uma eventual vit\u00f3ria de Lula nas\u00a0<a class=\"text-red-600 underline hover:text-red-500 font-medium break-words group-[.isActiveSource]:text-xl\" href=\"https:\/\/www.cnnbrasil.com.br\/eleicoes\/eleicao-se-decide-aqui-no-sudeste-diz-jose-dirceu-a-cnn\/\" target=\"_blank\" rel=\"noopener noreferrer\">elei\u00e7\u00f5es presidenciais<\/a>\u00a0deste ano.\u00a0<strong class=\"group-[.isActiveSource]:text-xl group-[.isActiveSource]:font-bold\">&#8220;O pa\u00eds precisa de uma ampla e profunda reforma politica&#8221;<\/strong>, finalizou.<\/p>\n<p class=\"my-5 break-words group-[.isActiveSource]:text-xl\">S\u00e3o Paulo possui 70 representantes na C\u00e2mara, sendo esse o n\u00famero m\u00e1ximo de deputados permitido por estado na Constitui\u00e7\u00e3o Federal, independente do tamanho da popula\u00e7\u00e3o. Nenhuma unidade de federa\u00e7\u00e3o pode ter menos que oito representantes na Casa.<\/p>\n<p class=\"my-5 break-words group-[.isActiveSource]:text-xl\">A\u00a0<strong class=\"group-[.isActiveSource]:text-xl group-[.isActiveSource]:font-bold\">CNN<\/strong>\u00a0tentou contato com o Pal\u00e1cio do Planalto para um posicionamento sobre o convite de Lula a Dirceu, mas n\u00e3o teve retorno at\u00e9 o momento desta publica\u00e7\u00e3o. O espa\u00e7o segue aberto.<\/p>\n<h2 class=\"text-2xl my-5 font-bold break-words\">Carreira<\/h2>\n<p class=\"my-5 break-words group-[.isActiveSource]:text-xl\"><a class=\"text-red-600 underline hover:text-red-500 font-medium break-words group-[.isActiveSource]:text-xl\" href=\"https:\/\/www.cnnbrasil.com.br\/politica\/de-lider-estudantil-a-ministro-quem-e-jose-dirceu-que-teve-condenacoes-na-lava-jato-anuladas\/\" target=\"_blank\" rel=\"noopener noreferrer\"><strong class=\"group-[.isActiveSource]:text-xl group-[.isActiveSource]:font-bold\">Jos\u00e9 Dirceu iniciou sua trajet\u00f3ria pol\u00edtica integrando movimentos estudantis.<\/strong>\u00a0<\/a>Durante 1987 a 1991, atuou como deputado estadual por S\u00e3o Paulo, eleito com 23.990 votos. Por tr\u00eas legislaturas, 1991 a 2005, foi deputado federal e, entre 2003 e 2005, foi ministro-chefe da Casa Civil no primeiro governo Lula (PT). Ap\u00f3s o esc\u00e2ndalo do &#8220;mensal\u00e3o&#8221;, deixou o cargo de ministro e, em 1\u00ba de dezembro de 2005, perdeu o mandato de deputado.<\/p>\n<p class=\"my-5 break-words group-[.isActiveSource]:text-xl\">Em 2016, o mineiro foi condenado a 23 anos e tr\u00eas meses de pris\u00e3o no \u00e2mbito da Opera\u00e7\u00e3o Lava Jato. O ex-ministro foi acusado corrup\u00e7\u00e3o passiva, lavagem de dinheiro e organiza\u00e7\u00e3o criminosa por de ter recebido suposto caixa dois para o PT nas elei\u00e7\u00f5es de 2010.<\/p>\n<p class=\"my-5 break-words group-[.isActiveSource]:text-xl\">No final de 2024, o ministro Gilmar Mendes, do STF (Supremo Tribunal Federal), determinou a anula\u00e7\u00e3o de todas as condena\u00e7\u00f5es de Dirceu no \u00e2mbito da opera\u00e7\u00e3o Lava Jato. Segundo a defesa, o ex-ministro recebeu a decis\u00e3o com tranquilidade.<\/p>\n<div id=\"qScrqIiNgIc\" class=\"group relative my-4 flex aspect-video w-full cursor-pointer items-center justify-center overflow-hidden rounded-lg bg-black bg-cover bg-center [&amp;_div]:!absolute [&amp;_div]:!aspect-video [&amp;_div]:!size-full [&amp;_iframe]:!absolute [&amp;_iframe]:!aspect-video [&amp;_iframe]:!size-full\" aria-label=\"Reproduzir v\u00eddeo: \" aria-labelledby=\"video-title-qScrqIiNgIc\" data-video=\"youtube\"><iframe loading=\"lazy\" id=\"qScrqIiNgIc-player\" title=\"Jos\u00e9 Dirceu avalia cen\u00e1rio pol\u00edtico e eleitoral; veja | CNN 360\u00ba\" src=\"https:\/\/www.youtube.com\/embed\/qScrqIiNgIc?embed_config=%7B%22adsConfig%22%3A%7B%22disableAds%22%3Atrue%7D%2C%22enableIma%22%3Atrue%7D&amp;enablejsapi=1&amp;origin=https%3A%2F%2Fwww.cnnbrasil.com.br&amp;widgetid=1&amp;forigin=https%3A%2F%2Fwww.cnnbrasil.com.br%2Feleicoes%2Fjose-dirceu-confirma-pre-candidatura-a-camara-dos-deputados-por-sao-paulo%2F&amp;aoriginsup=1&amp;gporigin=https%3A%2F%2Fwww.google.com%2F&amp;vf=6\" width=\"1280px\" height=\"720px\" frameborder=\"0\" allowfullscreen=\"allowfullscreen\" data-gtm-yt-inspected-31=\"true\" data-mce-fragment=\"1\"><\/iframe><\/p>\n<p>Fonte: CNN<\/p><\/div>\n<\/div>\n","protected":false},"excerpt":{"rendered":"<p>Jos\u00e9 Dirceu confirma pr\u00e9-candidatura \u00e0 C\u00e2mara dos Deputados por S\u00e3o Paulo Ex-ministro de Lula afirmou \u00e0 CNN que tomou decis\u00e3o<\/p>\n","protected":false},"author":1,"featured_media":13474,"comment_status":"open","ping_status":"open","sticky":false,"template":"","format":"standard","meta":{"colormag_page_container_layout":"default_layout","colormag_page_sidebar_layout":"default_layout","footnotes":""},"categories":[99],"tags":[],"class_list":["post-13470","post","type-post","status-publish","format-standard","has-post-thumbnail","hentry","category-sp"],"_links":{"self":[{"href":"http:\/\/metropoleemfoco.com.br\/index.php?rest_route=\/wp\/v2\/posts\/13470","targetHints":{"allow":["GET"]}}],"collection":[{"href":"http:\/\/metropoleemfoco.com.br\/index.php?rest_route=\/wp\/v2\/posts"}],"about":[{"href":"http:\/\/metropoleemfoco.com.br\/index.php?rest_route=\/wp\/v2\/types\/post"}],"author":[{"embeddable":true,"href":"http:\/\/metropoleemfoco.com.br\/index.php?rest_route=\/wp\/v2\/users\/1"}],"replies":[{"embeddable":true,"href":"http:\/\/metropoleemfoco.com.br\/index.php?rest_route=%2Fwp%2Fv2%2Fcomments&post=13470"}],"version-history":[{"count":1,"href":"http:\/\/metropoleemfoco.com.br\/index.php?rest_route=\/wp\/v2\/posts\/13470\/revisions"}],"predecessor-version":[{"id":13475,"href":"http:\/\/metropoleemfoco.com.br\/index.php?rest_route=\/wp\/v2\/posts\/13470\/revisions\/13475"}],"wp:featuredmedia":[{"embeddable":true,"href":"http:\/\/metropoleemfoco.com.br\/index.php?rest_route=\/wp\/v2\/media\/13474"}],"wp:attachment":[{"href":"http:\/\/metropoleemfoco.com.br\/index.php?rest_route=%2Fwp%2Fv2%2Fmedia&parent=13470"}],"wp:term":[{"taxonomy":"category","embeddable":true,"href":"http:\/\/metropoleemfoco.com.br\/index.php?rest_route=%2Fwp%2Fv2%2Fcategories&post=13470"},{"taxonomy":"post_tag","embeddable":true,"href":"http:\/\/metropoleemfoco.com.br\/index.php?rest_route=%2Fwp%2Fv2%2Ftags&post=13470"}],"curies":[{"name":"wp","href":"https:\/\/api.w.org\/{rel}","templated":true}]}}