{"id":13464,"date":"2026-03-17T06:00:48","date_gmt":"2026-03-17T09:00:48","guid":{"rendered":"http:\/\/metropoleemfoco.com.br\/?p=13464"},"modified":"2026-03-16T22:13:21","modified_gmt":"2026-03-17T01:13:21","slug":"13464","status":"publish","type":"post","link":"http:\/\/metropoleemfoco.com.br\/?p=13464","title":{"rendered":""},"content":{"rendered":"<div class=\"mc-article-header\">\n<div class=\"row content-head mc-column non-featured \">\n<div class=\"title\" data-block-type=\"title\" data-block-id=\"0\">\n<h1 class=\"content-head__title\">Governo apresenta Plano Clima com metas e estrat\u00e9gias para reduzir emiss\u00f5es at\u00e9 2035<\/h1>\n<\/div>\n<div class=\"medium-centered subtitle\">\n<h2 class=\"content-head__subtitle\">Mecanismo re\u00fane planos para setores da economia e aposta na recupera\u00e7\u00e3o de florestas; especialistas apontam lacunas em metas, energia e financiamento.<\/h2>\n<\/div>\n<\/div>\n<div class=\"content__signa-share mc-column\">\n<div class=\"content__signature\">\n<div class=\"content-publication-data\">\n<div class=\"content-publication-data__text\">\n<p class=\"content-publication-data__from\" title=\"Kellen Barreto, Roberto Peixoto\">Por\u00a0<a class=\"multi_signatures\" href=\"https:\/\/g1.globo.com\/autores\/kellen-barreto\/\">Kellen Barreto<\/a>,\u00a0<a class=\"multi_signatures\" href=\"https:\/\/g1.globo.com\/autores\/roberto-peixoto\/\">Roberto Peixoto<\/a>, TV Globo e g1<\/p>\n<\/div>\n<\/div>\n<\/div>\n<\/div>\n<div class=\"glb-share-bar content__share-bar\">\n<div class=\"glb-share-bar_icons\">\n<div class=\"glb-share-bar_button-img\"><\/div>\n<div class=\"glb-share-bar_button-img\"><\/div>\n<div class=\"glb-share-bar_button-img\"><\/div>\n<\/div>\n<\/div>\n<div class=\"mc-summary mc-column\" data-block-type=\"summary\" data-block-id=\"1\">\n<details class=\"mc-summary-card bs-block--exclude-chunk-children\">\n<div class=\"mc-summary-card__summary-container\"><\/div>\n<div class=\"mc-summary-card__content\">\n<ul class=\"mc-summary-card__list\">\n<li class=\"mc-summary-card__item\">\n<div id=\"chunk-rcee\">\n<div class=\"mc-column content-text active-extra-styles \" data-block-type=\"unstyled\" data-block-weight=\"\">\n<p class=\" content-text__container \" data-track-category=\"Link no Texto\" data-track-links=\"\" data-mrf-recirculation=\"Mat\u00e9ria - Links no Texto\">Estrat\u00e9gia re\u00fane pol\u00edticas para reduzir as emiss\u00f5es de gases de efeito estufa e preparar o pa\u00eds para os impactos das mudan\u00e7as clim\u00e1ticas nas pr\u00f3ximas d\u00e9cadas.<\/p>\n<\/div>\n<\/div>\n<\/li>\n<li class=\"mc-summary-card__item\">\n<div id=\"chunk-8mpvb\">\n<div class=\"mc-column content-text active-extra-styles \" data-block-type=\"unstyled\" data-block-weight=\"\">\n<p class=\" content-text__container \" data-track-category=\"Link no Texto\" data-track-links=\"\" data-mrf-recirculation=\"Mat\u00e9ria - Links no Texto\">O plano se divide em dois eixos: mitiga\u00e7\u00e3o, para reduzir emiss\u00f5es de gases de efeito estufa, e adapta\u00e7\u00e3o, para preparar cidades e popula\u00e7\u00f5es para impactos da crise clim\u00e1tica, como secas, enchentes e ondas de calor.<\/p>\n<\/div>\n<\/div>\n<\/li>\n<li class=\"mc-summary-card__item\">\n<div id=\"chunk-11qdo\">\n<div class=\"mc-column content-text active-extra-styles \" data-block-type=\"unstyled\" data-block-weight=\"\">\n<p class=\" content-text__container \" data-track-category=\"Link no Texto\" data-track-links=\"\" data-mrf-recirculation=\"Mat\u00e9ria - Links no Texto\">Al\u00e9m desses dois pilares, o plano tamb\u00e9m inclui estrat\u00e9gias consideradas transversais, voltadas a temas como financiamento, governan\u00e7a, pesquisa e monitoramento das pol\u00edticas clim\u00e1ticas.<\/p>\n<\/div>\n<\/div>\n<\/li>\n<li class=\"mc-summary-card__item\">\n<div id=\"chunk-1o3ut\">\n<div class=\"mc-column content-text active-extra-styles \" data-block-type=\"unstyled\" data-block-weight=\"\">\n<p class=\" content-text__container \" data-track-category=\"Link no Texto\" data-track-links=\"\" data-mrf-recirculation=\"Mat\u00e9ria - Links no Texto\">Os documentos foram divulgados nos \u00faltimos dias pelo Minist\u00e9rio do Meio Ambiente (MMA).<\/p>\n<\/div>\n<\/div>\n<\/li>\n<\/ul>\n<\/div>\n<\/details>\n<\/div>\n<\/div>\n<div class=\"mc-article-body\">\n<article>\n<div id=\"chunk-5p6pg\">\n<div class=\"row medium-uncollapsed content-media content-photo\" data-block-type=\"backstage-photo\" data-block-id=\"2\">\n<div class=\" mc-column  content-media__container\">\n<div class=\"content-media-container glb-skeleton-box\">\n<figure class=\"content-media-figure\"><img decoding=\"async\" class=\"i-amphtml-fill-content i-amphtml-replaced-content\" src=\"https:\/\/s2-g1.glbimg.com\/r1xsROMaRJXipw-z1ONDEjLM5Mw=\/0x0:6000x4000\/984x0\/smart\/filters:strip_icc()\/i.s3.glbimg.com\/v1\/AUTH_59edd422c0c84a879bd37670ae4f538a\/internal_photos\/bs\/2026\/0\/I\/wcrMmwThylV0vmFPIVIw\/55151720798-95a44dd782-o.jpg\" sizes=\"(max-width: 1600px) 648px, 100vw\" srcset=\"https:\/\/s2-g1.glbimg.com\/JzCynOXzDnDjLsFE6oHrqKvjE_s=\/0x0:6000x4000\/1000x0\/smart\/filters:strip_icc()\/i.s3.glbimg.com\/v1\/AUTH_59edd422c0c84a879bd37670ae4f538a\/internal_photos\/bs\/2026\/0\/I\/wcrMmwThylV0vmFPIVIw\/55151720798-95a44dd782-o.jpg 1000w, https:\/\/s2-g1.glbimg.com\/r1xsROMaRJXipw-z1ONDEjLM5Mw=\/0x0:6000x4000\/984x0\/smart\/filters:strip_icc()\/i.s3.glbimg.com\/v1\/AUTH_59edd422c0c84a879bd37670ae4f538a\/internal_photos\/bs\/2026\/0\/I\/wcrMmwThylV0vmFPIVIw\/55151720798-95a44dd782-o.jpg 984w, https:\/\/s2-g1.glbimg.com\/w5cxEWRbBCkGQJegLP0vzAt9ljk=\/0x0:6000x4000\/640x0\/smart\/filters:strip_icc()\/i.s3.glbimg.com\/v1\/AUTH_59edd422c0c84a879bd37670ae4f538a\/internal_photos\/bs\/2026\/0\/I\/wcrMmwThylV0vmFPIVIw\/55151720798-95a44dd782-o.jpg 640w, https:\/\/s2-g1.glbimg.com\/Ud-c81pdByMjhY3I-lC3NvD1pPM=\/0x0:6000x4000\/600x0\/smart\/filters:strip_icc()\/i.s3.glbimg.com\/v1\/AUTH_59edd422c0c84a879bd37670ae4f538a\/internal_photos\/bs\/2026\/0\/I\/wcrMmwThylV0vmFPIVIw\/55151720798-95a44dd782-o.jpg 600w\" alt=\"Governo apresenta Plano Clima em coletiva no Pal\u00e1cio do Planalto, em Bras\u00edlia (DF), nesta segunda-feira (16). \u2014 Foto: Fernando Donasci\/MMA\" \/><\/figure>\n<\/div>\n<p class=\"content-media__description  \">Governo apresenta Plano Clima em coletiva no Pal\u00e1cio do Planalto, em Bras\u00edlia (DF), nesta segunda-feira (16). \u2014 Foto: Fernando Donasci\/MMA<\/p>\n<\/div>\n<\/div>\n<\/div>\n<div id=\"chunk-bqein\">\n<div class=\"mc-column content-text active-extra-styles \" data-block-type=\"unstyled\" data-block-weight=\"39\" data-block-id=\"3\">\n<p class=\" content-text__container \" data-track-category=\"Link no Texto\" data-track-links=\"\" data-mrf-recirculation=\"Mat\u00e9ria - Links no Texto\">O governo federal apresentou nesta segunda-feira (16) os principais pontos do\u00a0<strong>Plano Clima<\/strong>, estrat\u00e9gia que re\u00fane pol\u00edticas para reduzir as emiss\u00f5es de gases de efeito estufa e preparar o pa\u00eds para os impactos das mudan\u00e7as clim\u00e1ticas nas pr\u00f3ximas d\u00e9cadas.<\/p>\n<\/div>\n<\/div>\n<div class=\"wall protected-content\">\n<div id=\"chunk-1mn36\">\n<div class=\"mc-column content-text active-extra-styles \" data-block-type=\"unstyled\" data-block-weight=\"35\" data-block-id=\"5\">\n<p class=\" content-text__container \" data-track-category=\"Link no Texto\" data-track-links=\"\" data-mrf-recirculation=\"Mat\u00e9ria - Links no Texto\">O plano se divide em dois grandes eixos. O primeiro \u00e9 o de\u00a0<strong>mitiga\u00e7\u00e3o<\/strong>, voltado \u00e0 redu\u00e7\u00e3o das emiss\u00f5es de gases de efeito estufa em setores como energia, transportes, ind\u00fastria e uso da terra.<\/p>\n<\/div>\n<\/div>\n<div id=\"chunk-8mo73\">\n<div class=\"mc-column content-text active-extra-styles \" data-block-type=\"unstyled\" data-block-weight=\"31\" data-block-id=\"6\">\n<p class=\" content-text__container \" data-track-category=\"Link no Texto\" data-track-links=\"\" data-mrf-recirculation=\"Mat\u00e9ria - Links no Texto\">O segundo \u00e9 o de\u00a0<strong>adapta\u00e7\u00e3o<\/strong>, que re\u00fane pol\u00edticas para preparar cidades, infraestrutura e popula\u00e7\u00f5es para os efeitos j\u00e1 em curso da crise clim\u00e1tica, como secas, enchentes e ondas de calor.<\/p>\n<\/div>\n<\/div>\n<div id=\"chunk-brhgc\">\n<div class=\"mc-column content-text active-extra-styles \" data-block-type=\"unstyled\" data-block-weight=\"23\" data-block-id=\"8\">\n<p class=\" content-text__container \" data-track-category=\"Link no Texto\" data-track-links=\"\" data-mrf-recirculation=\"Mat\u00e9ria - Links no Texto\">Al\u00e9m desses dois pilares, o plano tamb\u00e9m inclui estrat\u00e9gias consideradas transversais, voltadas a temas como financiamento, governan\u00e7a, pesquisa e monitoramento das pol\u00edticas clim\u00e1ticas.<\/p>\n<\/div>\n<\/div>\n<div id=\"chunk-c25qh\">\n<div class=\"mc-column content-text active-extra-styles \" data-block-type=\"unstyled\" data-block-weight=\"43\" data-block-id=\"9\">\n<p class=\" content-text__container \" data-track-category=\"Link no Texto\" data-track-links=\"\" data-mrf-recirculation=\"Mat\u00e9ria - Links no Texto\">Os documentos foram divulgados nos \u00faltimos dias pelo Minist\u00e9rio do Meio Ambiente e Mudan\u00e7a do Clima (MMA) e incluem ainda a Estrat\u00e9gia Nacional de Mitiga\u00e7\u00e3o e oito planos setoriais, que detalham diretrizes para \u00e1reas da economia respons\u00e1veis por grande parte das emiss\u00f5es brasileiras.<\/p>\n<\/div>\n<\/div>\n<div id=\"chunk-4ad0m\">\n<div class=\"mc-column content-text active-extra-styles \" data-block-type=\"unstyled\" data-block-weight=\"34\" data-block-id=\"10\">\n<p class=\" content-text__container \" data-track-category=\"Link no Texto\" data-track-links=\"\" data-mrf-recirculation=\"Mat\u00e9ria - Links no Texto\"><span class=\"highlight highlighted\">Durante uma coletiva de imprensa nesta tarde em Bras\u00edlia, integrantes do governo destacaram que o\u00a0<\/span><strong><span class=\"highlight highlighted\">setor de uso da terra deve passar a retirar mais carbono da atmosfera<\/span><\/strong><span class=\"highlight highlighted\">\u00a0do que emite at\u00e9 2035.<\/span><\/p>\n<\/div>\n<\/div>\n<div id=\"chunk-4vu3r\">\n<div class=\"mc-column content-text active-extra-styles \" data-block-type=\"unstyled\" data-block-weight=\"31\" data-block-id=\"11\">\n<p class=\" content-text__container \" data-track-category=\"Link no Texto\" data-track-links=\"\" data-mrf-recirculation=\"Mat\u00e9ria - Links no Texto\">A expectativa do governo \u00e9 que a combina\u00e7\u00e3o da\u00a0<strong>redu\u00e7\u00e3o do desmatamento<\/strong>,\u00a0<strong>a conserva\u00e7\u00e3o de florestas<\/strong>\u00a0e a\u00a0<strong>recupera\u00e7\u00e3o de \u00e1reas degradadas<\/strong> transforme o setor em um grande sumidouro de carbono.<\/p>\n<\/div>\n<\/div>\n<div id=\"chunk-507do\">\n<div class=\"mc-column content-text active-extra-styles\" data-block-type=\"raw\" data-block-weight=\"39\" data-block-id=\"12\">\n<blockquote class=\"content-blockquote theme-border-color-primary-before\"><p>\u201cReduzir emiss\u00f5es de gases-estufa e construir a resili\u00eancia das cidades e ecossistemas significa proteger a vida de quem j\u00e1 sofre com chuvas, secas e ondas de calor cada vez mais intensas\u201d, afirmou a ministra do Meio Ambiente, Marina Silva.<\/p><\/blockquote>\n<\/div>\n<\/div>\n<div id=\"chunk-6s6fn\">\n<div class=\"mc-column content-text active-extra-styles \" data-block-type=\"unstyled\" data-block-weight=\"42\" data-block-id=\"15\">\n<p class=\" content-text__container \" data-track-category=\"Link no Texto\" data-track-links=\"\" data-mrf-recirculation=\"Mat\u00e9ria - Links no Texto\">Para 2026, os investimentos do Plano Clima ser\u00e3o realizados em diferentes ciclos, com recursos distribu\u00eddos ao longo dos anos e na faixa de 25 a 30 bilh\u00f5es por ano na primeira etapa, segundo Jo\u00e3o Paulo Capobianco, secret\u00e1rio executivo do Meio Ambiente.<\/p>\n<\/div>\n<\/div>\n<div id=\"chunk-e21q0\">\n<div class=\"mc-column content-text active-extra-styles \" data-block-type=\"unstyled\" data-block-weight=\"42\" data-block-id=\"16\">\n<p class=\" content-text__container \" data-track-category=\"Link no Texto\" data-track-links=\"\" data-mrf-recirculation=\"Mat\u00e9ria - Links no Texto\">Sobre o acompanhamento das metas, Aloisio Melo, secret\u00e1rio de meio ambiente e mudan\u00e7a do clima explica que o plano prev\u00ea relat\u00f3rios anuais de execu\u00e7\u00e3o, avalia\u00e7\u00f5es bienais para orientar ajustes e revis\u00f5es mais completas a cada quatro anos, garantindo planejamento integrado e transparente.<\/p>\n<\/div>\n<\/div>\n<div id=\"chunk-429rl\">\n<div class=\"mc-column content-text active-extra-styles \" data-block-type=\"unstyled\" data-block-weight=\"21\" data-block-id=\"17\">\n<p class=\" content-text__container \" data-track-category=\"Link no Texto\" data-track-links=\"\" data-mrf-recirculation=\"Mat\u00e9ria - Links no Texto\">A ideia \u00e9 que poss\u00edvel acompanhar a execu\u00e7\u00e3o, como hoje \u00e9 poss\u00edvel acompanhar dados de queimadas e desmatamento, por exemplo.<\/p>\n<\/div>\n<\/div>\n<div id=\"chunk-40ilm\">\n<div class=\"mc-column content-text active-extra-styles \" data-block-type=\"unstyled\" data-block-weight=\"35\" data-block-id=\"18\">\n<p class=\" content-text__container \" data-track-category=\"Link no Texto\" data-track-links=\"\" data-mrf-recirculation=\"Mat\u00e9ria - Links no Texto\">A estrat\u00e9gia faz parte do esfor\u00e7o brasileiro para cumprir os\u00a0<a class=\"\" href=\"https:\/\/g1.globo.com\/meio-ambiente\/cop-30\/noticia\/2025\/08\/05\/o-que-e-o-acordo-de-paris-entenda-cop30.ghtml\" data-mrf-link=\"https:\/\/g1.globo.com\/meio-ambiente\/cop-30\/noticia\/2025\/08\/05\/o-que-e-o-acordo-de-paris-entenda-cop30.ghtml\">compromissos clim\u00e1ticos assumidos no Acordo de Paris<\/a>, que preveem a redu\u00e7\u00e3o das emiss\u00f5es l\u00edquidas de gases de efeito estufa nas pr\u00f3ximas d\u00e9cadas<em>\u00a0(entenda mais ABAIXO).<\/em><\/p>\n<\/div>\n<\/div>\n<div id=\"chunk-d6m2a\">\n<div class=\"mc-column content-text active-extra-styles \" data-block-type=\"unstyled\" data-block-weight=\"26\" data-block-id=\"19\">\n<p class=\" content-text__container \" data-track-category=\"Link no Texto\" data-track-links=\"\" data-mrf-recirculation=\"Mat\u00e9ria - Links no Texto\">O material completo do plano, no entanto, foi publicado apenas nos \u00faltimos dias e ainda est\u00e1 sendo analisado por\u00a0<strong>especialistas\u00a0<\/strong>e\u00a0<strong>organiza\u00e7\u00f5es da sociedade civil.<\/strong><\/p>\n<\/div>\n<\/div>\n<div id=\"chunk-3lhtp\">\n<div class=\"mc-column content-text active-extra-styles \" data-block-type=\"unstyled\" data-block-weight=\"31\" data-block-id=\"20\">\n<p class=\" content-text__container \" data-track-category=\"Link no Texto\" data-track-links=\"\" data-mrf-recirculation=\"Mat\u00e9ria - Links no Texto\">O conjunto de documentos re\u00fane milhares de p\u00e1ginas, incluindo 16 planos setoriais ou tem\u00e1ticos de adapta\u00e7\u00e3o e oito planos de mitiga\u00e7\u00e3o, que detalham as a\u00e7\u00f5es previstas para diferentes \u00e1reas da economia.<\/p>\n<\/div>\n<\/div>\n<div id=\"chunk-dtfmp\">\n<div class=\"mc-column content-text active-extra-styles \" data-block-type=\"unstyled\" data-block-weight=\"6\" data-block-id=\"21\">\n<p class=\" content-text__container \" data-track-category=\"Link no Texto\" data-track-links=\"\" data-mrf-recirculation=\"Mat\u00e9ria - Links no Texto\"><strong>\u27a1\ufe0fEntenda alguns pontos do Plano Clima:<\/strong><\/p>\n<\/div>\n<\/div>\n<div id=\"chunk-e5aav\">\n<div class=\"mc-column content-text active-extra-styles\" data-block-type=\"raw\" data-block-weight=\"202\" data-block-id=\"23\">\n<ul class=\"content-unordered-list\" data-mrf-recirculation=\"Mat\u00e9ria - Leia Tamb\u00e9m (Lista)\">\n<li><strong>Meta clim\u00e1tica em intervalo:\u00a0<\/strong>o Plano Clima incorpora a meta apresentada pelo Brasil na COP29, em 2024, de reduzir entre 59% e 67% das emiss\u00f5es l\u00edquidas at\u00e9 2035, em compara\u00e7\u00e3o com 2005. Isso equivale a limitar as emiss\u00f5es a entre 850 milh\u00f5es e\u00a0<a class=\"\" href=\"https:\/\/g1.globo.com\/meio-ambiente\/noticia\/2024\/11\/13\/cop29-governo-detalha-novas-metas-de-reducao-de-emissoes-de-gases-de-efeito-estufa-do-brasil.ghtml\" data-mrf-link=\"https:\/\/g1.globo.com\/meio-ambiente\/noticia\/2024\/11\/13\/cop29-governo-detalha-novas-metas-de-reducao-de-emissoes-de-gases-de-efeito-estufa-do-brasil.ghtml\">1,05 bilh\u00e3o de toneladas de CO\u2082 equivalente<strong>.<\/strong><\/a><\/li>\n<li><strong>Limite nacional de emiss\u00f5es em 2030:\u00a0<\/strong>o plano estabelece que o Brasil deve chegar a 1,2 bilh\u00e3o de toneladas de CO\u2082 equivalente naquele ano, em linha com a trajet\u00f3ria de redu\u00e7\u00e3o prevista para a pr\u00f3xima d\u00e9cada.<\/li>\n<li><strong>Neutralidade clim\u00e1tica at\u00e9 2050:\u00a0<\/strong>a estrat\u00e9gia nacional prev\u00ea que o pa\u00eds alcance emiss\u00f5es l\u00edquidas zero na metade do s\u00e9culo, objetivo alinhado ao Acordo de Paris.<\/li>\n<li><strong>Plano inclui metas para diferentes setores da economia:<\/strong>\u00a0\u00e1reas como energia, transportes, ind\u00fastria, agricultura e res\u00edduos passam a ter limites e diretrizes pr\u00f3prias de emiss\u00f5es at\u00e9 2030 e 2035.<\/li>\n<li><strong>Metas setoriais seguem uma \u201cbanda\u201d de emiss\u00f5es:<\/strong>\u00a0para 2035, o governo adotou um intervalo de emiss\u00f5es nacionais \u2014 entre 0,85 e 1,05 gigatonelada de CO\u2082 equivalente \u2014 que funciona como refer\u00eancia para as pol\u00edticas p\u00fablicas.<\/li>\n<li><strong>Estrat\u00e9gia poder\u00e1 ser revisada ao longo do tempo:\u00a0<\/strong>o plano prev\u00ea atualiza\u00e7\u00f5es peri\u00f3dicas para incorporar novos dados cient\u00edficos, avan\u00e7os tecnol\u00f3gicos e mudan\u00e7as no cen\u00e1rio econ\u00f4mico e clim\u00e1tico.<\/li>\n<\/ul>\n<\/div>\n<\/div>\n<div id=\"chunk-cctai\">\n<div class=\"row medium-uncollapsed content-media content-photo\" data-block-type=\"backstage-photo\" data-block-id=\"25\">\n<div class=\" mc-column  content-media__container\">\n<div class=\"content-media-container glb-skeleton-box\">\n<figure class=\"content-media-figure\"><img decoding=\"async\" class=\"i-amphtml-fill-content i-amphtml-replaced-content\" src=\"https:\/\/s2-g1.glbimg.com\/60n0zgfKKsIUJb2lYrsiG35KUKI=\/0x0:2048x1365\/984x0\/smart\/filters:strip_icc()\/i.s3.glbimg.com\/v1\/AUTH_59edd422c0c84a879bd37670ae4f538a\/internal_photos\/bs\/2026\/E\/q\/JMHMJHQjihblcBaxxOTg\/55150605202-5618fea462-k.jpg\" sizes=\"(max-width: 1600px) 648px, 100vw\" srcset=\"https:\/\/s2-g1.glbimg.com\/JBDQk4xShbKVOHr0V03yebE6tEM=\/0x0:2048x1365\/1000x0\/smart\/filters:strip_icc()\/i.s3.glbimg.com\/v1\/AUTH_59edd422c0c84a879bd37670ae4f538a\/internal_photos\/bs\/2026\/E\/q\/JMHMJHQjihblcBaxxOTg\/55150605202-5618fea462-k.jpg 1000w, https:\/\/s2-g1.glbimg.com\/60n0zgfKKsIUJb2lYrsiG35KUKI=\/0x0:2048x1365\/984x0\/smart\/filters:strip_icc()\/i.s3.glbimg.com\/v1\/AUTH_59edd422c0c84a879bd37670ae4f538a\/internal_photos\/bs\/2026\/E\/q\/JMHMJHQjihblcBaxxOTg\/55150605202-5618fea462-k.jpg 984w, https:\/\/s2-g1.glbimg.com\/gvGwvtHeTPc4LxNiP3ppOCWpP9Y=\/0x0:2048x1365\/640x0\/smart\/filters:strip_icc()\/i.s3.glbimg.com\/v1\/AUTH_59edd422c0c84a879bd37670ae4f538a\/internal_photos\/bs\/2026\/E\/q\/JMHMJHQjihblcBaxxOTg\/55150605202-5618fea462-k.jpg 640w, https:\/\/s2-g1.glbimg.com\/Ep3ycZnSAZyRVy8nQRWYhDL64Q4=\/0x0:2048x1365\/600x0\/smart\/filters:strip_icc()\/i.s3.glbimg.com\/v1\/AUTH_59edd422c0c84a879bd37670ae4f538a\/internal_photos\/bs\/2026\/E\/q\/JMHMJHQjihblcBaxxOTg\/55150605202-5618fea462-k.jpg 600w\" alt=\"Governo do Brasil lan\u00e7a, nesta segunda-feira (16), o Plano Nacional sobre Mudan\u00e7a do Clima. \u2014 Foto: Fernando Donasci\/MMA\" \/><\/figure>\n<\/div>\n<p class=\"content-media__description  \">Governo do Brasil lan\u00e7a, nesta segunda-feira (16), o Plano Nacional sobre Mudan\u00e7a do Clima. \u2014 Foto: Fernando Donasci\/MMA<\/p>\n<\/div>\n<\/div>\n<\/div>\n<div id=\"chunk-cpbuv\">\n<div class=\"mc-column content-text active-extra-styles\" data-block-type=\"raw\" data-block-weight=\"3\" data-block-id=\"26\">\n<div class=\"content-intertitle\">\n<h2>Organiza\u00e7\u00f5es apontam desafios<\/h2>\n<\/div>\n<\/div>\n<\/div>\n<div id=\"chunk-fv652\">\n<div class=\"mc-column content-text active-extra-styles \" data-block-type=\"unstyled\" data-block-weight=\"20\" data-block-id=\"27\">\n<p class=\" content-text__container \" data-track-category=\"Link no Texto\" data-track-links=\"\" data-mrf-recirculation=\"Mat\u00e9ria - Links no Texto\">Organiza\u00e7\u00f5es da sociedade civil ainda est\u00e3o analisando o conte\u00fado completo do plano, publicado integralmente apenas nos \u00faltimos tr\u00eas dias.<\/p>\n<\/div>\n<\/div>\n<div id=\"chunk-65sg2\">\n<div class=\"mc-column content-text active-extra-styles \" data-block-type=\"unstyled\" data-block-weight=\"25\" data-block-id=\"28\">\n<p class=\" content-text__container \" data-track-category=\"Link no Texto\" data-track-links=\"\" data-mrf-recirculation=\"Mat\u00e9ria - Links no Texto\">A avalia\u00e7\u00e3o inicial do Observat\u00f3rio do Clima, rede que re\u00fane organiza\u00e7\u00f5es ambientalistas e centros de pesquisa, aponta\u00a0<strong>pontos positivos<\/strong>\u00a0e tamb\u00e9m\u00a0<strong>fragilidades\u00a0<\/strong>na estrat\u00e9gia apresentada.<\/p>\n<\/div>\n<\/div>\n<div id=\"chunk-5b7od\">\n<div class=\"mc-column content-text active-extra-styles \" data-block-type=\"unstyled\" data-block-weight=\"19\" data-block-id=\"29\">\n<p class=\" content-text__container \" data-track-category=\"Link no Texto\" data-track-links=\"\" data-mrf-recirculation=\"Mat\u00e9ria - Links no Texto\">Um dos principais questionamentos \u00e9 que o plano n\u00e3o assume explicitamente a meta mais ambiciosa da NDC brasileira.<\/p>\n<\/div>\n<\/div>\n<div id=\"chunk-dst77\">\n<div class=\"mc-column content-text active-extra-styles \" data-block-type=\"unstyled\" data-block-weight=\"37\" data-block-id=\"30\">\n<p class=\" content-text__container \" data-track-category=\"Link no Texto\" data-track-links=\"\" data-mrf-recirculation=\"Mat\u00e9ria - Links no Texto\">Como o compromisso clim\u00e1tico do pa\u00eds foi apresentado em forma de faixa \u2014 entre 59% e 67% de redu\u00e7\u00e3o das emiss\u00f5es at\u00e9 2035 \u2014, o documento acaba deixando em aberto qual n\u00edvel de corte ser\u00e1 efetivamente perseguido.<\/p>\n<\/div>\n<\/div>\n<div id=\"chunk-9m69\">\n<div class=\"mc-column content-text active-extra-styles \" data-block-type=\"unstyled\" data-block-weight=\"29\" data-block-id=\"32\">\n<p class=\" content-text__container \" data-track-category=\"Link no Texto\" data-track-links=\"\" data-mrf-recirculation=\"Mat\u00e9ria - Links no Texto\">Segundo o Observat\u00f3rio do Clima, essa indefini\u00e7\u00e3o pode\u00a0<strong>reduzir a ambi\u00e7\u00e3o da pol\u00edtica clim\u00e1tica brasileira<\/strong>, j\u00e1 que as pol\u00edticas p\u00fablicas necess\u00e1rias para atingir cada um desses n\u00fameros s\u00e3o diferentes.<\/p>\n<\/div>\n<\/div>\n<div id=\"chunk-2g4hj\">\n<div class=\"mc-column content-text active-extra-styles\" data-block-type=\"raw\" data-block-weight=\"63\" data-block-id=\"33\">\n<blockquote class=\"content-blockquote theme-border-color-primary-before\"><p>&#8220;Merece ser celebrado o fato de que temos um Plano Clima completo, que abarca adapta\u00e7\u00e3o, mitiga\u00e7\u00e3o e come\u00e7a a tratar da quest\u00e3o espinhosa de como financiar essas a\u00e7\u00f5es. Mas ele est\u00e1 longe de fazer a transforma\u00e7\u00e3o econ\u00f4mica de que precisamos para dar a contribui\u00e7\u00e3o justa do Brasil para um mundo de 1,5\u00baC&#8221;, afirma Claudio Angelo, coordenador de pol\u00edtica internacional do Observat\u00f3rio do Clima.<\/p><\/blockquote>\n<\/div>\n<\/div>\n<div id=\"chunk-4np0g\">\n<div class=\"mc-column content-text active-extra-styles \" data-block-type=\"unstyled\" data-block-weight=\"41\" data-block-id=\"34\">\n<p class=\" content-text__container \" data-track-category=\"Link no Texto\" data-track-links=\"\" data-mrf-recirculation=\"Mat\u00e9ria - Links no Texto\">Outra cr\u00edtica recai sobre o plano setorial de energia. A nova estrat\u00e9gia menciona a redu\u00e7\u00e3o da intensidade de emiss\u00f5es na cadeia de petr\u00f3leo e g\u00e1s, mas n\u00e3o estabelece um cronograma para diminuir a explora\u00e7\u00e3o e o uso de combust\u00edveis f\u00f3sseis.<\/p>\n<\/div>\n<\/div>\n<div id=\"chunk-agf1e\">\n<div class=\"mc-column content-text active-extra-styles \" data-block-type=\"unstyled\" data-block-weight=\"22\" data-block-id=\"35\">\n<p class=\" content-text__container \" data-track-category=\"Link no Texto\" data-track-links=\"\" data-mrf-recirculation=\"Mat\u00e9ria - Links no Texto\">O documento tamb\u00e9m abre espa\u00e7o para a<strong>\u00a0expans\u00e3o da energia nuclear<\/strong>, alternativa que alguns especialistas consideram cara e desnecess\u00e1ria no contexto brasileiro.<\/p>\n<\/div>\n<\/div>\n<div id=\"chunk-8q0s8\">\n<div class=\"mc-column content-text active-extra-styles \" data-block-type=\"unstyled\" data-block-weight=\"19\" data-block-id=\"36\">\n<p class=\" content-text__container \" data-track-category=\"Link no Texto\" data-track-links=\"\" data-mrf-recirculation=\"Mat\u00e9ria - Links no Texto\">A an\u00e1lise do OC tamb\u00e9m aponta falta de detalhamento sobre financiamento e meios de implementa\u00e7\u00e3o das medidas previstas.<\/p>\n<\/div>\n<\/div>\n<div id=\"chunk-esvej\">\n<div class=\"mc-column content-text active-extra-styles \" data-block-type=\"unstyled\" data-block-weight=\"40\" data-block-id=\"37\">\n<p class=\" content-text__container \" data-track-category=\"Link no Texto\" data-track-links=\"\" data-mrf-recirculation=\"Mat\u00e9ria - Links no Texto\">Em alguns casos, metas s\u00e3o consideradas insuficientes ou pouco claras, como o prazo de quase uma d\u00e9cada para integrar completamente sistemas estaduais de monitoramento ambiental e a defini\u00e7\u00e3o da mesma meta para 2030 e 2035 na recupera\u00e7\u00e3o de pastagens degradadas.<\/p>\n<\/div>\n<\/div>\n<div id=\"chunk-bvi9e\">\n<div class=\"mc-column content-text active-extra-styles \" data-block-type=\"unstyled\" data-block-weight=\"26\" data-block-id=\"39\">\n<p class=\" content-text__container \" data-track-category=\"Link no Texto\" data-track-links=\"\" data-mrf-recirculation=\"Mat\u00e9ria - Links no Texto\">Apesar das cr\u00edticas, analistas reconhecem avan\u00e7os no fato de o pa\u00eds voltar a ter um plano clim\u00e1tico abrangente, envolvendo v\u00e1rios minist\u00e9rios e \u00e1reas da pol\u00edtica p\u00fablica.<\/p>\n<\/div>\n<\/div>\n<div id=\"chunk-c7eo1\">\n<div class=\"mc-column content-text active-extra-styles \" data-block-type=\"unstyled\" data-block-weight=\"26\" data-block-id=\"40\">\n<p class=\" content-text__container \" data-track-category=\"Link no Texto\" data-track-links=\"\" data-mrf-recirculation=\"Mat\u00e9ria - Links no Texto\">Outro ponto positivo destacado \u00e9 o<strong>\u00a0maior espa\u00e7o dedicado \u00e0s pol\u00edticas de adapta\u00e7\u00e3o\u00a0<\/strong>\u00e0s mudan\u00e7as clim\u00e1ticas, tema que historicamente recebeu menos aten\u00e7\u00e3o no governo federal.<\/p>\n<\/div>\n<\/div>\n<div id=\"chunk-6hc76\">\n<div class=\"mc-column content-text active-extra-styles \" data-block-type=\"unstyled\" data-block-weight=\"24\" data-block-id=\"41\">\n<p class=\" content-text__container \" data-track-category=\"Link no Texto\" data-track-links=\"\" data-mrf-recirculation=\"Mat\u00e9ria - Links no Texto\">Ainda assim, especialistas alertam que a dimens\u00e3o das a\u00e7\u00f5es previstas exige recursos financeiros significativos e maior apoio a munic\u00edpios que enfrentam \u00e1reas de risco.<\/p>\n<\/div>\n<\/div>\n<div id=\"chunk-21rfr\">\n<div class=\"mc-column content-text active-extra-styles\" data-block-type=\"raw\" data-block-weight=\"44\" data-block-id=\"42\">\n<blockquote class=\"content-blockquote theme-border-color-primary-before\"><p>\u201cO Plano Clima \u00e9 a consequ\u00eancia do compromisso internacional brasileiro com a adapta\u00e7\u00e3o e a mitiga\u00e7\u00e3o das mudan\u00e7as clim\u00e1ticas, reafirmando a lideran\u00e7a na agenda socioambiental e trazendo credibilidade para o pa\u00eds&#8221;, diz Andr\u00e9 Guimar\u00e3es, diretor executivo do IPAM (Instituto de Pesquisa Ambiental da Amaz\u00f4nia).<\/p><\/blockquote>\n<\/div>\n<\/div>\n<div id=\"chunk-aote4\">\n<div class=\"mc-column content-text active-extra-styles \" data-block-type=\"unstyled\" data-block-weight=\"38\" data-block-id=\"43\">\n<p class=\" content-text__container \" data-track-category=\"Link no Texto\" data-track-links=\"\" data-mrf-recirculation=\"Mat\u00e9ria - Links no Texto\">\u201cO Plano Clima d\u00e1 l\u00f3gica de implementa\u00e7\u00e3o \u00e0s a\u00e7\u00f5es que v\u00e3o nos fazer cumprir a nossa Contribui\u00e7\u00e3o Nacionalmente Determinada. Mais uma vez, a quest\u00e3o paira sobre o financiamento e as pol\u00edticas p\u00fablicas para subsidiar as a\u00e7\u00f5es tra\u00e7adas\u201d, diz.<\/p>\n<\/div>\n<\/div>\n<div id=\"chunk-r436\">\n<div class=\"mc-column content-text active-extra-styles\" data-block-type=\"raw\" data-block-weight=\"57\" data-block-id=\"45\">\n<p>Fonte: G1<\/p>\n<\/div>\n<\/div>\n<\/div>\n<\/article>\n<\/div>\n","protected":false},"excerpt":{"rendered":"<p>Governo apresenta Plano Clima com metas e estrat\u00e9gias para reduzir emiss\u00f5es at\u00e9 2035 Mecanismo re\u00fane planos para setores da economia<\/p>\n","protected":false},"author":1,"featured_media":13465,"comment_status":"open","ping_status":"open","sticky":false,"template":"","format":"standard","meta":{"colormag_page_container_layout":"default_layout","colormag_page_sidebar_layout":"default_layout","footnotes":""},"categories":[98],"tags":[],"class_list":["post-13464","post","type-post","status-publish","format-standard","has-post-thumbnail","hentry","category-meio-ambiente"],"_links":{"self":[{"href":"http:\/\/metropoleemfoco.com.br\/index.php?rest_route=\/wp\/v2\/posts\/13464","targetHints":{"allow":["GET"]}}],"collection":[{"href":"http:\/\/metropoleemfoco.com.br\/index.php?rest_route=\/wp\/v2\/posts"}],"about":[{"href":"http:\/\/metropoleemfoco.com.br\/index.php?rest_route=\/wp\/v2\/types\/post"}],"author":[{"embeddable":true,"href":"http:\/\/metropoleemfoco.com.br\/index.php?rest_route=\/wp\/v2\/users\/1"}],"replies":[{"embeddable":true,"href":"http:\/\/metropoleemfoco.com.br\/index.php?rest_route=%2Fwp%2Fv2%2Fcomments&post=13464"}],"version-history":[{"count":1,"href":"http:\/\/metropoleemfoco.com.br\/index.php?rest_route=\/wp\/v2\/posts\/13464\/revisions"}],"predecessor-version":[{"id":13466,"href":"http:\/\/metropoleemfoco.com.br\/index.php?rest_route=\/wp\/v2\/posts\/13464\/revisions\/13466"}],"wp:featuredmedia":[{"embeddable":true,"href":"http:\/\/metropoleemfoco.com.br\/index.php?rest_route=\/wp\/v2\/media\/13465"}],"wp:attachment":[{"href":"http:\/\/metropoleemfoco.com.br\/index.php?rest_route=%2Fwp%2Fv2%2Fmedia&parent=13464"}],"wp:term":[{"taxonomy":"category","embeddable":true,"href":"http:\/\/metropoleemfoco.com.br\/index.php?rest_route=%2Fwp%2Fv2%2Fcategories&post=13464"},{"taxonomy":"post_tag","embeddable":true,"href":"http:\/\/metropoleemfoco.com.br\/index.php?rest_route=%2Fwp%2Fv2%2Ftags&post=13464"}],"curies":[{"name":"wp","href":"https:\/\/api.w.org\/{rel}","templated":true}]}}