{"id":13461,"date":"2026-03-17T06:00:40","date_gmt":"2026-03-17T09:00:40","guid":{"rendered":"http:\/\/metropoleemfoco.com.br\/?p=13461"},"modified":"2026-03-16T22:21:08","modified_gmt":"2026-03-17T01:21:08","slug":"13461","status":"publish","type":"post","link":"http:\/\/metropoleemfoco.com.br\/?p=13461","title":{"rendered":""},"content":{"rendered":"<div class=\"fusion-flexslider flexslider fusion-flexslider-loading post-slideshow fusion-post-slideshow\">\n<h1>P\u00e1tio Batel celebra cultura e gastronomia asi\u00e1ticas em evento in\u00e9dito<\/h1>\n<h1><a href=\"http:\/\/metropoleemfoco.com.br\/?attachment_id=13467\" rel=\"attachment wp-att-13467\"><img loading=\"lazy\" decoding=\"async\" class=\"alignleft wp-image-13467 size-full\" src=\"http:\/\/metropoleemfoco.com.br\/wp-content\/uploads\/2026\/03\/BRASIL-2-125.jpg\" alt=\"\" width=\"800\" height=\"533\" srcset=\"http:\/\/metropoleemfoco.com.br\/wp-content\/uploads\/2026\/03\/BRASIL-2-125.jpg 800w, http:\/\/metropoleemfoco.com.br\/wp-content\/uploads\/2026\/03\/BRASIL-2-125-300x200.jpg 300w, http:\/\/metropoleemfoco.com.br\/wp-content\/uploads\/2026\/03\/BRASIL-2-125-768x512.jpg 768w\" sizes=\"auto, (max-width: 800px) 100vw, 800px\" \/><\/a><\/h1>\n<\/div>\n<div class=\"post-content\">\n<div class=\"fusion-fullwidth fullwidth-box fusion-builder-row-4 fusion-flex-container nonhundred-percent-fullwidth non-hundred-percent-height-scrolling\">\n<div class=\"fusion-builder-row fusion-row fusion-flex-align-items-flex-start fusion-flex-content-wrap\">\n<div class=\"fusion-layout-column fusion_builder_column fusion-builder-column-6 fusion_builder_column_1_1 1_1 fusion-flex-column\">\n<div class=\"fusion-column-wrapper fusion-flex-justify-content-flex-start fusion-content-layout-column\">\n<div class=\"fusion-text fusion-text-3\">\n<p align=\"justify\">\n<p align=\"justify\">\n<p align=\"justify\">\n<p align=\"justify\">\n<p align=\"justify\">\n<p align=\"justify\">\n<p align=\"justify\">\n<p align=\"justify\">\n<p align=\"justify\">\n<p align=\"justify\">\n<p align=\"justify\">\n<p align=\"justify\">\n<p align=\"justify\">\n<p align=\"justify\">Um grande evento gastron\u00f4mico est\u00e1 para acontecer nesta semana. Ser\u00e1 o \u201cP\u00e1tio Gastron\u00f4mico Edi\u00e7\u00e3o \u00c1sia\u201d, que prop\u00f5e celebrar a pluralidade culin\u00e1ria deste vasto continente, al\u00e9m de aulas-show e oficinas para todas as idades. Vai de quinta (19) a domingo (22), com entrada gratuita e pratos at\u00e9 R$ 45<\/p>\n<p align=\"justify\">O local ser\u00e1 o terra\u00e7o do Piso L4, ao lado da pra\u00e7a de gastronomia, com representa\u00e7\u00f5es das culin\u00e1rias indiana, chinesa, japonesa, coreana, taiwanesa, tailandesa, entre outras, com opera\u00e7\u00f5es do pr\u00f3prio shopping e de outras parceiras.<\/p>\n<p align=\"justify\">Os estabelecimentos confirmados s\u00e3o: Emy by Kazuo, Wao Asian Cuisine, Swadisht, ItiGO Poke by Ichigo Ichie, Ch\u014d Lamens e Baos, Y\u00fc Cozinha Oriental, Fun\u2019iki Sushi + Rooftop, Johoja e Kor\u00e9. O evento tamb\u00e9m contar\u00e1 com uma adega especializada em saqu\u00eas. A Tor\u00e1 Kombini, loja especializada em doces e bebidas coreanas, tamb\u00e9m trar\u00e1 itens colecion\u00e1veis.<\/p>\n<p align=\"justify\">Parte do card\u00e1pio dos estabelecimentos ser\u00e1 in\u00e9dita, como \u00e9 o caso do\u00a0<i>Bara Bara<\/i>, do Emy by Kazuo \u2013 uma saborosa combina\u00e7\u00e3o de shari, frutos do mar, picles e tamagoyaki (omelete japon\u00eas) com molho bibimbap \u2013 o gochujang, o a\u00e7\u00facar, o molho soja (shoyu), o \u00f3leo e as sementes de s\u00e9samo (gergelim). Tamb\u00e9m in\u00e9dito \u00e9 o\u00a0<i>Moo Ping<\/i>, do Kor\u00e9 \u2013 espetinhos tailandeses de porco, marinados, levemente defumados \u2013, cria\u00e7\u00f5es de cada restaurante e que s\u00e3o mais um atrativo para o evento.<\/p>\n<p align=\"justify\">Aulas-show e workshops exploram a cria\u00e7\u00e3o de cl\u00e1ssicos da gastronomia asi\u00e1tica. Ali especialistas conduzir\u00e3o aulas-show focadas em preparos de cl\u00e1ssicos, como Lamens, Bibimbap (prato coreano popular) e t\u00e9cnicas de corte japonesas, al\u00e9m de workshops de coquetelaria explorando o saqu\u00ea e o Umami \u2013 que \u00e9 definido como o quinto sabor do nosso paladar.<\/p>\n<h2 align=\"justify\"><b>Cultura al\u00e9m do paladar<\/b><\/h2>\n<p align=\"justify\">O P\u00e1tio Gastron\u00f4mico tamb\u00e9m oferecer\u00e1 uma programa\u00e7\u00e3o cultural. A dan\u00e7a, forma de express\u00e3o crucial para compreender a \u00c1sia, estar\u00e1 presente em diferentes representa\u00e7\u00f5es. Ao longo dos quatro dias, o p\u00fablico poder\u00e1 conferir dan\u00e7a indiana, dan\u00e7a dos le\u00f5es (t\u00edpica da Coreia do Sul) e taiko.<\/p>\n<p align=\"justify\">As crian\u00e7as t\u00eam divers\u00e3o garantida com o espa\u00e7o de oficinas da Unidunit\u00ea, que incluem dobradura e m\u00f3bile asi\u00e1tico. Para completar a experi\u00eancia, DJs se apresentam todas as noites.<\/p>\n<h2 align=\"justify\">Hor\u00e1rios<\/h2>\n<ul>\n<li>19\/03 (quinta): 18h \u00e0s 22h<\/li>\n<li>20\/03 (sexta): 18h \u00e0s 22h<\/li>\n<li>21\/03 (s\u00e1bado): 12h \u00e0s 22h<\/li>\n<li>22\/03 (domingo): 12h \u00e0s 20h<\/li>\n<\/ul>\n<h3 align=\"justify\"><b>P\u00e1tio Gastron\u00f4mico Edi\u00e7\u00e3o \u00c1sia<\/b><\/h3>\n<p align=\"justify\">Terra\u00e7o do Piso L4 do P\u00e1tio Batel \u2013 Avenida do Batel, 1868 \u2013 Batel<\/p>\n<\/div>\n<\/div>\n<\/div>\n<\/div>\n<\/div>\n<\/div>\n<div class=\"autor-materia\">Por:\u00a0<strong><a href=\"https:\/\/cbncuritiba.com.br\/equipe\/luiz-augusto-xavier\/\">Luiz Augusto Xavier<\/a><\/strong><\/p>\n<p>Fonte: CBN Curitiba<\/p><\/div>\n","protected":false},"excerpt":{"rendered":"<p>P\u00e1tio Batel celebra cultura e gastronomia asi\u00e1ticas em evento in\u00e9dito Um grande evento gastron\u00f4mico est\u00e1 para acontecer nesta semana. Ser\u00e1<\/p>\n","protected":false},"author":1,"featured_media":13468,"comment_status":"open","ping_status":"open","sticky":false,"template":"","format":"standard","meta":{"colormag_page_container_layout":"default_layout","colormag_page_sidebar_layout":"default_layout","footnotes":""},"categories":[97],"tags":[],"class_list":["post-13461","post","type-post","status-publish","format-standard","has-post-thumbnail","hentry","category-gastronomia"],"_links":{"self":[{"href":"http:\/\/metropoleemfoco.com.br\/index.php?rest_route=\/wp\/v2\/posts\/13461","targetHints":{"allow":["GET"]}}],"collection":[{"href":"http:\/\/metropoleemfoco.com.br\/index.php?rest_route=\/wp\/v2\/posts"}],"about":[{"href":"http:\/\/metropoleemfoco.com.br\/index.php?rest_route=\/wp\/v2\/types\/post"}],"author":[{"embeddable":true,"href":"http:\/\/metropoleemfoco.com.br\/index.php?rest_route=\/wp\/v2\/users\/1"}],"replies":[{"embeddable":true,"href":"http:\/\/metropoleemfoco.com.br\/index.php?rest_route=%2Fwp%2Fv2%2Fcomments&post=13461"}],"version-history":[{"count":1,"href":"http:\/\/metropoleemfoco.com.br\/index.php?rest_route=\/wp\/v2\/posts\/13461\/revisions"}],"predecessor-version":[{"id":13469,"href":"http:\/\/metropoleemfoco.com.br\/index.php?rest_route=\/wp\/v2\/posts\/13461\/revisions\/13469"}],"wp:featuredmedia":[{"embeddable":true,"href":"http:\/\/metropoleemfoco.com.br\/index.php?rest_route=\/wp\/v2\/media\/13468"}],"wp:attachment":[{"href":"http:\/\/metropoleemfoco.com.br\/index.php?rest_route=%2Fwp%2Fv2%2Fmedia&parent=13461"}],"wp:term":[{"taxonomy":"category","embeddable":true,"href":"http:\/\/metropoleemfoco.com.br\/index.php?rest_route=%2Fwp%2Fv2%2Fcategories&post=13461"},{"taxonomy":"post_tag","embeddable":true,"href":"http:\/\/metropoleemfoco.com.br\/index.php?rest_route=%2Fwp%2Fv2%2Ftags&post=13461"}],"curies":[{"name":"wp","href":"https:\/\/api.w.org\/{rel}","templated":true}]}}