{"id":13455,"date":"2026-03-17T06:00:07","date_gmt":"2026-03-17T09:00:07","guid":{"rendered":"http:\/\/metropoleemfoco.com.br\/?p=13455"},"modified":"2026-03-16T22:03:35","modified_gmt":"2026-03-17T01:03:35","slug":"13455","status":"publish","type":"post","link":"http:\/\/metropoleemfoco.com.br\/?p=13455","title":{"rendered":""},"content":{"rendered":"<div class=\"mc-article-header\">\n<div class=\"row content-head mc-column non-featured profiled\">\n<div class=\"title\" data-block-type=\"title\" data-block-id=\"0\">\n<h1 class=\"content-head__title\">Lenine transita por Brasil e Argentina, de maio a setembro, com a turn\u00ea &#8216;Eita&#8217;<\/h1>\n<\/div>\n<\/div>\n<div class=\"content__signa-share mc-column\">\n<div class=\"content__signature\">\n<div class=\"content-publication-data\">\n<div class=\"content-publication-data__text\">\n<p class=\"content-publication-data__updated\">\n<\/div>\n<\/div>\n<\/div>\n<\/div>\n<div class=\"glb-share-bar content__share-bar\">\n<div class=\"glb-share-bar_icons\">\n<div class=\"glb-share-bar_button-img\"><\/div>\n<div class=\"glb-share-bar_button-img\"><\/div>\n<div class=\"glb-share-bar_button-img\"><\/div>\n<\/div>\n<\/div>\n<\/div>\n<div class=\"mc-article-body\">\n<article>\n<div id=\"chunk-7bej4\">\n<div class=\"row medium-uncollapsed content-media content-photo\" data-block-type=\"backstage-photo\" data-block-id=\"1\">\n<div class=\" mc-column  content-media__container\">\n<div class=\"content-media-container glb-skeleton-box\">\n<figure class=\"content-media-figure\"><img decoding=\"async\" class=\"i-amphtml-fill-content i-amphtml-replaced-content\" src=\"https:\/\/s2-g1.glbimg.com\/k6Dj_EP0jJQzo5FsskB_SR3kOHM=\/0x0:1441x2034\/984x0\/smart\/filters:strip_icc()\/i.s3.glbimg.com\/v1\/AUTH_59edd422c0c84a879bd37670ae4f538a\/internal_photos\/bs\/2026\/R\/Y\/1nesv3RgWgM4I6qqBuug\/lenine-gilda-midani.jpg\" sizes=\"(max-width: 1600px) 648px, 100vw\" srcset=\"https:\/\/s2-g1.glbimg.com\/VOi3iDUYLQ50pTk1_Pv_w5_cdeM=\/0x0:1441x2034\/1000x0\/smart\/filters:strip_icc()\/i.s3.glbimg.com\/v1\/AUTH_59edd422c0c84a879bd37670ae4f538a\/internal_photos\/bs\/2026\/R\/Y\/1nesv3RgWgM4I6qqBuug\/lenine-gilda-midani.jpg 1000w, https:\/\/s2-g1.glbimg.com\/k6Dj_EP0jJQzo5FsskB_SR3kOHM=\/0x0:1441x2034\/984x0\/smart\/filters:strip_icc()\/i.s3.glbimg.com\/v1\/AUTH_59edd422c0c84a879bd37670ae4f538a\/internal_photos\/bs\/2026\/R\/Y\/1nesv3RgWgM4I6qqBuug\/lenine-gilda-midani.jpg 984w, https:\/\/s2-g1.glbimg.com\/R6IPnORdoNuZt_e60Ap6DuiQhAY=\/0x0:1441x2034\/640x0\/smart\/filters:strip_icc()\/i.s3.glbimg.com\/v1\/AUTH_59edd422c0c84a879bd37670ae4f538a\/internal_photos\/bs\/2026\/R\/Y\/1nesv3RgWgM4I6qqBuug\/lenine-gilda-midani.jpg 640w, https:\/\/s2-g1.glbimg.com\/ALEpC1Xdjj67ZMTbfqs-WrWg9lg=\/0x0:1441x2034\/600x0\/smart\/filters:strip_icc()\/i.s3.glbimg.com\/v1\/AUTH_59edd422c0c84a879bd37670ae4f538a\/internal_photos\/bs\/2026\/R\/Y\/1nesv3RgWgM4I6qqBuug\/lenine-gilda-midani.jpg 600w\" alt=\"Lenine estreia o show 'Eita' em 22 de maio, em Fortaleza (CE) \u2014 Foto: Gilda Midani \/ Divulga\u00e7\u00e3o\" \/><\/figure>\n<\/div>\n<p class=\"content-media__description  \">Lenine estreia o show &#8216;Eita&#8217; em 22 de maio, em Fortaleza (CE) \u2014 Foto: Gilda Midani \/ Divulga\u00e7\u00e3o<\/p>\n<\/div>\n<\/div>\n<\/div>\n<div class=\"wall protected-content\">\n<div id=\"chunk-hk9q\">\n<div class=\"mc-column content-text active-extra-styles \" data-block-type=\"unstyled\" data-block-weight=\"43\" data-block-id=\"4\">\n<p class=\" content-text__container \" data-track-category=\"Link no Texto\" data-track-links=\"\" data-mrf-recirculation=\"Mat\u00e9ria - Links no Texto\">\u266c Um dos grandes discos brasileiros de 2025,\u00a0<a class=\"\" href=\"https:\/\/g1.globo.com\/pop-arte\/musica\/blog\/mauro-ferreira\/post\/2025\/11\/30\/lenine-personifica-no-magnifico-album-eita-um-leao-do-norte-na-melhor-das-formas-a-espera-de-tempo-iluminado.ghtml\" data-mrf-link=\"https:\/\/g1.globo.com\/pop-arte\/musica\/blog\/mauro-ferreira\/post\/2025\/11\/30\/lenine-personifica-no-magnifico-album-eita-um-leao-do-norte-na-melhor-das-formas-a-espera-de-tempo-iluminado.ghtml\">\u201cEita\u201d\u00a0<\/a>\u2013 primeiro \u00e1lbum gravado por\u00a0<a class=\"\" href=\"https:\/\/g1.globo.com\/topico\/lenine\" data-mrf-link=\"https:\/\/g1.globo.com\/topico\/lenine\">Lenine<\/a>\u00a0em 10 anos com repert\u00f3rio inteiramente in\u00e9dito e autoral \u2013 chegar\u00e1 \u00e0 cena seis meses ap\u00f3s o lan\u00e7amento em 28 de novembro do \u00e1lbum e do filme.<\/p>\n<\/div>\n<\/div>\n<div id=\"chunk-ekrb8\">\n<div class=\"mc-column content-text active-extra-styles \" data-block-type=\"unstyled\" data-block-weight=\"48\" data-block-id=\"5\">\n<p class=\" content-text__container \" data-track-category=\"Link no Texto\" data-track-links=\"\" data-mrf-recirculation=\"Mat\u00e9ria - Links no Texto\">A turn\u00ea do show \u201cEita\u201d come\u00e7a no Brasil, tendo a primeira apresenta\u00e7\u00e3o programada para 22 de maio em Fortaleza (CE), e segue para S\u00e3o Paulo (SP), Salvador (BA), Rio de Janeiro (RJ), Porto Alegre (RS) e Recife (PE), aportando em 4 de setembro em Buenos Aires, Argentina.<\/p>\n<\/div>\n<\/div>\n<div id=\"chunk-42g5b\">\n<div class=\"mc-column content-text active-extra-styles \" data-block-type=\"unstyled\" data-block-weight=\"28\" data-block-id=\"6\">\n<p class=\" content-text__container \" data-track-category=\"Link no Texto\" data-track-links=\"\" data-mrf-recirculation=\"Mat\u00e9ria - Links no Texto\">Na cena do show \u201cEita\u201d, Lenine estar\u00e1 acompanhado por banda formada por Bruno Giorgi (baixo), Gabriel Ventura (guitarra), Henrique Albino (sopros), Negadeza (percuss\u00e3o) e Pantico Rocha (bateria).<\/p>\n<\/div>\n<\/div>\n<div data-track-category=\"multicontent\" data-track-action=\"multicontent\" data-track-noninteraction=\"false\" data-track-scroll=\"ultimo chunk conteudo\" data-track-value=\"view\">\n<div id=\"chunk-fdj5g\">\n<div class=\"mc-column content-text active-extra-styles \" data-block-type=\"unstyled\" data-block-weight=\"49\" data-block-id=\"8\">\n<p class=\" content-text__container \" data-track-category=\"Link no Texto\" data-track-links=\"\" data-mrf-recirculation=\"Mat\u00e9ria - Links no Texto\">O roteiro do show \u201cEita\u201d prev\u00ea as onze composi\u00e7\u00f5es do\u00a0<a class=\"\" href=\"https:\/\/g1.globo.com\/pop-arte\/musica\/blog\/mauro-ferreira\/post\/2025\/11\/30\/lenine-personifica-no-magnifico-album-eita-um-leao-do-norte-na-melhor-das-formas-a-espera-de-tempo-iluminado.ghtml\" data-mrf-link=\"https:\/\/g1.globo.com\/pop-arte\/musica\/blog\/mauro-ferreira\/post\/2025\/11\/30\/lenine-personifica-no-magnifico-album-eita-um-leao-do-norte-na-melhor-das-formas-a-espera-de-tempo-iluminado.ghtml\">\u00e1lbum<\/a>\u00a0hom\u00f4nimo. Coeso e inspirado, esse repert\u00f3rio inclui m\u00fasicas como o maracatu ambientalista \u201cO rumo do fogo\u201d (Lenine e Lula Queiroga) e as can\u00e7\u00f5es \u201cFoto de fam\u00edlia\u201d (Lenine e Jo\u00e3o Cavalcanti) e \u201cConfia em mim\u201d (Lenine e Dudu Falc\u00e3o).<\/p>\n<p>Fonte: G1<\/p>\n<\/div>\n<\/div>\n<\/div>\n<\/div>\n<\/article>\n<\/div>\n","protected":false},"excerpt":{"rendered":"<p>Lenine transita por Brasil e Argentina, de maio a setembro, com a turn\u00ea &#8216;Eita&#8217; Lenine estreia o show &#8216;Eita&#8217; em<\/p>\n","protected":false},"author":1,"featured_media":13458,"comment_status":"open","ping_status":"open","sticky":false,"template":"","format":"standard","meta":{"colormag_page_container_layout":"default_layout","colormag_page_sidebar_layout":"default_layout","footnotes":""},"categories":[90],"tags":[],"class_list":["post-13455","post","type-post","status-publish","format-standard","has-post-thumbnail","hentry","category-brasil"],"_links":{"self":[{"href":"http:\/\/metropoleemfoco.com.br\/index.php?rest_route=\/wp\/v2\/posts\/13455","targetHints":{"allow":["GET"]}}],"collection":[{"href":"http:\/\/metropoleemfoco.com.br\/index.php?rest_route=\/wp\/v2\/posts"}],"about":[{"href":"http:\/\/metropoleemfoco.com.br\/index.php?rest_route=\/wp\/v2\/types\/post"}],"author":[{"embeddable":true,"href":"http:\/\/metropoleemfoco.com.br\/index.php?rest_route=\/wp\/v2\/users\/1"}],"replies":[{"embeddable":true,"href":"http:\/\/metropoleemfoco.com.br\/index.php?rest_route=%2Fwp%2Fv2%2Fcomments&post=13455"}],"version-history":[{"count":1,"href":"http:\/\/metropoleemfoco.com.br\/index.php?rest_route=\/wp\/v2\/posts\/13455\/revisions"}],"predecessor-version":[{"id":13459,"href":"http:\/\/metropoleemfoco.com.br\/index.php?rest_route=\/wp\/v2\/posts\/13455\/revisions\/13459"}],"wp:featuredmedia":[{"embeddable":true,"href":"http:\/\/metropoleemfoco.com.br\/index.php?rest_route=\/wp\/v2\/media\/13458"}],"wp:attachment":[{"href":"http:\/\/metropoleemfoco.com.br\/index.php?rest_route=%2Fwp%2Fv2%2Fmedia&parent=13455"}],"wp:term":[{"taxonomy":"category","embeddable":true,"href":"http:\/\/metropoleemfoco.com.br\/index.php?rest_route=%2Fwp%2Fv2%2Fcategories&post=13455"},{"taxonomy":"post_tag","embeddable":true,"href":"http:\/\/metropoleemfoco.com.br\/index.php?rest_route=%2Fwp%2Fv2%2Ftags&post=13455"}],"curies":[{"name":"wp","href":"https:\/\/api.w.org\/{rel}","templated":true}]}}