{"id":13454,"date":"2026-03-17T06:00:05","date_gmt":"2026-03-17T09:00:05","guid":{"rendered":"http:\/\/metropoleemfoco.com.br\/?p=13454"},"modified":"2026-03-16T22:01:24","modified_gmt":"2026-03-17T01:01:24","slug":"13454","status":"publish","type":"post","link":"http:\/\/metropoleemfoco.com.br\/?p=13454","title":{"rendered":""},"content":{"rendered":"<header class=\"group\/header group mx-auto box-border flex w-full max-w-full flex-col gap-4 pb-4 md:border-b md:border-neutral-200 [&amp;_.gallery]:-mx-4 [&amp;_.gallery]:outline [&amp;_.gallery]:outline-2 [&amp;_.gallery]:outline-neutral-950 [&amp;_.gallery]:lg:-mx-0 [&amp;_.gallery]:lg:outline-none\">\n<div class=\"flex w-full flex-col gap-4\">\n<div class=\"border-b pb-4 lg:border-b-0 lg:pb-0\" tabindex=\"1\">\n<h1 class=\"font-bold text-3xl lg:text-4xl\" data-single-title=\"true\">Finl\u00e2ndia \u00e9 estimulante ponto fora da curva num mundo em conflito<\/h1>\n<\/div>\n<div tabindex=\"2\">\n<h2 class=\"text-lg font-normal group-[.isActiveSource]:text-xl\" data-single-excerpt=\"true\">Com t\u00edpica sinceridade n\u00f3rdica, presidente do pa\u00eds vocaliza sua vis\u00e3o de que a geopol\u00edtica global est\u00e1 mudando dramaticamente em fun\u00e7\u00e3o de conflitos em diferentes geografias<\/h2>\n<\/div>\n<\/div>\n<div class=\"flex w-full flex-col gap-1\" data-single-author=\"true\"><\/div>\n<div class=\"h-auto w-fit cursor-pointer group-has-[.featuredImage]:w-full group-has-[.gallery]:w-full group-has-[.mosaic-large]:w-full group-has-[.mosaic-small]:w-fit [#gut-square_&amp;]:w-full [#gut-square_&amp;]:lg:w-fit [#gut-trio_&amp;]:w-full [#manchete-section-one_&amp;]:h-full [#manchete-section-one_&amp;]:w-full\" tabindex=\"0\" role=\"button\" aria-controls=\"modal-content\" aria-expanded=\"false\" aria-haspopup=\"true\">\n<div class=\"group\/featureImage featuredImage relative w-full\" data-image=\"true\">\n<div class=\"fullScreenButton absolute right-0 z-20 mr-2 mt-2 size-6 rounded-sm bg-red-600 p-0 hover:bg-red-500 sm:p-1 md:mr-4 md:mt-4 md:size-8\"><\/div>\n<figure class=\"group\/featureImage featuredImage relative z-10 mb-4 flex shrink flex-col gap-2\">\n<div class=\"featuredImage--image z-10 -mx-4 flex items-center justify-center bg-neutral-950 lg:mx-0 lg:overflow-hidden lg:rounded-lg\"><picture class=\"flex object-cover overflow-clip w-full aspect-video\"><source srcset=\"https:\/\/admin.cnnbrasil.com.br\/wp-content\/uploads\/sites\/12\/2024\/04\/GettyImages-1551825721.jpg?w=1200&amp;h=900&amp;crop=0\" media=\"(min-width: 1024px)\" \/><source srcset=\"https:\/\/admin.cnnbrasil.com.br\/wp-content\/uploads\/sites\/12\/2024\/04\/GettyImages-1551825721.jpg?w=849&amp;h=477&amp;crop=0\" media=\"(min-width: 768px)\" \/><img loading=\"lazy\" decoding=\"async\" class=\"flex size-full object-cover\" src=\"https:\/\/admin.cnnbrasil.com.br\/wp-content\/uploads\/sites\/12\/2024\/04\/GettyImages-1551825721.jpg?w=419&amp;h=283&amp;crop=0\" alt=\"Bandeira da Finl\u00e2ndia\" width=\"419\" height=\"283\" \/><\/picture><\/div><figcaption class=\"featuredImage--caption text-neutral-500\"><span class=\"text-sm font-medium featuredImage--subtitle\">Bandeira da Finl\u00e2ndia<\/span><span class=\"text-xs font-normal featuredImage--credits\">\u00a0 \u2022 Beata Zawrzel\/NurPhoto via Getty Images<\/span><\/figcaption><\/figure>\n<\/div>\n<\/div>\n<\/header>\n<div class=\"text-lg w-full pt-6 font-light text-neutral-800 group-[.isActiveSource&gt;*]:text-xl md:pt-10 [&amp;&gt;*:not(.single-product)]:mx-auto [&amp;&gt;*:not(.single-product)]:max-w-2xl [&amp;_.gallery]:mb-4 [&amp;_p]:my-4 first:[&amp;_p]:mt-0 [&amp;_strong]:font-medium\" data-single-content=\"true\">\n<p class=\"my-5 break-words group-[.isActiveSource]:text-xl\">Alexander Stubb tem sido uma lideran\u00e7a cada vez mais ouvida quando se trata dos grandes temas do cen\u00e1rio internacional.<\/p>\n<p class=\"my-5 break-words group-[.isActiveSource]:text-xl\">Ele \u00e9 presidente de uma Finl\u00e2ndia habitada por apenas 5,6 milh\u00f5es de pessoas (menos do que a popula\u00e7\u00e3o do Rio de Janeiro) e cujo territ\u00f3rio, equivalente ao do estado de Goi\u00e1s, j\u00e1 assistiu diferentes cen\u00e1rios: em s\u00e9culos passados pertenceu \u00e0 Su\u00e9cia, depois \u00e0 R\u00fassia e alcan\u00e7ou a independ\u00eancia apenas em 1917.<\/p>\n<p class=\"my-5 break-words group-[.isActiveSource]:text-xl\">Com t\u00edpica sinceridade n\u00f3rdica,\u00a0<a class=\"text-red-600 underline hover:text-red-500 font-medium break-words group-[.isActiveSource]:text-xl\" href=\"https:\/\/www.cnnbrasil.com.br\/internacional\/alexander-stubb-e-eleito-presidente-da-finlandia\/\" target=\"_self\" rel=\"\">Stubb<\/a>\u00a0vocaliza sua vis\u00e3o de que a geopol\u00edtica global est\u00e1 mudando dramaticamente em fun\u00e7\u00e3o de conflitos em diferentes geografias.<\/p>\n<p class=\"my-5 break-words group-[.isActiveSource]:text-xl\">E, ao contr\u00e1rio de muitos analistas, afirma que quatro anos ap\u00f3s\u00a0<a class=\"text-red-600 underline hover:text-red-500 font-medium break-words group-[.isActiveSource]:text-xl\" href=\"https:\/\/www.cnnbrasil.com.br\/internacional\/russia-ataca-a-ucrania-explosoes-sao-ouvidas-em-varias-cidades\/\" target=\"_self\" rel=\"\">ter sido invadida<\/a>, a Ucr\u00e2nia n\u00e3o est\u00e1 perdendo a guerra para a R\u00fassia, pois esta tem registrado\u00a0<a class=\"text-red-600 underline hover:text-red-500 font-medium break-words group-[.isActiveSource]:text-xl\" href=\"https:\/\/www.cnnbrasil.com.br\/internacional\/analise-russia-ainda-paga-por-erro-de-calculo-fatal-na-ucrania-apos-4-anos\/\" target=\"_self\" rel=\"\">poucos avan\u00e7os e muitas perdas humanas e materiais<\/a>.<\/p>\n<p class=\"my-5 break-words group-[.isActiveSource]:text-xl\">Defensor do livre com\u00e9rcio, ele criticou fortemente as\u00a0<a class=\"text-red-600 underline hover:text-red-500 font-medium break-words group-[.isActiveSource]:text-xl\" href=\"https:\/\/www.cnnbrasil.com.br\/economia\/macroeconomia\/tarifas-de-trump-126-paises-ficam-com-taxa-minima-de-10-veja-lista\/\" target=\"_self\" rel=\"\">tarifas comerciais impostas pelo presidente Donald Trump<\/a>\u00a0ao longo do ano passado e alertou para o risco de uma &#8220;perigosa espiral descendente&#8221; que prejudicaria todos os pa\u00edses, indistintamente.<\/p>\n<p class=\"my-5 break-words group-[.isActiveSource]:text-xl\">Ao mesmo tempo, defendeu o di\u00e1logo com Washington em lugar das poss\u00edveis retalia\u00e7\u00f5es esbo\u00e7adas por alguns colegas europeus.<\/p>\n<p class=\"my-5 break-words group-[.isActiveSource]:text-xl\">Tamb\u00e9m sem rodeios, Stubb diz que os Estados Unidos est\u00e3o agindo amplamente fora do direito internacional ao\u00a0<a class=\"text-red-600 underline hover:text-red-500 font-medium break-words group-[.isActiveSource]:text-xl\" href=\"https:\/\/www.cnnbrasil.com.br\/internacional\/trump-confirma-ataque-ao-ira-e-diz-que-pretende-defender-o-povo-americano\/\" target=\"_self\" rel=\"\">atacar o Ir\u00e3<\/a>. N\u00e3o vislumbra um desfecho estrat\u00e9gico para o conflito e mostra-se c\u00e9tico em rela\u00e7\u00e3o a poss\u00edveis media\u00e7\u00f5es destinadas a amenizar o atual quadro na regi\u00e3o.<\/p>\n<p class=\"my-5 break-words group-[.isActiveSource]:text-xl\">Argumenta ainda que a guerra na Ucr\u00e2nia poderia j\u00e1 ter terminado se Kiev tivesse recebido o mesmo n\u00edvel de apoio de defesa a\u00e9rea que foi mobilizado na regi\u00e3o do Golfo durante a guerra deflagrada no Oriente M\u00e9dio.<\/p>\n<p class=\"my-5 break-words group-[.isActiveSource]:text-xl\">No seu entender ainda que a alta do petr\u00f3leo nas \u00faltimas semanas acabe gerando ganhos financeiros para o governo de Vladimir Putin, do ponto de vista militar a Ucr\u00e2nia pode ser beneficiada com a disputa de Estados Unidos e Israel contra o Ir\u00e3.<\/p>\n<p class=\"my-5 break-words group-[.isActiveSource]:text-xl\">A raz\u00e3o: o potencial impacto na capacidade de Moscou continuar cooperando com Teer\u00e3 na mesma propor\u00e7\u00e3o registrada ao longo dos \u00faltimos anos.<\/p>\n<p class=\"my-5 break-words group-[.isActiveSource]:text-xl\">\u201cIr\u00e3 e a R\u00fassia n\u00e3o s\u00e3o capazes de cooperar neste momento em m\u00edsseis ou na ind\u00fastria de defesa&#8221;, disse ele h\u00e1 poucos dias numa entrevista em Mumbai, durante visita oficial \u00e0 \u00cdndia<\/p>\n<p class=\"my-5 break-words group-[.isActiveSource]:text-xl\">A s\u00fabita mudan\u00e7a do foco internacional em dire\u00e7\u00e3o ao Oriente M\u00e9dio pode at\u00e9 abrir espa\u00e7o para tratativas de bastidores visando um cessar-fogo na Ucr\u00e2nia, garantindo assim &#8220;espa\u00e7o para que os negociadores cheguem a um acordo fora dos holofotes&#8221;, opinou.<\/p>\n<p class=\"my-5 break-words group-[.isActiveSource]:text-xl\">Todas as manifesta\u00e7\u00f5es de Alexander Stubb podem ser vistas com estranheza por aqueles que, erroneamente, enxergam a Finl\u00e2ndia como um territ\u00f3rio gelado de limitada express\u00e3o internacional.<\/p>\n<p class=\"my-5 break-words group-[.isActiveSource]:text-xl\">Na verdade, 18\u00ba mais rico do mundo no crit\u00e9rio PIB (Produto Interno Bruto) per capita (Brasil \u00e9 80\u00ba. na lista), o pa\u00eds tem uma economia din\u00e2mica e inovadora, um sistema educacional de alto n\u00edvel, institui\u00e7\u00f5es s\u00f3lidas e invej\u00e1vel patamar de bem-estar social.<\/p>\n<p class=\"my-5 break-words group-[.isActiveSource]:text-xl\">Esse conjunto de vari\u00e1veis fez com que a Finl\u00e2ndia tenha sido apontada em 2025, pelo oitavo ano consecutivo,\u00a0<a class=\"text-red-600 underline hover:text-red-500 font-medium break-words group-[.isActiveSource]:text-xl\" href=\"https:\/\/www.cnnbrasil.com.br\/internacional\/finlandia-mantem-titulo-de-pais-mais-feliz-do-mundo-em-meio-a-crise\/\" target=\"_self\" rel=\"\">o pa\u00eds com a popula\u00e7\u00e3o mais satisfeita do planeta de acordo com o Relat\u00f3rio Mundial de Felicidade da ONU (Organiza\u00e7\u00e3o das Na\u00e7\u00f5es Unidas)<\/a>.<\/p>\n<p class=\"my-5 break-words group-[.isActiveSource]:text-xl\">Em recente reportagem, a revista brit\u00e2nica The Economist pergunta se n\u00e3o teria chegado a hora de \u201cuma nova tend\u00eancia n\u00f3rdica\u201d.<\/p>\n<p class=\"my-5 break-words group-[.isActiveSource]:text-xl\">Esta seria express\u00e3o da realidade finlandesa e sua \u201cfilosofia que combina for\u00e7a interior, perseveran\u00e7a e uma atitude positiva em rela\u00e7\u00e3o \u00e0 adversidade\u201d, condi\u00e7\u00e3o essa resumida numa palavra de quatro letras do vocabul\u00e1rio local: \u201c<em class=\"group-[.isActiveSource]:text-xl\">sisu<\/em>\u201d.<\/p>\n<p class=\"my-5 break-words group-[.isActiveSource]:text-xl\">Helsinki j\u00e1 teve que \u201clutar contra a Uni\u00e3o Sovi\u00e9tica duas vezes\u201d para se manter independente, lembra The Economist. O texto ainda destaca que a fronteira de 1.350 quil\u00f4metros com a R\u00fassia torna essa na\u00e7\u00e3o n\u00f3rdica \u201cvulner\u00e1vel ao revanchismo delirante de Vladimir Putin\u201d, mas ressalva que seus habitantes \u201cn\u00e3o entraram em p\u00e2nico\u201d.<\/p>\n<div id=\"kwVK05Q37eM\" class=\"group relative my-4 flex aspect-video w-full cursor-pointer items-center justify-center overflow-hidden rounded-lg bg-black bg-cover bg-center [&amp;_div]:!absolute [&amp;_div]:!aspect-video [&amp;_div]:!size-full [&amp;_iframe]:!absolute [&amp;_iframe]:!aspect-video [&amp;_iframe]:!size-full\" aria-label=\"Reproduzir v\u00eddeo: \" aria-labelledby=\"video-title-kwVK05Q37eM\" data-video=\"youtube\"><iframe loading=\"lazy\" id=\"kwVK05Q37eM-player\" title=\"An\u00e1lise: guerra no Oriente M\u00e9dio pode afetar setor de carnes no Brasil | CNN AGRO NEWS\" src=\"https:\/\/www.youtube.com\/embed\/kwVK05Q37eM?embed_config=%7B%22adsConfig%22%3A%7B%22disableAds%22%3Atrue%7D%2C%22enableIma%22%3Atrue%7D&amp;enablejsapi=1&amp;origin=https%3A%2F%2Fwww.cnnbrasil.com.br&amp;widgetid=1&amp;forigin=https%3A%2F%2Fwww.cnnbrasil.com.br%2Fblogs%2Fciro-dias-reis%2Feconomia%2Fmacroeconomia%2Ffinlandia-e-estimulante-ponto-fora-da-curva-num-mundo-em-conflito%2F&amp;aoriginsup=1&amp;gporigin=https%3A%2F%2Fwww.google.com%2F&amp;vf=6\" width=\"1280px\" height=\"720px\" frameborder=\"0\" allowfullscreen=\"allowfullscreen\" data-gtm-yt-inspected-22=\"true\" data-gtm-yt-inspected-45=\"true\" data-mce-fragment=\"1\"><\/iframe><\/div>\n<p class=\"my-5 break-words group-[.isActiveSource]:text-xl\">A bem-sucedida engrenagem pol\u00edtica, econ\u00f4mica, social e institucional desse pa\u00eds onde centro-esquerda e centro-direita costumam se alternar pacificamente no poder inclui ainda uma forte preocupa\u00e7\u00e3o com a seguran\u00e7a nacional.<\/p>\n<p class=\"my-5 break-words group-[.isActiveSource]:text-xl\">A Finl\u00e2ndia \u00e9 reconhecida como for\u00e7a militar compacta, bem equipada e preparada, com foco na defesa de seu territ\u00f3rio. Agora totalmente integrada \u00e0 OTAN (Organiza\u00e7\u00e3o do Tratado do Atl\u00e2ntico Norte), ela mant\u00e9m aproximadamente 30.000 militares na ativa distribu\u00eddos por Ex\u00e9rcito, Marinha e For\u00e7a A\u00e9rea.<\/p>\n<p class=\"my-5 break-words group-[.isActiveSource]:text-xl\">O contingente na reserva \u00e9 constitu\u00eddo por 254.000 homens, mas uma mobiliza\u00e7\u00e3o especial durante uma crise de grandes propor\u00e7\u00f5es pode elevar esse n\u00famero a 870.000 indiv\u00edduos. O or\u00e7amento de defesa equivale a 2,3% do seu PIB.<\/p>\n<p class=\"my-5 break-words group-[.isActiveSource]:text-xl\">Os governos que se sucedem em Helsinki preocupam-se em garantir \u201cresili\u00eancia psicol\u00f3gica\u201d aos cidad\u00e3os, algo que pode ser traduzido como a possibilidade de as pessoas manterem atividades do dia a dia mesmo em meio a uma situa\u00e7\u00e3o emergencial. E sem deixar de lado seu compromisso com a defesa nacional.<\/p>\n<p class=\"my-5 break-words group-[.isActiveSource]:text-xl\">O condicionamento para uma vida sem sobressaltos mas sempre conectada aos cen\u00e1rios do cotidiano come\u00e7a cedo. Crian\u00e7as v\u00e3o para a escola sozinhas, a p\u00e9 ou de bicicleta. Elas s\u00e3o ensinadas que vivem em uma &#8220;sociedade segura&#8221;.<\/p>\n<p class=\"my-5 break-words group-[.isActiveSource]:text-xl\">As crian\u00e7as mais velhas s\u00e3o informadas sobre como identificar campanhas de desinforma\u00e7\u00e3o online, as conhecidas\u00a0<em class=\"group-[.isActiveSource]:text-xl\">fake news<\/em>. Isso criou uma situa\u00e7\u00e3o interessante: os finlandeses s\u00e3o considerados os europeus que menos acreditam em not\u00edcias falsas e os que menos compartilham tais tipos de mensagens. Al\u00e9m disso, s\u00e3o os que mais confiam no jornalismo do seu pa\u00eds.<\/p>\n<p class=\"my-5 break-words group-[.isActiveSource]:text-xl\">Ap\u00f3s a formatura, os jovens est\u00e3o sujeitos ao recrutamento militar e um n\u00famero crescente de mo\u00e7as se alista voluntariamente. Uma pesquisa mostrou que quase 80% dos finlandeses pegariam em armas para defender seu pa\u00eds &#8220;mesmo que o resultado parecesse incerto&#8221;. Esse percentual \u00e9 significativamente maior do que na maioria dos pa\u00edses europeus (no outro extremo est\u00e1 a It\u00e1lia, onde apenas 14% dos entrevistados se ofereceriam para o combate).<\/p>\n<p class=\"my-5 break-words group-[.isActiveSource]:text-xl\">Embora Helsinki mantenha a filosofia \u201c<em class=\"group-[.isActiveSource]:text-xl\">sisu<\/em>\u201d sempre viva, o presidente Alexander Stubb n\u00e3o se mostra especialmente otimista em rela\u00e7\u00e3o a poss\u00edveis di\u00e1logos e entendimentos no ambiente global desses primeiros meses do ano.<\/p>\n<p class=\"my-5 break-words group-[.isActiveSource]:text-xl\">\u201cO problema com o mundo transacional que vemos hoje \u00e9 que a diplomacia n\u00e3o \u00e9 entendida como uma situa\u00e7\u00e3o em que todos ganham\u201d, disse ele recentemente.<\/p>\n<p class=\"my-5 break-words group-[.isActiveSource]:text-xl\">Em vez disso, \u201c\u00e9 vista como uma esp\u00e9cie de jogo de ganha-perde ou de soma zero \u2014 e quando \u00e9 de soma zero, \u00e9 muito dif\u00edcil fazer com que a paz perdure\u201d.<\/p>\n<p>Fonte: CNN<\/p>\n<\/div>\n","protected":false},"excerpt":{"rendered":"<p>Finl\u00e2ndia \u00e9 estimulante ponto fora da curva num mundo em conflito Com t\u00edpica sinceridade n\u00f3rdica, presidente do pa\u00eds vocaliza sua<\/p>\n","protected":false},"author":1,"featured_media":13456,"comment_status":"open","ping_status":"open","sticky":false,"template":"","format":"standard","meta":{"colormag_page_container_layout":"default_layout","colormag_page_sidebar_layout":"default_layout","footnotes":""},"categories":[91],"tags":[],"class_list":["post-13454","post","type-post","status-publish","format-standard","has-post-thumbnail","hentry","category-mundo"],"_links":{"self":[{"href":"http:\/\/metropoleemfoco.com.br\/index.php?rest_route=\/wp\/v2\/posts\/13454","targetHints":{"allow":["GET"]}}],"collection":[{"href":"http:\/\/metropoleemfoco.com.br\/index.php?rest_route=\/wp\/v2\/posts"}],"about":[{"href":"http:\/\/metropoleemfoco.com.br\/index.php?rest_route=\/wp\/v2\/types\/post"}],"author":[{"embeddable":true,"href":"http:\/\/metropoleemfoco.com.br\/index.php?rest_route=\/wp\/v2\/users\/1"}],"replies":[{"embeddable":true,"href":"http:\/\/metropoleemfoco.com.br\/index.php?rest_route=%2Fwp%2Fv2%2Fcomments&post=13454"}],"version-history":[{"count":1,"href":"http:\/\/metropoleemfoco.com.br\/index.php?rest_route=\/wp\/v2\/posts\/13454\/revisions"}],"predecessor-version":[{"id":13457,"href":"http:\/\/metropoleemfoco.com.br\/index.php?rest_route=\/wp\/v2\/posts\/13454\/revisions\/13457"}],"wp:featuredmedia":[{"embeddable":true,"href":"http:\/\/metropoleemfoco.com.br\/index.php?rest_route=\/wp\/v2\/media\/13456"}],"wp:attachment":[{"href":"http:\/\/metropoleemfoco.com.br\/index.php?rest_route=%2Fwp%2Fv2%2Fmedia&parent=13454"}],"wp:term":[{"taxonomy":"category","embeddable":true,"href":"http:\/\/metropoleemfoco.com.br\/index.php?rest_route=%2Fwp%2Fv2%2Fcategories&post=13454"},{"taxonomy":"post_tag","embeddable":true,"href":"http:\/\/metropoleemfoco.com.br\/index.php?rest_route=%2Fwp%2Fv2%2Ftags&post=13454"}],"curies":[{"name":"wp","href":"https:\/\/api.w.org\/{rel}","templated":true}]}}