{"id":13447,"date":"2026-03-16T06:00:19","date_gmt":"2026-03-16T09:00:19","guid":{"rendered":"http:\/\/metropoleemfoco.com.br\/?p=13447"},"modified":"2026-03-15T20:19:06","modified_gmt":"2026-03-15T23:19:06","slug":"13447","status":"publish","type":"post","link":"http:\/\/metropoleemfoco.com.br\/?p=13447","title":{"rendered":""},"content":{"rendered":"<div class=\"mc-article-header\">\n<div class=\"row content-head mc-column non-featured \">\n<div class=\"title\" data-block-type=\"title\" data-block-id=\"0\">\n<h1 class=\"content-head__title\">Duda e Ana Patr\u00edcia conquistam a prata na etapa Jo\u00e3o Pessoa do Circuito Mundial v\u00f4lei de praia<\/h1>\n<\/div>\n<div class=\"medium-centered subtitle\">\n<h2 class=\"content-head__subtitle\">Campe\u00e3s ol\u00edmpicas s\u00e3o derrotadas por americanas Cruz e Brasher e fecham primeira etapa do ano do Elite 16 com a segunda coloca\u00e7\u00e3o<\/h2>\n<\/div>\n<\/div>\n<div class=\"content__signa-share mc-column\">\n<div class=\"content__signature\">\n<div class=\"content-publication-data\">\n<div class=\"content-publication-data__text\">\n<p class=\"content-publication-data__from\" title=\"Reda\u00e7\u00e3o do ge\">Por Reda\u00e7\u00e3o do ge\u00a0\u2014 Jo\u00e3o Pessoa<\/p>\n<\/div>\n<\/div>\n<\/div>\n<\/div>\n<div class=\"glb-share-bar content__share-bar\">\n<div class=\"glb-share-bar_icons\">\n<div class=\"glb-share-bar_button-img\"><\/div>\n<div class=\"glb-share-bar_button-img\"><\/div>\n<div class=\"glb-share-bar_button-img\"><\/div>\n<\/div>\n<\/div>\n<hr class=\"content__divider \" \/>\n<\/div>\n<div class=\"mc-article-body\">\n<article>\n<div id=\"chunk-5g7gs\">\n<div class=\"cxm-block-video content-media mc-column \" data-block-type=\"backstage-video\" data-block-id=\"1\">\n<div class=\"cxm-block-video__container \">\n<div class=\"cxm-block-video__player-fixer\">\n<article class=\"cxm-block-video__player-wrapper\">\n<section class=\"cxm-block-video__player\">\n<div class=\"cxm-block-video__placeholder\" data-video-id=\"14432293\"><img decoding=\"async\" class=\"cxm-block-video__thumb\" title=\"Duda e Ana Patr\u00edcia conquistam medalha de prata no Circuito Mundial de V\u00f4lei de Praia\" src=\"https:\/\/s02.video.glbimg.com\/x240\/14432293.jpg\" alt=\"Duda e Ana Patr\u00edcia conquistam medalha de prata no Circuito Mundial de V\u00f4lei de Praia\" \/><\/div>\n<\/section>\n<\/article>\n<\/div>\n<div class=\"cxm-block-video__caption-container\">\n<p class=\"codex-caption codex-caption--small\">Duda e Ana Patr\u00edcia conquistam medalha de prata no Circuito Mundial de V\u00f4lei de Praia<\/p>\n<\/div>\n<\/div>\n<\/div>\n<\/div>\n<div id=\"chunk-2vgtg\">\n<div class=\"mc-column content-text active-extra-styles \" data-block-type=\"unstyled\" data-block-weight=\"50\" data-block-id=\"2\">\n<p class=\" content-text__container \" data-track-category=\"Link no Texto\" data-track-links=\"\" data-mrf-recirculation=\"Artigo - Link no Texto\">Terminou a primeira etapa do Elite 16 do Circuito Mundial de v\u00f4lei de praia para o Brasil. E na decis\u00e3o do feminino, as campe\u00e3s ol\u00edmpicas Duda e Ana Patr\u00edcia acabaram derrotadas pelas americanas Cruz e Brasher e ficaram com a segunda coloca\u00e7\u00e3o na disputa pelo lugar mais alto do p\u00f3dio.<\/p>\n<\/div>\n<\/div>\n<div class=\"wall protected-content\">\n<div id=\"chunk-7j0dg\">\n<div class=\"row medium-uncollapsed content-media content-photo\" data-block-type=\"backstage-photo\" data-block-id=\"4\">\n<div class=\" mc-column  content-media__container\">\n<div class=\"content-media-container glb-skeleton-box\">\n<figure class=\"content-media-figure\"><img decoding=\"async\" class=\"i-amphtml-fill-content i-amphtml-replaced-content\" src=\"https:\/\/s2-ge.glbimg.com\/uSRaSW4BNGfo2B4KrmJWykZ4l8o=\/0x0:1200x800\/984x0\/smart\/filters:strip_icc()\/i.s3.glbimg.com\/v1\/AUTH_bc8228b6673f488aa253bbcb03c80ec5\/internal_photos\/bs\/2026\/c\/o\/lrKugiTAyw7jiL3fNpPA\/duda-e-ana-patricia-circuito-mundial-de-volei-de-praia-joao-pessoa.jpg\" sizes=\"(max-width: 1600px) 648px, 100vw\" srcset=\"https:\/\/s2-ge.glbimg.com\/9P4iPIS3ABbyhYS5yEmE07EASrU=\/0x0:1200x800\/1000x0\/smart\/filters:strip_icc()\/i.s3.glbimg.com\/v1\/AUTH_bc8228b6673f488aa253bbcb03c80ec5\/internal_photos\/bs\/2026\/c\/o\/lrKugiTAyw7jiL3fNpPA\/duda-e-ana-patricia-circuito-mundial-de-volei-de-praia-joao-pessoa.jpg 1000w, https:\/\/s2-ge.glbimg.com\/uSRaSW4BNGfo2B4KrmJWykZ4l8o=\/0x0:1200x800\/984x0\/smart\/filters:strip_icc()\/i.s3.glbimg.com\/v1\/AUTH_bc8228b6673f488aa253bbcb03c80ec5\/internal_photos\/bs\/2026\/c\/o\/lrKugiTAyw7jiL3fNpPA\/duda-e-ana-patricia-circuito-mundial-de-volei-de-praia-joao-pessoa.jpg 984w, https:\/\/s2-ge.glbimg.com\/uyeeKAglKX6QwuM40gmbZIbEqlI=\/0x0:1200x800\/640x0\/smart\/filters:strip_icc()\/i.s3.glbimg.com\/v1\/AUTH_bc8228b6673f488aa253bbcb03c80ec5\/internal_photos\/bs\/2026\/c\/o\/lrKugiTAyw7jiL3fNpPA\/duda-e-ana-patricia-circuito-mundial-de-volei-de-praia-joao-pessoa.jpg 640w, https:\/\/s2-ge.glbimg.com\/3RqYBjs5f9TCF_6yEKiFBjruOqI=\/0x0:1200x800\/600x0\/smart\/filters:strip_icc()\/i.s3.glbimg.com\/v1\/AUTH_bc8228b6673f488aa253bbcb03c80ec5\/internal_photos\/bs\/2026\/c\/o\/lrKugiTAyw7jiL3fNpPA\/duda-e-ana-patricia-circuito-mundial-de-volei-de-praia-joao-pessoa.jpg 600w\" alt=\"Duda e Ana Patr\u00edcia ficaram com a prata na disputa em Jo\u00e3o Pessoa \u2014 Foto: Cristiano Santos\/Beach Games Brazil\/CBV\" \/><\/figure>\n<\/div>\n<p class=\"content-media__description  \">Duda e Ana Patr\u00edcia ficaram com a prata na disputa em Jo\u00e3o Pessoa \u2014 Foto: Cristiano Santos\/Beach Games Brazil\/CBV<\/p>\n<\/div>\n<\/div>\n<\/div>\n<div id=\"chunk-2e41c\">\n<div class=\"mc-column content-text active-extra-styles \" data-block-type=\"unstyled\" data-block-weight=\"52\" data-block-id=\"6\">\n<p class=\" content-text__container \" data-track-category=\"Link no Texto\" data-track-links=\"\" data-mrf-recirculation=\"Artigo - Link no Texto\">Nas areias de Jo\u00e3o Pessoa, capital da Para\u00edba, Duda e Ana Patr\u00edcia contaram com o apoio da torcida, que lotou a arena para apoiar as campe\u00e3s ol\u00edmpicas em Paris. O jogo foi duro, mas as norte-americanas foram superiores, conseguindo a vit\u00f3ria por 2 sets a 0, com parciais de 16\/21 e 19\/21.<\/p>\n<\/div>\n<\/div>\n<div id=\"chunk-bh4f3\">\n<div class=\"cxm-block-video content-media mc-column \" data-block-type=\"backstage-video\" data-block-id=\"7\">\n<div class=\"cxm-block-video__container \">\n<div class=\"cxm-block-video__player-fixer\">\n<article class=\"cxm-block-video__player-wrapper\">\n<section class=\"cxm-block-video__player\">\n<div class=\"cxm-block-video__placeholder\" data-video-id=\"14432281\"><img decoding=\"async\" class=\"cxm-block-video__thumb\" title=\"Final Feminina do Circuito Mundial de V\u00f4lei de Praia 2\u00ba set - BRA 19 x 21 EUA\" src=\"https:\/\/s02.video.glbimg.com\/x240\/14432281.jpg\" alt=\"Final Feminina do Circuito Mundial de V\u00f4lei de Praia 2\u00ba set - BRA 19 x 21 EUA\" \/><\/div>\n<\/section>\n<\/article>\n<\/div>\n<div class=\"cxm-block-video__caption-container\">\n<p class=\"codex-caption codex-caption--small\">Final Feminina do Circuito Mundial de V\u00f4lei de Praia 2\u00ba set &#8211; BRA 19 x 21 EUA<\/p>\n<\/div>\n<\/div>\n<\/div>\n<\/div>\n<div id=\"chunk-9tcva\">\n<div class=\"mc-column content-text active-extra-styles \" data-block-type=\"unstyled\" data-block-weight=\"28\" data-block-id=\"8\">\n<p class=\" content-text__container \" data-track-category=\"Link no Texto\" data-track-links=\"\" data-mrf-recirculation=\"Artigo - Link no Texto\">O terceiro lugar tamb\u00e9m ficou com os Estados Unidos, com Kraft e Cheng, que bateram as italianas Scampoli e Bianchi, por 2 sets a 0 (22\/20 e 21\/12).<\/p>\n<\/div>\n<\/div>\n<div id=\"chunk-1o44\">\n<div class=\"mc-column content-text active-extra-styles\" data-block-type=\"raw\" data-block-weight=\"4\" data-block-id=\"9\">\n<div class=\"content-intertitle\">\n<h2>Vit\u00f3ria sueca no masculino<\/h2>\n<\/div>\n<\/div>\n<\/div>\n<div id=\"chunk-ekmtu\">\n<div class=\"mc-column content-text active-extra-styles \" data-block-type=\"unstyled\" data-block-weight=\"34\" data-block-id=\"10\">\n<p class=\" content-text__container \" data-track-category=\"Link no Texto\" data-track-links=\"\" data-mrf-recirculation=\"Artigo - Link no Texto\">No masculino, n\u00e3o teve p\u00f3dio para o Brasil. A medalha de ouro ficou com a dupla \u00c5hman e Hellvig, que bateu Daubas e Aye, da Fran\u00e7a, por 2 sets a 0 (21\/16 e 21\/18).<\/p>\n<\/div>\n<\/div>\n<div id=\"chunk-dkp7v\">\n<div class=\"cxm-block-video content-media mc-column \" data-block-type=\"backstage-video\" data-block-id=\"12\">\n<div class=\"cxm-block-video__container \">\n<div class=\"cxm-block-video__player-fixer\">\n<article class=\"cxm-block-video__player-wrapper\">\n<section class=\"cxm-block-video__player\">\n<div class=\"cxm-block-video__placeholder\" data-video-id=\"14432315\"><img decoding=\"async\" class=\"cxm-block-video__thumb\" title=\"Final Masculina do Circuito Mundial de V\u00f4lei de Praia 1\u00ba set - FRA 16 x 21 SUE\" src=\"https:\/\/s04.video.glbimg.com\/x240\/14432315.jpg\" alt=\"Final Masculina do Circuito Mundial de V\u00f4lei de Praia 1\u00ba set - FRA 16 x 21 SUE\" \/><\/div>\n<\/section>\n<\/article>\n<\/div>\n<div class=\"cxm-block-video__caption-container\">\n<p class=\"codex-caption codex-caption--small\">Final Masculina do Circuito Mundial de V\u00f4lei de Praia 1\u00ba set &#8211; FRA 16 x 21 SUE<\/p>\n<\/div>\n<\/div>\n<\/div>\n<\/div>\n<div id=\"chunk-5nmf1\">\n<div class=\"mc-column content-text active-extra-styles \" data-block-type=\"unstyled\" data-block-weight=\"24\" data-block-id=\"13\">\n<p class=\" content-text__container \" data-track-category=\"Link no Texto\" data-track-links=\"\" data-mrf-recirculation=\"Artigo - Link no Texto\">O terceiro lugar ficou com a dupla dos Estados Unidos, Crabb e Benesh, que venceu Evandro e Arthur Lanci por 2 sets a 0.<\/p>\n<\/div>\n<\/div>\n<div data-track-category=\"multicontent\" data-track-action=\"multicontent\" data-track-noninteraction=\"false\" data-track-scroll=\"ultimo chunk conteudo\" data-track-value=\"view\" data-mrf-recirculation=\"Artigo - Multicontent\">\n<div id=\"chunk-9v6gi\">\n<div class=\"mc-column content-text active-extra-styles \" data-block-type=\"unstyled\" data-block-weight=\"24\" data-block-id=\"14\">\n<p class=\" content-text__container \" data-track-category=\"Link no Texto\" data-track-links=\"\" data-mrf-recirculation=\"Artigo - Link no Texto\">Este foi a primeira etapa do Circuito Mundial de v\u00f4lei de praia em 2026, sendo a quarta vez que Jo\u00e3o Pessoa sedia a competi\u00e7\u00e3o.<\/p>\n<p>Fonte: Ge<\/p>\n<\/div>\n<\/div>\n<\/div>\n<\/div>\n<\/article>\n<\/div>\n","protected":false},"excerpt":{"rendered":"<p>Duda e Ana Patr\u00edcia conquistam a prata na etapa Jo\u00e3o Pessoa do Circuito Mundial v\u00f4lei de praia Campe\u00e3s ol\u00edmpicas s\u00e3o<\/p>\n","protected":false},"author":1,"featured_media":13452,"comment_status":"open","ping_status":"open","sticky":false,"template":"","format":"standard","meta":{"colormag_page_container_layout":"default_layout","colormag_page_sidebar_layout":"default_layout","footnotes":""},"categories":[102],"tags":[],"class_list":["post-13447","post","type-post","status-publish","format-standard","has-post-thumbnail","hentry","category-esportes"],"_links":{"self":[{"href":"http:\/\/metropoleemfoco.com.br\/index.php?rest_route=\/wp\/v2\/posts\/13447","targetHints":{"allow":["GET"]}}],"collection":[{"href":"http:\/\/metropoleemfoco.com.br\/index.php?rest_route=\/wp\/v2\/posts"}],"about":[{"href":"http:\/\/metropoleemfoco.com.br\/index.php?rest_route=\/wp\/v2\/types\/post"}],"author":[{"embeddable":true,"href":"http:\/\/metropoleemfoco.com.br\/index.php?rest_route=\/wp\/v2\/users\/1"}],"replies":[{"embeddable":true,"href":"http:\/\/metropoleemfoco.com.br\/index.php?rest_route=%2Fwp%2Fv2%2Fcomments&post=13447"}],"version-history":[{"count":1,"href":"http:\/\/metropoleemfoco.com.br\/index.php?rest_route=\/wp\/v2\/posts\/13447\/revisions"}],"predecessor-version":[{"id":13453,"href":"http:\/\/metropoleemfoco.com.br\/index.php?rest_route=\/wp\/v2\/posts\/13447\/revisions\/13453"}],"wp:featuredmedia":[{"embeddable":true,"href":"http:\/\/metropoleemfoco.com.br\/index.php?rest_route=\/wp\/v2\/media\/13452"}],"wp:attachment":[{"href":"http:\/\/metropoleemfoco.com.br\/index.php?rest_route=%2Fwp%2Fv2%2Fmedia&parent=13447"}],"wp:term":[{"taxonomy":"category","embeddable":true,"href":"http:\/\/metropoleemfoco.com.br\/index.php?rest_route=%2Fwp%2Fv2%2Fcategories&post=13447"},{"taxonomy":"post_tag","embeddable":true,"href":"http:\/\/metropoleemfoco.com.br\/index.php?rest_route=%2Fwp%2Fv2%2Ftags&post=13447"}],"curies":[{"name":"wp","href":"https:\/\/api.w.org\/{rel}","templated":true}]}}