{"id":13446,"date":"2026-03-16T06:00:18","date_gmt":"2026-03-16T09:00:18","guid":{"rendered":"http:\/\/metropoleemfoco.com.br\/?p=13446"},"modified":"2026-03-15T20:16:50","modified_gmt":"2026-03-15T23:16:50","slug":"13446","status":"publish","type":"post","link":"http:\/\/metropoleemfoco.com.br\/?p=13446","title":{"rendered":""},"content":{"rendered":"<div class=\"elementor-element elementor-element-634285d elementor-widget elementor-widget-theme-post-title elementor-page-title elementor-widget-heading\" data-id=\"634285d\" data-element_type=\"widget\" data-e-type=\"widget\" data-widget_type=\"theme-post-title.default\">\n<div class=\"elementor-widget-container\">\n<h1 class=\"elementor-heading-title elementor-size-default\">Patrim\u00f4nio imaterial do estado de S\u00e3o Paulo, Hip Hop tem ra\u00edzes no centro da capital paulista<\/h1>\n<\/div>\n<\/div>\n<div class=\"elementor-element elementor-element-7ee2b33 elementor-widget elementor-widget-heading\" data-id=\"7ee2b33\" data-element_type=\"widget\" data-e-type=\"widget\" data-widget_type=\"heading.default\">\n<div class=\"elementor-widget-container\">\n<h2 class=\"elementor-heading-title elementor-size-default\">Marco hist\u00f3rico e cultural, a ocupa\u00e7\u00e3o do centro nos anos 1980 consolidou o Hip Hop no Brasil<\/h2>\n<\/div>\n<\/div>\n<div class=\"elementor-element elementor-element-7368206 e-con-full e-flex e-con e-child\" data-id=\"7368206\" data-element_type=\"container\" data-e-type=\"container\">\n<div class=\"elementor-element elementor-element-cda0867 elementor-widget elementor-widget-post-info\" data-id=\"cda0867\" data-element_type=\"widget\" data-e-type=\"widget\" data-widget_type=\"post-info.default\">\n<div class=\"elementor-widget-container\">\n<p>&nbsp;<\/p>\n<ul class=\"elementor-inline-items elementor-icon-list-items elementor-post-info\">\n<li class=\"elementor-icon-list-item elementor-repeater-item-26df8d1 elementor-inline-item\"><span class=\"elementor-icon-list-text elementor-post-info__item elementor-post-info__item--type-custom\"><a href=\"https:\/\/www.brasildefato.com.br\/autores\/beatriz-drague-ramos\/\" rel=\"tag\">Beatriz Drague Ramos<\/a><\/span><\/li>\n<\/ul>\n<\/div>\n<\/div>\n<\/div>\n<div class=\"elementor-element elementor-element-233b008 elementor-widget elementor-widget-vapfem_audio_player\" data-id=\"233b008\" data-element_type=\"widget\" data-e-type=\"widget\" data-widget_type=\"vapfem_audio_player.default\">\n<div class=\"elementor-widget-container\"><\/div>\n<\/div>\n<div class=\"elementor-element elementor-element-ff6d543 elementor-widget elementor-widget-shortcode\" data-id=\"ff6d543\" data-element_type=\"widget\" data-e-type=\"widget\" data-widget_type=\"shortcode.default\">\n<div class=\"elementor-widget-container\">\n<div class=\"elementor-shortcode\"><img loading=\"lazy\" decoding=\"async\" class=\"attachment-post-thumbnail size-post-thumbnail not-transparent wp-post-image\" src=\"https:\/\/www.brasildefato.com.br\/wp-content\/uploads\/2026\/03\/Captura-de-tela-2026-03-13-105035.webp\" sizes=\"auto, (max-width: 1189px) 100vw, 1189px\" srcset=\"https:\/\/www.brasildefato.com.br\/wp-content\/uploads\/2026\/03\/Captura-de-tela-2026-03-13-105035.webp 1189w, https:\/\/www.brasildefato.com.br\/wp-content\/uploads\/2026\/03\/Captura-de-tela-2026-03-13-105035-300x203.webp 300w, https:\/\/www.brasildefato.com.br\/wp-content\/uploads\/2026\/03\/Captura-de-tela-2026-03-13-105035-1024x692.webp 1024w, https:\/\/www.brasildefato.com.br\/wp-content\/uploads\/2026\/03\/Captura-de-tela-2026-03-13-105035-768x519.webp 768w\" alt=\"Grupo Feminino: Buffalo Girls e Funk Cia, Rua 24 de Maio (1984)\" width=\"1189\" height=\"804\" data-has-transparency=\"false\" data-dominant-color=\"6b6570\" \/><\/div>\n<\/div>\n<\/div>\n<div class=\"elementor-element elementor-element-5703bbf elementor-widget elementor-widget-text-editor\" data-id=\"5703bbf\" data-element_type=\"widget\" data-e-type=\"widget\" data-widget_type=\"text-editor.default\">\n<div class=\"elementor-widget-container\">Grupo Feminino: Buffalo Girls e Funk Cia, Rua 24 de Maio (1984)\u00a0<span class=\"credit-separator\">|<\/span>\u00a0<span class=\"image-credit\">Cr\u00e9dito: Orlando Brito\/Abril Comunica\u00e7\u00f5es S.A<\/span><\/div>\n<\/div>\n<div class=\"elementor-element elementor-element-8136daa elementor-widget elementor-widget-theme-post-content\" data-id=\"8136daa\" data-element_type=\"widget\" data-e-type=\"widget\" data-widget_type=\"theme-post-content.default\">\n<div class=\"elementor-widget-container\">\n<p>Ponto de encontro para rappers, DJs e grafiteiros, o centro de S\u00e3o Paulo se consolidou como um dos locais propulsores do Hip Hop no Brasil. Foi nas ruas do Largo S\u00e3o Bento e na Rua 24 de Maio que o g\u00eanero musical urbano se\u00a0<a href=\"https:\/\/www.sescsp.org.br\/editorial\/cultura-hip-hop-resistencia-e-filosofia-das-ruas-os-anos-1980\/#:~:text=A%20hist%C3%B3ria%20do%20surgimento%20do,ser%20um%20espa%C3%A7o%20amplo%20para\" target=\"_blank\" rel=\"noreferrer noopener\">consolidou nos anos de 1980<\/a>, atraindo jovens das periferias da capital paulista, que al\u00e9m de buscarem um local para cantar tamb\u00e9m procuravam ch\u00e3os lisos para dan\u00e7ar break.<\/p>\n<p>Os jovens se reuniam na parte externa da esta\u00e7\u00e3o S\u00e3o Bento para expressar a arte por meio da dan\u00e7a. No espa\u00e7o amplo, tamb\u00e9m cantavam rap junto ao ritmo do boombox e toca discos, instrumentos de simbologia forte na cultura Hip Hop.<\/p>\n<p>Influenciados por manifesta\u00e7\u00f5es art\u00edsticas que chegavam ao Brasil via videoclipes e produ\u00e7\u00f5es cinematogr\u00e1ficas dos Estados Unidos, os precursores Nelson Triunfo, Tha\u00edde e DJ Hum fizeram desses locais verdadeiros pontos de refer\u00eancia da\u00a0<a href=\"https:\/\/www.brasildefato.com.br\/2025\/05\/20\/movimento-negro-conquista-mecanismo-proprio-para-discussao-racial-na-onu\/\">cultura negra<\/a>\u00a0na cidade, ajudando assim a consolidar os quatro elementos do<a href=\"https:\/\/www.brasildefato.com.br\/2026\/02\/26\/museu-da-cultura-hip-hop-rs-sera-tema-da-escola-realeza-no-carnaval-de-porto-alegre-2026\/\" data-type=\"post\" data-id=\"932002\">\u00a0Hip Hop<\/a>: o Breaking, DJ, MC e Graffiti.<\/p>\n<p>O centro da capital paulista j\u00e1 era, tamb\u00e9m, uma refer\u00eancia para compras e ponto de converg\u00eancia para fam\u00edlias de todas as periferias.<\/p>\n<p>A artista e rapper Rose MC recorda que o deslocamento at\u00e9 o centro era um evento para a aquisi\u00e7\u00e3o de produtos em lojas como a Mappin, Mesbla e Sears.\u00a0 \u201cPara n\u00f3s era um grande evento familiar vir at\u00e9 o centro da cidade, principalmente na \u00e9poca do Natal, para fazer as compras, pois n\u00e3o existia um shopping center\u201d, conta.<\/p>\n<p>Rose MC relata que, em 1984, ia \u00e0s salas de cinema no centro para assistir \u00e0s sess\u00f5es do filme \u201cBeat Street\u201d. Nos intervalos, conta, o p\u00fablico se reunia nas \u00e1reas comuns para reproduzir movimentos vistos na tela do cinema.<\/p>\n<p>Antes da ocupa\u00e7\u00e3o da esta\u00e7\u00e3o S\u00e3o Bento, o breaking ocupava a esquina da rua 24 de Maio com a rua Dom Jos\u00e9 de Barros. \u201cEu chegava no cinema e ficava assistindo quatro, cinco ou seis sess\u00f5es e, nos intervalos, a gente ia para a \u00e1rea em comum e as pessoas ficavam dan\u00e7ando para tentar pegar os passos do filme. Essa \u00e9 uma das rela\u00e7\u00f5es com o centro da cidade\u201d, afirma Rose MC.<\/p>\n<p>Hoje aos 62 anos, ela tamb\u00e9m se recorda de quando participou dos atos pelas Diretas J\u00e1 no Anhangaba\u00fa. \u201cS\u00e3o as lembran\u00e7as que eu mais tenho dessa \u00e9poca dos anos 1980 no centro da cidade.\u201d<\/p>\n<p>Para ela, o centro teve papel fundamental na constru\u00e7\u00e3o do g\u00eanero musical por conta da roda que Nelson Triunfo fazia na esquina da Dom Jos\u00e9 com a 24 de Maio. \u201cFoi dali que muitas pessoas passaram a dan\u00e7ar, se conhecer e se encontrar\u201d. A MC cita \u201cAlan Beat, Rooney, Ricardinho e todos do Funk Cia que se encontravam ali\u201d.<\/p>\n<p>\u201cO centro da cidade tinha essa quest\u00e3o de divulgar a dan\u00e7a e unir as pessoas\u201d, refor\u00e7a.<\/p>\n<figure class=\"wp-block-image size-large\"><img loading=\"lazy\" decoding=\"async\" class=\"wp-image-939103 not-transparent\" src=\"https:\/\/www.brasildefato.com.br\/wp-content\/uploads\/2026\/03\/SnapInsta.to_626413932_17890901394412833_5775078583654748732_n-820x1024.webp\" sizes=\"auto, (max-width: 820px) 100vw, 820px\" srcset=\"https:\/\/www.brasildefato.com.br\/wp-content\/uploads\/2026\/03\/SnapInsta.to_626413932_17890901394412833_5775078583654748732_n-820x1024.webp 820w, https:\/\/www.brasildefato.com.br\/wp-content\/uploads\/2026\/03\/SnapInsta.to_626413932_17890901394412833_5775078583654748732_n-240x300.webp 240w, https:\/\/www.brasildefato.com.br\/wp-content\/uploads\/2026\/03\/SnapInsta.to_626413932_17890901394412833_5775078583654748732_n-768x959.webp 768w, https:\/\/www.brasildefato.com.br\/wp-content\/uploads\/2026\/03\/SnapInsta.to_626413932_17890901394412833_5775078583654748732_n.webp 1080w\" alt=\"\" width=\"820\" height=\"1024\" data-dominant-color=\"7a7462\" data-has-transparency=\"false\" \/><figcaption class=\"wp-element-caption\">Instala\u00e7\u00e3o da esta\u00e7\u00e3o de metr\u00f4 S\u00e3o Bento na exposi\u00e7\u00e3o HIP-HOP 80\u2019sp \u2013 S\u00e3o Paulo na Onda do Break. Cr\u00e9ditos: @hiphop80sp<\/figcaption><\/figure>\n<p>A migra\u00e7\u00e3o dos dan\u00e7arinos para a esta\u00e7\u00e3o S\u00e3o Bento ocorreu ap\u00f3s o grupo liderado por Nelson Triunfo, o Funk e Cia, deixar a 24 de Maio. Na nova localiza\u00e7\u00e3o, o movimento dividiu espa\u00e7o com os punks, estabelecendo ali um ponto de refer\u00eancia para os quatro elementos da cultura.<\/p>\n<p>Sharylaine, que iniciou sua trajet\u00f3ria em bailes na zona leste, passou a frequentar o centro acompanhando gangues de breaking, como a Na\u00e7\u00e3o Zulu, que utilizavam o local para treinos e disputas. Para ela, o centro se consolidou como um territ\u00f3rio de identidade e um ponto de trocas em um per\u00edodo sem recursos digitais para comunica\u00e7\u00e3o.<\/p>\n<p>\u201cEra mais f\u00e1cil dizer para algu\u00e9m que \u00e9 l\u00e1 de Parelheiros, da Cidade Tiradentes ou de Pirituba que se encontrasse no centro para garantir que as pessoas pudessem chegar, para n\u00e3o ter que fazer \u00e0s vezes um trajeto de um extremo ao outro\u201d, explica Sharylaine. \u201cOs pontos de clubes de rap, a maioria deles, ocorriam no centro da cidade, embora tivessem alguns descentralizados. Assim, voc\u00ea conhecia as pessoas que eram de outras regi\u00f5es tamb\u00e9m fazendo a mesma coisa que voc\u00ea estava fazendo\u201d, complementa.<\/p>\n<figure class=\"wp-block-image size-large\"><img loading=\"lazy\" decoding=\"async\" class=\"wp-image-939082 not-transparent\" src=\"https:\/\/www.brasildefato.com.br\/wp-content\/uploads\/2026\/03\/Captura-de-tela-2026-03-13-105101-1024x681.webp\" sizes=\"auto, (max-width: 1024px) 100vw, 1024px\" srcset=\"https:\/\/www.brasildefato.com.br\/wp-content\/uploads\/2026\/03\/Captura-de-tela-2026-03-13-105101-1024x681.webp 1024w, https:\/\/www.brasildefato.com.br\/wp-content\/uploads\/2026\/03\/Captura-de-tela-2026-03-13-105101-300x199.webp 300w, https:\/\/www.brasildefato.com.br\/wp-content\/uploads\/2026\/03\/Captura-de-tela-2026-03-13-105101-768x510.webp 768w, https:\/\/www.brasildefato.com.br\/wp-content\/uploads\/2026\/03\/Captura-de-tela-2026-03-13-105101.webp 1139w\" alt=\"\" width=\"1024\" height=\"681\" data-dominant-color=\"3a332b\" data-has-transparency=\"false\" \/><figcaption class=\"wp-element-caption\">Sharylaine e DJ Quetry (1989). Cr\u00e9ditos: acervo pessoal Sharylaine.<\/figcaption><\/figure>\n<p>Ao longo das d\u00e9cadas, outros pontos do centro passaram a fazer parte da ocupa\u00e7\u00e3o cultural. A Pra\u00e7a Roosevelt tornou-se reduto de rappers ap\u00f3s a morte de um MC, enquanto a regi\u00e3o da Liberdade abrigou o projeto de hip hop do<a href=\"https:\/\/www.brasildefato.com.br\/2018\/04\/03\/geledes-30-anos-de-amor-e-luta-pelos-direitos-das-mulheres-negras\/\">\u00a0Geled\u00e9s \u2014 Instituto da Mulher Negra<\/a>, coordenado por Solimar Carneiro, irm\u00e3 de Sueli Carneiro. \u201cA gente ficava ali na regi\u00e3o da Liberdade, primeiro na Pra\u00e7a Carlos Gomes e depois com a casa de Hip Hop na Rua Fagundes, mais pr\u00f3ximo da esta\u00e7\u00e3o S\u00e3o Joaquim\u201d, lembra Sharylaine.<\/p>\n<p>As semanas de Hip Hop passaram a fazer parte do calend\u00e1rio de algumas organiza\u00e7\u00f5es com sede no centro da cidade, como a A\u00e7\u00e3o Educativa na Vila Buarque. \u201cO centro foi sendo ocupado em v\u00e1rios pontos ao longo do tempo e eu estabeleci rela\u00e7\u00e3o com esses momentos, sejam de transi\u00e7\u00e3o ou de aquilombamento, nos v\u00e1rios pontos do centro da cidade de S\u00e3o Paulo.\u201d<\/p>\n<p>Sharylaine participou da colet\u00e2nea Consci\u00eancia Black Vol.1 com a faixa \u201cNossos Dias\u201d, sendo a \u00fanica presen\u00e7a feminina em um disco que lan\u00e7ou os Racionais MC\u2019s.<\/p>\n<p><strong>Hip Hop: patrim\u00f4nio imaterial\u00a0<\/strong><\/p>\n<p>Em 2024, a cultura Hip Hop recebeu o t\u00edtulo de Patrim\u00f4nio Cultural Imaterial do Estado de S\u00e3o Paulo. O marco se deu a partir da san\u00e7\u00e3o da Lei n\u00ba 17.896\/2024, cujo projeto original partiu da deputada estadual Leci Brand\u00e3o (PCdoB).<\/p>\n<p>Leci destaca a relev\u00e2ncia sociocultural do movimento e sua capacidade de forma\u00e7\u00e3o social para jovens. \u201cLutar pela sua valoriza\u00e7\u00e3o e fortalecimento \u00e9 lutar pelo nosso povo e pelas nossas conquistas\u201d, declara a parlamentar.<\/p>\n<p>Ela conta que \u00e9 grande admiradora do g\u00eanero que, segundo ela, traz identifica\u00e7\u00e3o e contribui\u00e7\u00e3o, em especial com os jovens da periferia. \u201cEu vejo o Hip Hop e a cultura sendo feita por eles nas quebradas, promovendo oficinas culturais, cidadania e, desde o in\u00edcio, eu tenho essa rela\u00e7\u00e3o direta de meu mandato junto com esses manos e minas do Hip Hop. Eu sou sabedora da relev\u00e2ncia e import\u00e2ncia s\u00f3cio cultural do Hip Hop. Sei tamb\u00e9m que o Estado de S\u00e3o Paulo \u00e9 um dos ber\u00e7os do movimento no Brasil.\u201d<\/p>\n<figure class=\"wp-block-image size-large\"><img loading=\"lazy\" decoding=\"async\" class=\"wp-image-939083 not-transparent\" src=\"https:\/\/www.brasildefato.com.br\/wp-content\/uploads\/2026\/03\/estacao-sao-bento-1024x526.webp\" sizes=\"auto, (max-width: 1024px) 100vw, 1024px\" srcset=\"https:\/\/www.brasildefato.com.br\/wp-content\/uploads\/2026\/03\/estacao-sao-bento-1024x526.webp 1024w, https:\/\/www.brasildefato.com.br\/wp-content\/uploads\/2026\/03\/estacao-sao-bento-300x154.webp 300w, https:\/\/www.brasildefato.com.br\/wp-content\/uploads\/2026\/03\/estacao-sao-bento-768x394.webp 768w, https:\/\/www.brasildefato.com.br\/wp-content\/uploads\/2026\/03\/estacao-sao-bento.webp 1176w\" alt=\"\" width=\"1024\" height=\"526\" data-dominant-color=\"9d9d9d\" data-has-transparency=\"false\" \/><figcaption class=\"wp-element-caption\">Esta\u00e7\u00e3o S\u00e3o Bento: Marcos Telesforo, Fernando, DJ Hum, Tha\u00edde, Who e Marcelo (1987 ou 1988). Cr\u00e9ditos: S\u00e9rgio Amaral\/Estad\u00e3o Conte\u00fado \/ Exposi\u00e7\u00e3o \u201cHip-Hop 80\u2019sp \u2013 S\u00e3o Paulo na Onda do Break\u201d.<\/figcaption><\/figure>\n<p>Atualmente,\u00a0<a href=\"https:\/\/www.sescsp.org.br\/editorial\/hip-hop-80sp-sao-paulo-na-onda-do-break\/\" target=\"_blank\" rel=\"noreferrer noopener\">a exposi\u00e7\u00e3o \u201cHip-Hop 80\u2019sp \u2013 S\u00e3o Paulo na Onda do Break\u201d<\/a>\u00a0que tem Sharylaine e Rose na curadoria, junto a OSGEMEOS, Rooneyoyo O Guardi\u00e3o, KL Jay, Tha\u00edde e ALAM Beat \u00e9 dedicada \u00e0 mem\u00f3ria do g\u00eanero. Realizada no Sesc 24 de Maio, a mostra resgata tamb\u00e9m a trajet\u00f3ria de diversos artistas.<\/p>\n<p>Para Rose MC, essas iniciativas permitem que pioneiros e o p\u00fablico compreendam seu papel na constru\u00e7\u00e3o hist\u00f3rica da cultura. \u201cPessoas que s\u00e3o da cultura, mas que por algum motivo se afastaram, podem ver que elas fazem parte da constru\u00e7\u00e3o dessa hist\u00f3ria. Isso \u00e9 bom para o conhecimento e para a autoestima das pessoas. \u00c9 extremamente emocionante ver as pessoas virem com fam\u00edlias que nem sabiam que essas pessoas dan\u00e7avam, tocavam ou faziam algum grafite.\u201d<\/p>\n<figure class=\"wp-block-image size-full\"><img loading=\"lazy\" decoding=\"async\" class=\"wp-image-939100 not-transparent\" src=\"https:\/\/www.brasildefato.com.br\/wp-content\/uploads\/2026\/03\/SnapInsta.to_625114523_17890901517412833_3277784316147984549_n.webp\" sizes=\"auto, (max-width: 979px) 100vw, 979px\" srcset=\"https:\/\/www.brasildefato.com.br\/wp-content\/uploads\/2026\/03\/SnapInsta.to_625114523_17890901517412833_3277784316147984549_n.webp 979w, https:\/\/www.brasildefato.com.br\/wp-content\/uploads\/2026\/03\/SnapInsta.to_625114523_17890901517412833_3277784316147984549_n-300x229.webp 300w, https:\/\/www.brasildefato.com.br\/wp-content\/uploads\/2026\/03\/SnapInsta.to_625114523_17890901517412833_3277784316147984549_n-768x585.webp 768w\" alt=\"\" width=\"979\" height=\"746\" data-dominant-color=\"746f88\" data-has-transparency=\"false\" \/><figcaption class=\"wp-element-caption\">Curadores da exposi\u00e7\u00e3o \u201cHip-Hop 80\u2019sp \u2013 S\u00e3o Paulo na Onda do Break\u201d. Cr\u00e9ditos: @hiphop80sp<\/figcaption><\/figure>\n<p>Para ela, a exposi\u00e7\u00e3o proporcionou o reconhecimento da cultura Hip Hop no Brasil e fez com que essas pessoas, independentemente de terem feito sucesso ou estarem hoje na m\u00eddia, pudessem ter essa certeza de que fazem parte da constru\u00e7\u00e3o do Hip Hop no Brasil. \u201cA import\u00e2ncia dessa exposi\u00e7\u00e3o \u00e9 realizar sonhos e deixar muitas pessoas felizes sabendo que o que fizeram na sua juventude est\u00e1 vivo at\u00e9 hoje e tem que ser passado para as pr\u00f3ximas gera\u00e7\u00f5es.\u201d<\/p>\n<p>Sharylaine refor\u00e7a que tais mostras promovem uma reconex\u00e3o geracional, permitindo que fam\u00edlias compartilhem viv\u00eancias da juventude com novas gera\u00e7\u00f5es. \u201cEsse papel de reconex\u00e3o e de trazer essas mem\u00f3rias e viv\u00eancias desses part\u00edcipes da cultura \u00e9 algo que vai al\u00e9m do educativo\u201d, diz Sharylaine.<\/p>\n<p>\u201c\u00c9 a quest\u00e3o de tocar as pessoas e de se emocionar. Mesmo as pessoas que n\u00e3o foram protagonistas se sentem parte. Eu diria at\u00e9, e sou suspeita para falar, que a exposi\u00e7\u00e3o que era para ser uma simples exposi\u00e7\u00e3o alcan\u00e7ou o que a gente n\u00e3o imaginava, que \u00e9 mexer com o emocional, com a hist\u00f3ria e com as lembran\u00e7as das pessoa\u201d, conclui a artista e curadora.<\/p>\n<p><strong>Servi\u00e7o:<br \/>\n<\/strong>Exposi\u00e7\u00e3o: HIP-HOP 80\u2019sp \u2013 S\u00e3o Paulo na Onda do Break<br \/>\nCuradoria: OSGEMEOS, Rooneyoyo O Guardi\u00e3o, KL Jay, Tha\u00edde, Sharylaine, ALAM Beat e Rose MC<br \/>\nPer\u00edodo expositivo: 24 de julho de 2025 a 29 de mar\u00e7o de 2026<br \/>\nHor\u00e1rio de funcionamento: ter\u00e7a a s\u00e1bado, das 9h \u00e0s 21h; domingos e feriados, das 9h \u00e0s 18h<br \/>\nLocal: Sesc 24 de Maio \u2013 Rua 24 de Maio, 109 \u2013 Rep\u00fablica, S\u00e3o Paulo (SP)<br \/>\nClassifica\u00e7\u00e3o Livre | Entrada gratuita<\/p>\n<\/div>\n<\/div>\n<div class=\"elementor-element elementor-element-6950de8 elementor-widget elementor-widget-text-editor\" data-id=\"6950de8\" data-element_type=\"widget\" data-e-type=\"widget\" data-widget_type=\"text-editor.default\">\n<div class=\"elementor-widget-container\">Editado por:\u00a0Nathallia Fonseca<\/p>\n<p>Fonte: Brasil de Fato<\/p><\/div>\n<\/div>\n","protected":false},"excerpt":{"rendered":"<p>Patrim\u00f4nio imaterial do estado de S\u00e3o Paulo, Hip Hop tem ra\u00edzes no centro da capital paulista Marco hist\u00f3rico e cultural,<\/p>\n","protected":false},"author":1,"featured_media":13450,"comment_status":"open","ping_status":"open","sticky":false,"template":"","format":"standard","meta":{"colormag_page_container_layout":"default_layout","colormag_page_sidebar_layout":"default_layout","footnotes":""},"categories":[99],"tags":[],"class_list":["post-13446","post","type-post","status-publish","format-standard","has-post-thumbnail","hentry","category-sp"],"_links":{"self":[{"href":"http:\/\/metropoleemfoco.com.br\/index.php?rest_route=\/wp\/v2\/posts\/13446","targetHints":{"allow":["GET"]}}],"collection":[{"href":"http:\/\/metropoleemfoco.com.br\/index.php?rest_route=\/wp\/v2\/posts"}],"about":[{"href":"http:\/\/metropoleemfoco.com.br\/index.php?rest_route=\/wp\/v2\/types\/post"}],"author":[{"embeddable":true,"href":"http:\/\/metropoleemfoco.com.br\/index.php?rest_route=\/wp\/v2\/users\/1"}],"replies":[{"embeddable":true,"href":"http:\/\/metropoleemfoco.com.br\/index.php?rest_route=%2Fwp%2Fv2%2Fcomments&post=13446"}],"version-history":[{"count":1,"href":"http:\/\/metropoleemfoco.com.br\/index.php?rest_route=\/wp\/v2\/posts\/13446\/revisions"}],"predecessor-version":[{"id":13451,"href":"http:\/\/metropoleemfoco.com.br\/index.php?rest_route=\/wp\/v2\/posts\/13446\/revisions\/13451"}],"wp:featuredmedia":[{"embeddable":true,"href":"http:\/\/metropoleemfoco.com.br\/index.php?rest_route=\/wp\/v2\/media\/13450"}],"wp:attachment":[{"href":"http:\/\/metropoleemfoco.com.br\/index.php?rest_route=%2Fwp%2Fv2%2Fmedia&parent=13446"}],"wp:term":[{"taxonomy":"category","embeddable":true,"href":"http:\/\/metropoleemfoco.com.br\/index.php?rest_route=%2Fwp%2Fv2%2Fcategories&post=13446"},{"taxonomy":"post_tag","embeddable":true,"href":"http:\/\/metropoleemfoco.com.br\/index.php?rest_route=%2Fwp%2Fv2%2Ftags&post=13446"}],"curies":[{"name":"wp","href":"https:\/\/api.w.org\/{rel}","templated":true}]}}